{"id":127,"date":"2025-01-11T13:00:29","date_gmt":"2025-01-11T12:00:29","guid":{"rendered":"https:\/\/lavoiedessansvoix.fr\/lavoie\/?p=127"},"modified":"2026-04-26T14:19:15","modified_gmt":"2026-04-26T12:19:15","slug":"mon-pere-sappelait-patrick","status":"publish","type":"post","link":"https:\/\/lavoiedessansvoix.fr\/lavoie\/2025\/01\/11\/mon-pere-sappelait-patrick\/","title":{"rendered":"MON P\u00c8RE S\u2019APPELAIT PATRICK"},"content":{"rendered":"\n<figure class=\"wp-block-image size-full\"><img decoding=\"async\" width=\"800\" height=\"450\" src=\"https:\/\/lavoiedessansvoix.fr\/lavoie\/wp-content\/uploads\/2025\/01\/recadrage-photo-verticale-3-679cd9a172245930076398.webp\" alt=\"\" class=\"wp-image-140\" srcset=\"https:\/\/lavoiedessansvoix.fr\/lavoie\/wp-content\/uploads\/2025\/01\/recadrage-photo-verticale-3-679cd9a172245930076398.webp 800w, https:\/\/lavoiedessansvoix.fr\/lavoie\/wp-content\/uploads\/2025\/01\/recadrage-photo-verticale-3-679cd9a172245930076398-300x169.webp 300w, https:\/\/lavoiedessansvoix.fr\/lavoie\/wp-content\/uploads\/2025\/01\/recadrage-photo-verticale-3-679cd9a172245930076398-768x432.webp 768w\" sizes=\"(max-width: 800px) 100vw, 800px\" \/><\/figure>\n\n\n\n<p>(A propos des bacchanales sur la d\u00e9pouille de Jean-Marie Le Pen)<\/p>\n\n\n\n<p>C\u2019\u00e9tait son nom dans la R\u00e9sistance, et c\u2019est la raison pour laquelle ce pr\u00e9nom me fut donn\u00e9 \u00e0 la naissance. Il semblerait que j\u2019ai h\u00e9rit\u00e9 du nom et de l\u2019esprit de r\u00e9sistance de mon p\u00e8re. Oui je suis&nbsp;: \u00ab&nbsp;un r\u00e9sistant du ch\u0153ur humain&nbsp;\u00bb.<\/p>\n\n\n\n<p>Mon p\u00e8re ne parlait que tr\u00e8s peu de la p\u00e9riode noire de l\u2019occupation allemande et de ses faits d\u2019armes. Il n\u2019en tirait aucune fiert\u00e9 et cette souvenance l\u2019attristait plut\u00f4t.<\/p>\n\n\n\n<p>Mon p\u00e8re qui avait une trentaine d\u2019ann\u00e9es alors,&nbsp;; fut, si mes souvenirs sont bons, des bribes d\u2019informations qu\u2019il m\u2019a transmises, lieutenant \u00ab&nbsp;Francs-tireurs et partisans Fran\u00e7ais&nbsp;\u00bb (FTPF), charg\u00e9 du ravitaillement de plusieurs maquis de la Dr\u00f4me. Dans cette mission il n&rsquo;eut gu\u00e8re \u00e0 faire avec les armes pour l\u2019usage desquelles il n\u2019avait gu\u00e8re d\u2019estime. Une des rares action vraiment militaire \u00e0 laquelle il prit part, arme \u00e0 la main, fut une embuscade que les maquisards tendirent \u00e0 un convoi militaire allemand sur les rives du Rh\u00f4ne. La chose se produisit \u00e0 un endroit dont je ne me souviens plus le nom, o\u00f9 les rochers serrent la route \u00e0 la rive du fleuve bouillonnant. Les partisans tiraient du dessus, depuis les rochers. Plusieurs allemands furent tu\u00e9s, d\u2019autres en panique p\u00e9rirent noy\u00e9s dans le fleuve o\u00f9 ils se jetaient.<\/p>\n\n\n\n<p>\u00ab&nbsp;Patrick&nbsp;\u00bb, papa, dut assister un jour, il ne pouvait pas se d\u00e9rober \u00e0 cette t\u00e2che qui lui r\u00e9pugnait, comme t\u00e9moin, \u00e0 l\u2019ex\u00e9cution de trois jeunes officiers allemands que son groupe avait fait prisonniers. Ceux-ci avaient \u00e9t\u00e9 \u00ab&nbsp;jug\u00e9&nbsp;\u00bb et condamn\u00e9 \u00e0 mort. Un peloton d\u2019ex\u00e9cution avait \u00e9t\u00e9 form\u00e9 de partisans volontaires. Les trois jeunes hommes durent creuser leurs tombes, puis align\u00e9s au bord de celles-ci, ils refus\u00e8rent tous d\u2019avoir les yeux band\u00e9s, et juste avant que ne partit la salve mortelle le plus jeune, un officier SS se campa dans la position du salut, bras tendu, et lan\u00e7a son dernier \u00ab&nbsp;Heil Hitler&nbsp;\u00bb. Il avait tout juste vingt ans. C\u2019\u00e9tait un ennemi. Probablement une b\u00eate id\u00e9ologique endoctrin\u00e9. Mais \u00e7a n\u2019en \u00e9tait pas moins un homme, un tr\u00e8s jeune homme, fort et digne face \u00e0 la mort. Mon p\u00e8re fut impressionn\u00e9 par son courage et sa dignit\u00e9. Les quelques fois tr\u00e8s rares o\u00f9 il me parla de cet \u00e9pisode, jamais il ne pu s\u2019emp\u00eacher d\u2019avoir des larmes aux yeux. Mon p\u00e8re fut un militant engag\u00e9, un combattant, un \u00ab&nbsp;guerrier, mais il n\u2019a jamais cess\u00e9 d\u2019\u00eatre un homme, plein d\u2019empathie pour l\u2019humanit\u00e9.<\/p>\n\n\n\n<p>Telle est l\u2019une des grandes le\u00e7ons d\u2019humanit\u00e9 que mon p\u00e8re m\u2019a transmise sans la moindre \u00e9loquence professorale.<\/p>\n\n\n\n<p>Alors, quand j\u2019assiste aujourd\u2019hui, devenu un peu vieux mais non s\u00e9nile, \u00e0 des r\u00e9jouissances sur la tombe d\u2019un homme mort de vieillesse, fut-il v\u00e9ritablement fasciste, je suis terrifi\u00e9 et je me pose cette question l\u00e9gitime&nbsp;: \u00ab&nbsp;mais qui sont ses \u00ab&nbsp;ostrogoths&nbsp;\u00bb , qui sont ses pi\u00e8tres h\u00e9ros qui n\u2019ont aucune lettre de noblesse humaine ni faits d\u2019armes dont se pr\u00e9valoir&nbsp;?&nbsp;\u00bb<\/p>\n\n\n\n<p>Le Pen \u00e9tait leur ennemi id\u00e9ologique, le mien aussi, mais actuellement ce n\u2019est pas lui qui insulte m\u00e9prise, attaque le peuple et la France, les privent de leurs \u00e2mes et de leurs libert\u00e9s, les pr\u00e9cipite dans l\u2019indigence. On livre un combat, on vient \u00e0 bout de son adversaire, on tue son ennemi, on a des raisons de se r\u00e9jouir, en le battant on a gagn\u00e9, en le tuant on a probablement \u00e9chapp\u00e9 \u00e0 la mort. Mais l\u00e0 ce n\u2019est pas le cas. Ils n\u2019\u00e9taient pas menac\u00e9s, ils n\u2019ont rien gagn\u00e9, ne sont vainqueurs d\u2019aucune bataille. JML est mort, ils ne l\u2019ont pas tu\u00e9. Quelle circonstance leur donne le droit de se r\u00e9jouir de ce d\u00e9c\u00e8s et d\u2019insulter le d\u00e9funt&nbsp;? Je n\u2019en vois qu\u2019une&nbsp;: \u00ab&nbsp;LEUR PROPRE EFFONDREMENT MORAL&nbsp;\u00bb.<\/p>\n\n\n\n<p>Qui sont-ils ceux qui dansent, sabrent le champagne, et insultent feue Jean Marie Le Pen. Des hommes&nbsp;? Non, des b\u00eates immondes auxquelles je ne voudrait pour rien au monde lier mon destin.<\/p>\n\n\n\n<p>Patrick Seignon. \u00ab&nbsp;lavoiedessansvoix.fr&nbsp;\u00bb. Samedi 11 janvier 2025.<\/p>\n","protected":false},"excerpt":{"rendered":"<p>(A propos des bacchanales sur la d\u00e9pouille de Jean-Marie Le Pen) C\u2019\u00e9tait son nom dans la R\u00e9sistance, et c\u2019est la [&hellip;]<\/p>\n","protected":false},"author":1,"featured_media":346,"comment_status":"open","ping_status":"open","sticky":false,"template":"","format":"standard","meta":{"sfsi_plus_gutenberg_text_before_share":"","sfsi_plus_gutenberg_show_text_before_share":"","sfsi_plus_gutenberg_icon_type":"","sfsi_plus_gutenberg_icon_alignemt":"","sfsi_plus_gutenburg_max_per_row":"","site-sidebar-layout":"default","site-content-layout":"","ast-site-content-layout":"default","site-content-style":"default","site-sidebar-style":"default","ast-global-header-display":"","ast-banner-title-visibility":"","ast-main-header-display":"","ast-hfb-above-header-display":"","ast-hfb-below-header-display":"","ast-hfb-mobile-header-display":"","site-post-title":"","ast-breadcrumbs-content":"","ast-featured-img":"","footer-sml-layout":"","ast-disable-related-posts":"","theme-transparent-header-meta":"","adv-header-id-meta":"","stick-header-meta":"","header-above-stick-meta":"","header-main-stick-meta":"","header-below-stick-meta":"","astra-migrate-meta-layouts":"default","ast-page-background-enabled":"default","ast-page-background-meta":{"desktop":{"background-color":"var(--ast-global-color-4)","background-image":"","background-repeat":"repeat","background-position":"center center","background-size":"auto","background-attachment":"scroll","background-type":"","background-media":"","overlay-type":"","overlay-color":"","overlay-opacity":"","overlay-gradient":""},"tablet":{"background-color":"","background-image":"","background-repeat":"repeat","background-position":"center center","background-size":"auto","background-attachment":"scroll","background-type":"","background-media":"","overlay-type":"","overlay-color":"","overlay-opacity":"","overlay-gradient":""},"mobile":{"background-color":"","background-image":"","background-repeat":"repeat","background-position":"center center","background-size":"auto","background-attachment":"scroll","background-type":"","background-media":"","overlay-type":"","overlay-color":"","overlay-opacity":"","overlay-gradient":""}},"ast-content-background-meta":{"desktop":{"background-color":"var(--ast-global-color-5)","background-image":"","background-repeat":"repeat","background-position":"center center","background-size":"auto","background-attachment":"scroll","background-type":"","background-media":"","overlay-type":"","overlay-color":"","overlay-opacity":"","overlay-gradient":""},"tablet":{"background-color":"var(--ast-global-color-5)","background-image":"","background-repeat":"repeat","background-position":"center center","background-size":"auto","background-attachment":"scroll","background-type":"","background-media":"","overlay-type":"","overlay-color":"","overlay-opacity":"","overlay-gradient":""},"mobile":{"background-color":"var(--ast-global-color-5)","background-image":"","background-repeat":"repeat","background-position":"center center","background-size":"auto","background-attachment":"scroll","background-type":"","background-media":"","overlay-type":"","overlay-color":"","overlay-opacity":"","overlay-gradient":""}},"footnotes":""},"categories":[1],"tags":[],"class_list":["post-127","post","type-post","status-publish","format-standard","has-post-thumbnail","hentry","category-analyse-politique"],"_links":{"self":[{"href":"https:\/\/lavoiedessansvoix.fr\/lavoie\/wp-json\/wp\/v2\/posts\/127","targetHints":{"allow":["GET"]}}],"collection":[{"href":"https:\/\/lavoiedessansvoix.fr\/lavoie\/wp-json\/wp\/v2\/posts"}],"about":[{"href":"https:\/\/lavoiedessansvoix.fr\/lavoie\/wp-json\/wp\/v2\/types\/post"}],"author":[{"embeddable":true,"href":"https:\/\/lavoiedessansvoix.fr\/lavoie\/wp-json\/wp\/v2\/users\/1"}],"replies":[{"embeddable":true,"href":"https:\/\/lavoiedessansvoix.fr\/lavoie\/wp-json\/wp\/v2\/comments?post=127"}],"version-history":[{"count":2,"href":"https:\/\/lavoiedessansvoix.fr\/lavoie\/wp-json\/wp\/v2\/posts\/127\/revisions"}],"predecessor-version":[{"id":141,"href":"https:\/\/lavoiedessansvoix.fr\/lavoie\/wp-json\/wp\/v2\/posts\/127\/revisions\/141"}],"wp:featuredmedia":[{"embeddable":true,"href":"https:\/\/lavoiedessansvoix.fr\/lavoie\/wp-json\/wp\/v2\/media\/346"}],"wp:attachment":[{"href":"https:\/\/lavoiedessansvoix.fr\/lavoie\/wp-json\/wp\/v2\/media?parent=127"}],"wp:term":[{"taxonomy":"category","embeddable":true,"href":"https:\/\/lavoiedessansvoix.fr\/lavoie\/wp-json\/wp\/v2\/categories?post=127"},{"taxonomy":"post_tag","embeddable":true,"href":"https:\/\/lavoiedessansvoix.fr\/lavoie\/wp-json\/wp\/v2\/tags?post=127"}],"curies":[{"name":"wp","href":"https:\/\/api.w.org\/{rel}","templated":true}]}}