{"id":1268,"date":"2014-05-11T17:48:00","date_gmt":"2014-05-11T15:48:00","guid":{"rendered":"https:\/\/lavoiedessansvoix.fr\/lavoie\/2014\/05\/11\/archive-les-elections-du-25-mai-en-ukraine-un-stratageme-indecent\/"},"modified":"2014-05-11T17:48:00","modified_gmt":"2014-05-11T15:48:00","slug":"archive-les-elections-du-25-mai-en-ukraine-un-stratageme-indecent","status":"publish","type":"post","link":"https:\/\/lavoiedessansvoix.fr\/lavoie\/2014\/05\/11\/archive-les-elections-du-25-mai-en-ukraine-un-stratageme-indecent\/","title":{"rendered":"LES \u00c9LECTIONS DU 25 MAI EN UKRAINE  UN STRATAG\u00c8ME IND\u00c9CENT"},"content":{"rendered":"<p>LES \u00c9LECTIONS DU 25 MAI EN UKRAINE  UN STRATAG\u00c8ME IND\u00c9CENT   Samedi 10 mai, \u00ab Hollande et Merkel haussent le ton face \u00e0 Poutine \u00bb\u00ab Fran\u00e7ois Hollande et Angela Merkel ont pr\u00e9venu Moscou aujourd&rsquo;hui qu&rsquo;ils tireraient les \u00ab\u00a0cons\u00e9quences appropri\u00e9es\u00a0\u00bb d&rsquo;un \u00e9chec des \u00e9lections pr\u00e9sidentielles pr\u00e9vues le 25 mai en Ukraine, un scrutin dont l&rsquo;importance est jug\u00e9e \u00ab\u00a0capitale\u00a0\u00bb par Paris et Berlin. \u00bb(Alerte info du Figaro. 17 heures 47).  Mais c\u2019est bien s\u00fbr !   La junte qui, par la force, s\u2019est empar\u00e9 du pouvoir \u00e0 Kiev le 22 mars dernier ne b\u00e9n\u00e9ficie d\u2019aucune l\u00e9gitimit\u00e9. L\u2019arm\u00e9e ne lui ob\u00e9it pas, c\u2019est ce qui explique la dr\u00f4le \u00ab d\u2019offensive \u00bb immobile contre les insurg\u00e9s de l\u2019Est. Les seuls qui veulent vraiment en d\u00e9coudre sont les fascistes de \u00ab secteur droit \u00bb et quelques mercenaires internationaux sold\u00e9s. Le pays est en faillite et un tiers du territoire \u00e9chappe d\u00e9j\u00e0 \u00e0 son contr\u00f4le. Alors il faut faire une l\u00e9gitimit\u00e9 sur mesure aux usurpateurs.  Ils s\u2019emparent du pouvoir par la force, ils destituent le pr\u00e9sident d\u00e9mocratiquement \u00e9lu, ils engagent (de quel droit ?) l\u2019Ukraine dans un nouveau syst\u00e8me d\u2019alliances que la majorit\u00e9 du peuple n\u2019a pas choisie, et-puis, comme si de rien n\u2019\u00e9tait, ils pr\u00e9tendent proc\u00e9der eux-m\u00eames \u00e0 de nouvelles \u00e9lections pr\u00e9sidentielles afin de l\u00e9gitimer leur coup d\u2019\u00c9tat.   Les \u00e9lections du 25 mai ? Un stratag\u00e8me grossier pour l\u00e9gitimer un coup d\u2019\u00c9tat. Voil\u00e0 pourquoi les protecteurs europ\u00e9ens de la junte de Kiev \u00ab hausse le ton \u00bb, voil\u00e0 la raison pour laquelle ce \u00ab scrutin est jug\u00e9 par eux d\u2019une importance capitale. Ils y voient le moyen de vendre \u00e0 l\u2019opinion internationale, pour une pure vierge d\u00e9mocratique leur vieille catin fasciste exhum\u00e9e des poubelles de l\u2019Histoire.  Dimanche 11 mai 2014.  REFERENDUMS A L\u2019EST DE L\u2019UKRAINE (Deux br\u00e8ves)  1 &#8211; Le pouvoir ill\u00e9gitime de Kiev juge que les r\u00e9f\u00e9rendums organis\u00e9s dans les r\u00e9gions de l\u2019Est sont \u00ab ill\u00e9gitimes \u00bb. Le moins que l\u2019on puisse en dire c\u2019est que l\u2019avis de ce gouvernement fantoche ne fait pas vraiment autorit\u00e9 en cette mati\u00e8re.  2 \u2013 Fran\u00e7ois Hollande, dit \u00e9galement que ces r\u00e9f\u00e9rendums sont ill\u00e9gitimes et menace Vladimir Poutine de ses foudres s\u2019il ne s\u2019avise pas d\u2019\u00e9mettre des signaux d\u2019apaisement. D\u00e9cid\u00e9ment, le laquais fran\u00e7ais de l\u2019imp\u00e9rialisme anglo-am\u00e9ricain ne craint pas le ridicule. N\u2019est-ce pas lui qui s\u2019\u00e9tait avis\u00e9 aussi, voil\u00e0 deux ans d\u00e9j\u00e0, le 29 mai 2012  de vouloir \u00ab chasser \u00bb Bachar Al Assad du pouvoir en Syrie ?  Chacun sait ce qui est advenu.   Dans les fonctions qui sont les v\u00f4tres, monsieur le Pr\u00e9sident, il ne faut pas parler \u00e0 la l\u00e9g\u00e8re.<\/p>\n","protected":false},"excerpt":{"rendered":"<p>LES \u00c9LECTIONS DU 25 MAI EN UKRAINE UN STRATAG\u00c8ME IND\u00c9CENT Samedi 10 mai, \u00ab Hollande et Merkel haussent le ton [&hellip;]<\/p>\n","protected":false},"author":1,"featured_media":0,"comment_status":"open","ping_status":"open","sticky":false,"template":"","format":"standard","meta":{"sfsi_plus_gutenberg_text_before_share":"","sfsi_plus_gutenberg_show_text_before_share":"","sfsi_plus_gutenberg_icon_type":"","sfsi_plus_gutenberg_icon_alignemt":"","sfsi_plus_gutenburg_max_per_row":"","site-sidebar-layout":"default","site-content-layout":"","ast-site-content-layout":"default","site-content-style":"default","site-sidebar-style":"default","ast-global-header-display":"","ast-banner-title-visibility":"","ast-main-header-display":"","ast-hfb-above-header-display":"","ast-hfb-below-header-display":"","ast-hfb-mobile-header-display":"","site-post-title":"","ast-breadcrumbs-content":"","ast-featured-img":"","footer-sml-layout":"","ast-disable-related-posts":"","theme-transparent-header-meta":"","adv-header-id-meta":"","stick-header-meta":"","header-above-stick-meta":"","header-main-stick-meta":"","header-below-stick-meta":"","astra-migrate-meta-layouts":"default","ast-page-background-enabled":"default","ast-page-background-meta":{"desktop":{"background-color":"var(--ast-global-color-4)","background-image":"","background-repeat":"repeat","background-position":"center center","background-size":"auto","background-attachment":"scroll","background-type":"","background-media":"","overlay-type":"","overlay-color":"","overlay-opacity":"","overlay-gradient":""},"tablet":{"background-color":"","background-image":"","background-repeat":"repeat","background-position":"center center","background-size":"auto","background-attachment":"scroll","background-type":"","background-media":"","overlay-type":"","overlay-color":"","overlay-opacity":"","overlay-gradient":""},"mobile":{"background-color":"","background-image":"","background-repeat":"repeat","background-position":"center center","background-size":"auto","background-attachment":"scroll","background-type":"","background-media":"","overlay-type":"","overlay-color":"","overlay-opacity":"","overlay-gradient":""}},"ast-content-background-meta":{"desktop":{"background-color":"var(--ast-global-color-5)","background-image":"","background-repeat":"repeat","background-position":"center center","background-size":"auto","background-attachment":"scroll","background-type":"","background-media":"","overlay-type":"","overlay-color":"","overlay-opacity":"","overlay-gradient":""},"tablet":{"background-color":"var(--ast-global-color-5)","background-image":"","background-repeat":"repeat","background-position":"center center","background-size":"auto","background-attachment":"scroll","background-type":"","background-media":"","overlay-type":"","overlay-color":"","overlay-opacity":"","overlay-gradient":""},"mobile":{"background-color":"var(--ast-global-color-5)","background-image":"","background-repeat":"repeat","background-position":"center center","background-size":"auto","background-attachment":"scroll","background-type":"","background-media":"","overlay-type":"","overlay-color":"","overlay-opacity":"","overlay-gradient":""}},"footnotes":""},"categories":[16],"tags":[],"class_list":["post-1268","post","type-post","status-publish","format-standard","hentry","category-archives-cms"],"_links":{"self":[{"href":"https:\/\/lavoiedessansvoix.fr\/lavoie\/wp-json\/wp\/v2\/posts\/1268","targetHints":{"allow":["GET"]}}],"collection":[{"href":"https:\/\/lavoiedessansvoix.fr\/lavoie\/wp-json\/wp\/v2\/posts"}],"about":[{"href":"https:\/\/lavoiedessansvoix.fr\/lavoie\/wp-json\/wp\/v2\/types\/post"}],"author":[{"embeddable":true,"href":"https:\/\/lavoiedessansvoix.fr\/lavoie\/wp-json\/wp\/v2\/users\/1"}],"replies":[{"embeddable":true,"href":"https:\/\/lavoiedessansvoix.fr\/lavoie\/wp-json\/wp\/v2\/comments?post=1268"}],"version-history":[{"count":0,"href":"https:\/\/lavoiedessansvoix.fr\/lavoie\/wp-json\/wp\/v2\/posts\/1268\/revisions"}],"wp:attachment":[{"href":"https:\/\/lavoiedessansvoix.fr\/lavoie\/wp-json\/wp\/v2\/media?parent=1268"}],"wp:term":[{"taxonomy":"category","embeddable":true,"href":"https:\/\/lavoiedessansvoix.fr\/lavoie\/wp-json\/wp\/v2\/categories?post=1268"},{"taxonomy":"post_tag","embeddable":true,"href":"https:\/\/lavoiedessansvoix.fr\/lavoie\/wp-json\/wp\/v2\/tags?post=1268"}],"curies":[{"name":"wp","href":"https:\/\/api.w.org\/{rel}","templated":true}]}}