{"id":1264,"date":"2014-06-01T16:19:00","date_gmt":"2014-06-01T14:19:00","guid":{"rendered":"https:\/\/lavoiedessansvoix.fr\/lavoie\/2014\/06\/01\/archive-les-levriers-fous-du-ps\/"},"modified":"2014-06-01T16:19:00","modified_gmt":"2014-06-01T14:19:00","slug":"archive-les-levriers-fous-du-ps","status":"publish","type":"post","link":"https:\/\/lavoiedessansvoix.fr\/lavoie\/2014\/06\/01\/archive-les-levriers-fous-du-ps\/","title":{"rendered":"LES L\u00c9VRIERS FOUS DU PS"},"content":{"rendered":"<p>LES L\u00c9VRIERS FOUS DU PS Les \u00e9lections europ\u00e9ennes ont eu lieu et le camouflet que nous souhaitions voir administrer aux partis du syst\u00e8me l\u2019a \u00e9t\u00e9 au-del\u00e0 de toute esp\u00e9rance.  Bien entendu, \u00e0 d\u00e9faut, et dans l\u2019attente, d&rsquo;un parti d\u2019opposition sans concession qui proposerait une v\u00e9ritable alternative sociale \u00e0 gauche de la pr\u00e9tendue gauche, c\u2019est le Front National qui ramasse la mise. Cela certes nous d\u00e9sole, et nous aimerions qu\u2019il en aille autrement. Mais qu\u2019est-ce qui nous d\u00e9sole le plus ?  Les \u00e9lecteurs m\u00e9contents, voire en col\u00e8re, qui ne trouvent pas l\u2019offre politique qui leur permettrait d\u2019exprimer leur volont\u00e9 en positif, s\u2019abstiennent massivement, votent blanc ou nul, dispersent leurs suffrages sur les listes les plus singuli\u00e8res, ou se tournent vers le vote FN, qui en l\u2019occurrence apparait comme le seul parti \u00e0 s\u2019opposer fermement et jusqu\u2019au bout \u00e0 la calamiteuse Europe du capital mondialis\u00e9, convient-il de \u00ab les engueuler \u00bb ?  Ceux qui s\u2019avisent \u00e0 cela ne seraient-ils pas mieux fond\u00e9s \u00e0 engueuler \u00bb les partis du syst\u00e8me, qui par l\u2019obstination de leur politique antisociale poussent les peuplent vers la d\u00e9sesp\u00e9rance ou l\u2019exasp\u00e9ration ?  Le suffrage universel s\u2019exprime. De quelle trempe sont-ils donc ces pr\u00e9tendus grands d\u00e9mocrates qui manifestent contre l\u2019expression du suffrage universel ? A quoi peut-il bien servir de manifester ainsi si ce n\u2019est \u00e0 faite taire la r\u00e9alit\u00e9 que l\u2019on refuse d\u2019entendre.  Le pr\u00e9sident de la R\u00e9publique a essuy\u00e9 un camouflet cinglant lors des \u00e9lections municipales r\u00e9centes. Il a dit qu\u2019il avait entendu le message des \u00e9lecteurs mais qu\u2019il n\u2019en tiendrait aucun compte vu que sa politique est la bonne. Qu\u2019il convenait non pas d\u2019en changer mais d\u2019acc\u00e9l\u00e9rer les rythmes de sa mise en \u0153uvre. Le camouflet est plus retentissant encore dans l\u2019expression du suffrage europ\u00e9en. Et si dans le scrutin municipal \u00ab\u00a0la droite de gouvernement\u00a0\u00bb pouvait biaiser encore en appuyant sur la sanction anti Hollande pour donner \u00e0 croire qu\u2019elle y \u00e9chappait, dans le scrutin europ\u00e9en, la sanction est sans appel, ce sont bien les partis de gouvernement, le syst\u00e8me lui-m\u00eame, qui est cibl\u00e9. Mais que dit \u00e0 nouveau le pr\u00e9sident de la r\u00e9publique ? Qu\u2019il a raison, qu\u2019il ira au bout de sa politique \u00bb. Pied de nez r\u00e9it\u00e9r\u00e9 au suffrage\u2019 universel, \u00e0 l\u2019expression populaire. Si l\u2019on devait manifester, n\u2019\u00e9tait-ce pas contre cette outrecuidance et cette obstination odieuse ? Si le Front National progresse \u00e9lectoralement, est-ce la faute \u00e0 la b\u00eatise d\u2019un \u00e9lectorat infantile, ou est-ce la faute d\u2019un syst\u00e8me et des personnels politiques, enti\u00e8rement au service des banques et des actionnaires ? Convient-il de tancer et d\u2019insulter les \u00e9lecteurs qui \u00ab ont mal vot\u00e9 \u00bb ? Ne serait-il pas plus judicieux d\u2019imposer une autre orientation politique qui n\u2019exasp\u00e8re pas les peuples ?  Les Lyc\u00e9ens, probablement anim\u00e9s en sous-main par quelques officines du PS, qui ont manifest\u00e9s ces derniers jours contre le succ\u00e8s \u00e9lectoral du FN aux \u00e9lections europ\u00e9ennes, \u00e9gar\u00e9s par leur fougue et le tranchant des opinions de la jeunesse, ont \u00e9t\u00e9 comme des l\u00e9vriers l\u00e2ch\u00e9s \u00e0 la poursuite d\u2019un leurre. Il s\u2019est agi d\u2019une diversion pour tenter de faire oublier les vrais probl\u00e8mes et refuser de nommer les vraies responsabilit\u00e9s.  C\u2019est la politique des Fran\u00e7ois hollande et Merkel, des partis du syst\u00e8me et de leurs alli\u00e9s et soutiens qui cristallise le m\u00e9contentement des peuples et \u00e0 d\u00e9faut d\u2019une perspective politique de transformation sociale \u00e0 gauche, pousse une fraction de plus en plus large de ceux-ci dans les bras du FN et autres partis \u00e9quivalents. C\u2019est cette politique antisociale au profit du capital financier qu\u2019il convient de combattre sans merci. La combattre est le seul vrai moyen de s\u2019opposer \u00e0 la progression du FN et de ses semblables en Europe, pas en engueulant ou insultant les \u00e9lecteurs, pas en dispensant \u00ab des le\u00e7ons de bonne conduite \u00e9lectorale \u00bb.  1er juin 2014.<\/p>\n","protected":false},"excerpt":{"rendered":"<p>LES L\u00c9VRIERS FOUS DU PS Les \u00e9lections europ\u00e9ennes ont eu lieu et le camouflet que nous souhaitions voir administrer aux [&hellip;]<\/p>\n","protected":false},"author":1,"featured_media":0,"comment_status":"open","ping_status":"open","sticky":false,"template":"","format":"standard","meta":{"sfsi_plus_gutenberg_text_before_share":"","sfsi_plus_gutenberg_show_text_before_share":"","sfsi_plus_gutenberg_icon_type":"","sfsi_plus_gutenberg_icon_alignemt":"","sfsi_plus_gutenburg_max_per_row":"","site-sidebar-layout":"default","site-content-layout":"","ast-site-content-layout":"default","site-content-style":"default","site-sidebar-style":"default","ast-global-header-display":"","ast-banner-title-visibility":"","ast-main-header-display":"","ast-hfb-above-header-display":"","ast-hfb-below-header-display":"","ast-hfb-mobile-header-display":"","site-post-title":"","ast-breadcrumbs-content":"","ast-featured-img":"","footer-sml-layout":"","ast-disable-related-posts":"","theme-transparent-header-meta":"","adv-header-id-meta":"","stick-header-meta":"","header-above-stick-meta":"","header-main-stick-meta":"","header-below-stick-meta":"","astra-migrate-meta-layouts":"default","ast-page-background-enabled":"default","ast-page-background-meta":{"desktop":{"background-color":"var(--ast-global-color-4)","background-image":"","background-repeat":"repeat","background-position":"center center","background-size":"auto","background-attachment":"scroll","background-type":"","background-media":"","overlay-type":"","overlay-color":"","overlay-opacity":"","overlay-gradient":""},"tablet":{"background-color":"","background-image":"","background-repeat":"repeat","background-position":"center center","background-size":"auto","background-attachment":"scroll","background-type":"","background-media":"","overlay-type":"","overlay-color":"","overlay-opacity":"","overlay-gradient":""},"mobile":{"background-color":"","background-image":"","background-repeat":"repeat","background-position":"center center","background-size":"auto","background-attachment":"scroll","background-type":"","background-media":"","overlay-type":"","overlay-color":"","overlay-opacity":"","overlay-gradient":""}},"ast-content-background-meta":{"desktop":{"background-color":"var(--ast-global-color-5)","background-image":"","background-repeat":"repeat","background-position":"center center","background-size":"auto","background-attachment":"scroll","background-type":"","background-media":"","overlay-type":"","overlay-color":"","overlay-opacity":"","overlay-gradient":""},"tablet":{"background-color":"var(--ast-global-color-5)","background-image":"","background-repeat":"repeat","background-position":"center center","background-size":"auto","background-attachment":"scroll","background-type":"","background-media":"","overlay-type":"","overlay-color":"","overlay-opacity":"","overlay-gradient":""},"mobile":{"background-color":"var(--ast-global-color-5)","background-image":"","background-repeat":"repeat","background-position":"center center","background-size":"auto","background-attachment":"scroll","background-type":"","background-media":"","overlay-type":"","overlay-color":"","overlay-opacity":"","overlay-gradient":""}},"footnotes":""},"categories":[16],"tags":[],"class_list":["post-1264","post","type-post","status-publish","format-standard","hentry","category-archives-cms"],"_links":{"self":[{"href":"https:\/\/lavoiedessansvoix.fr\/lavoie\/wp-json\/wp\/v2\/posts\/1264","targetHints":{"allow":["GET"]}}],"collection":[{"href":"https:\/\/lavoiedessansvoix.fr\/lavoie\/wp-json\/wp\/v2\/posts"}],"about":[{"href":"https:\/\/lavoiedessansvoix.fr\/lavoie\/wp-json\/wp\/v2\/types\/post"}],"author":[{"embeddable":true,"href":"https:\/\/lavoiedessansvoix.fr\/lavoie\/wp-json\/wp\/v2\/users\/1"}],"replies":[{"embeddable":true,"href":"https:\/\/lavoiedessansvoix.fr\/lavoie\/wp-json\/wp\/v2\/comments?post=1264"}],"version-history":[{"count":0,"href":"https:\/\/lavoiedessansvoix.fr\/lavoie\/wp-json\/wp\/v2\/posts\/1264\/revisions"}],"wp:attachment":[{"href":"https:\/\/lavoiedessansvoix.fr\/lavoie\/wp-json\/wp\/v2\/media?parent=1264"}],"wp:term":[{"taxonomy":"category","embeddable":true,"href":"https:\/\/lavoiedessansvoix.fr\/lavoie\/wp-json\/wp\/v2\/categories?post=1264"},{"taxonomy":"post_tag","embeddable":true,"href":"https:\/\/lavoiedessansvoix.fr\/lavoie\/wp-json\/wp\/v2\/tags?post=1264"}],"curies":[{"name":"wp","href":"https:\/\/api.w.org\/{rel}","templated":true}]}}