{"id":1263,"date":"2014-06-03T07:40:00","date_gmt":"2014-06-03T05:40:00","guid":{"rendered":"https:\/\/lavoiedessansvoix.fr\/lavoie\/2014\/06\/03\/archive-le-prisme-de-la-mauvaise-foi\/"},"modified":"2014-06-03T07:40:00","modified_gmt":"2014-06-03T05:40:00","slug":"archive-le-prisme-de-la-mauvaise-foi","status":"publish","type":"post","link":"https:\/\/lavoiedessansvoix.fr\/lavoie\/2014\/06\/03\/archive-le-prisme-de-la-mauvaise-foi\/","title":{"rendered":"LE PRISME DE LA MAUVAISE FOI"},"content":{"rendered":"<p>LE PRISME DE LA MAUVAISE FOI   On comprend \u00e0 \u00e9couter l\u2019information officielle quel jugement le pouvoir politique porte sur les \u00e9v\u00e8nements. On comprend par exemple que celui-ci conteste par avance la l\u00e9gitimit\u00e9 du scrutin pr\u00e9sidentiel en Syrie. Cette \u00e9lection, nous disaient hier certains journalistes patent\u00e9s, n\u2019aura lieu \u00ab que dans les zones contr\u00f4l\u00e9es par le pouvoir \u00bb. Ce qui le frappe on le comprend d\u2019un vice r\u00e9dhibitoire.  Comment pourtant organiser des \u00e9lections dans des zones militairement contr\u00f4l\u00e9es par des gens qui n\u2019en veulent pas ? D\u2019autant plus que ces rebelles b\u00e9n\u00e9ficient, dans ce refus, de l\u2019appui politique international du camp imp\u00e9rialiste occidental.   Or, une situation \u00e9quivalente vient justement de se produire en Ukraine le 25 mai dernier. Des \u00e9lections pr\u00e9sidentielles y furent organiser, mais uniquement, bien entendu, dans les zones contr\u00f4l\u00e9es par le pouvoir usurpateur de Kiev. A Donetsk par exemple, et dans plusieurs autres grandes villes de l\u2019Est de l\u2019Ukraine, tenues par la r\u00e9bellion, dite \u00ab pro-russe \u00bb, ce scrutin ne pouvait avoir lieu car les nouvelles autorit\u00e9s r\u00e9gionales ne le voulaient pas. Le paradoxe, c\u2019est que cela n\u2019a pas g\u00ean\u00e9 le moins du monde les autorit\u00e9s politiques ni la presse occidentale qui n\u2019a pas vu en cette circonstance une quelconque raison de contester la l\u00e9gitimit\u00e9 ni de ce scrutin ni du pr\u00e9sident qui en est l\u2019\u00e9lu.   Comment une telle diff\u00e9rence, aussi insultante \u00e0 la raison, aussi grossi\u00e8re, dans le jugement de certains, peut-elle avoir cours ?   C\u2019est que les pouvoirs occidentaux et les m\u00e9dias \u00e0 leur service, observent les r\u00e9alit\u00e9s du monde \u00e0 travers le prisme d\u00e9formant de leurs propres objectifs politiques du moment.3 juin 2014.<\/p>\n","protected":false},"excerpt":{"rendered":"<p>LE PRISME DE LA MAUVAISE FOI On comprend \u00e0 \u00e9couter l\u2019information officielle quel jugement le pouvoir politique porte sur les [&hellip;]<\/p>\n","protected":false},"author":1,"featured_media":0,"comment_status":"open","ping_status":"open","sticky":false,"template":"","format":"standard","meta":{"sfsi_plus_gutenberg_text_before_share":"","sfsi_plus_gutenberg_show_text_before_share":"","sfsi_plus_gutenberg_icon_type":"","sfsi_plus_gutenberg_icon_alignemt":"","sfsi_plus_gutenburg_max_per_row":"","site-sidebar-layout":"default","site-content-layout":"","ast-site-content-layout":"default","site-content-style":"default","site-sidebar-style":"default","ast-global-header-display":"","ast-banner-title-visibility":"","ast-main-header-display":"","ast-hfb-above-header-display":"","ast-hfb-below-header-display":"","ast-hfb-mobile-header-display":"","site-post-title":"","ast-breadcrumbs-content":"","ast-featured-img":"","footer-sml-layout":"","ast-disable-related-posts":"","theme-transparent-header-meta":"","adv-header-id-meta":"","stick-header-meta":"","header-above-stick-meta":"","header-main-stick-meta":"","header-below-stick-meta":"","astra-migrate-meta-layouts":"default","ast-page-background-enabled":"default","ast-page-background-meta":{"desktop":{"background-color":"var(--ast-global-color-4)","background-image":"","background-repeat":"repeat","background-position":"center center","background-size":"auto","background-attachment":"scroll","background-type":"","background-media":"","overlay-type":"","overlay-color":"","overlay-opacity":"","overlay-gradient":""},"tablet":{"background-color":"","background-image":"","background-repeat":"repeat","background-position":"center center","background-size":"auto","background-attachment":"scroll","background-type":"","background-media":"","overlay-type":"","overlay-color":"","overlay-opacity":"","overlay-gradient":""},"mobile":{"background-color":"","background-image":"","background-repeat":"repeat","background-position":"center center","background-size":"auto","background-attachment":"scroll","background-type":"","background-media":"","overlay-type":"","overlay-color":"","overlay-opacity":"","overlay-gradient":""}},"ast-content-background-meta":{"desktop":{"background-color":"var(--ast-global-color-5)","background-image":"","background-repeat":"repeat","background-position":"center center","background-size":"auto","background-attachment":"scroll","background-type":"","background-media":"","overlay-type":"","overlay-color":"","overlay-opacity":"","overlay-gradient":""},"tablet":{"background-color":"var(--ast-global-color-5)","background-image":"","background-repeat":"repeat","background-position":"center center","background-size":"auto","background-attachment":"scroll","background-type":"","background-media":"","overlay-type":"","overlay-color":"","overlay-opacity":"","overlay-gradient":""},"mobile":{"background-color":"var(--ast-global-color-5)","background-image":"","background-repeat":"repeat","background-position":"center center","background-size":"auto","background-attachment":"scroll","background-type":"","background-media":"","overlay-type":"","overlay-color":"","overlay-opacity":"","overlay-gradient":""}},"footnotes":""},"categories":[16],"tags":[],"class_list":["post-1263","post","type-post","status-publish","format-standard","hentry","category-archives-cms"],"_links":{"self":[{"href":"https:\/\/lavoiedessansvoix.fr\/lavoie\/wp-json\/wp\/v2\/posts\/1263","targetHints":{"allow":["GET"]}}],"collection":[{"href":"https:\/\/lavoiedessansvoix.fr\/lavoie\/wp-json\/wp\/v2\/posts"}],"about":[{"href":"https:\/\/lavoiedessansvoix.fr\/lavoie\/wp-json\/wp\/v2\/types\/post"}],"author":[{"embeddable":true,"href":"https:\/\/lavoiedessansvoix.fr\/lavoie\/wp-json\/wp\/v2\/users\/1"}],"replies":[{"embeddable":true,"href":"https:\/\/lavoiedessansvoix.fr\/lavoie\/wp-json\/wp\/v2\/comments?post=1263"}],"version-history":[{"count":0,"href":"https:\/\/lavoiedessansvoix.fr\/lavoie\/wp-json\/wp\/v2\/posts\/1263\/revisions"}],"wp:attachment":[{"href":"https:\/\/lavoiedessansvoix.fr\/lavoie\/wp-json\/wp\/v2\/media?parent=1263"}],"wp:term":[{"taxonomy":"category","embeddable":true,"href":"https:\/\/lavoiedessansvoix.fr\/lavoie\/wp-json\/wp\/v2\/categories?post=1263"},{"taxonomy":"post_tag","embeddable":true,"href":"https:\/\/lavoiedessansvoix.fr\/lavoie\/wp-json\/wp\/v2\/tags?post=1263"}],"curies":[{"name":"wp","href":"https:\/\/api.w.org\/{rel}","templated":true}]}}