{"id":1262,"date":"2014-06-03T17:20:00","date_gmt":"2014-06-03T15:20:00","guid":{"rendered":"https:\/\/lavoiedessansvoix.fr\/lavoie\/2014\/06\/03\/archive-le-roi-des-democrates\/"},"modified":"2014-06-03T17:20:00","modified_gmt":"2014-06-03T15:20:00","slug":"archive-le-roi-des-democrates","status":"publish","type":"post","link":"https:\/\/lavoiedessansvoix.fr\/lavoie\/2014\/06\/03\/archive-le-roi-des-democrates\/","title":{"rendered":"LE ROI DES D\u00c9MOCRATES ?"},"content":{"rendered":"<p>LE ROI DES D\u00c9MOCRATES ?    Si on les prend par l\u2019analyse \u00e9tymologique, du grec monos : seul   et d\u00e9mos : peuple, ces deux termes sont incompatibles voire antinomiques. Certes, les Anglais avec la Monarchie constitutionnelle avaient de longue date tent\u00e9s ce mariage de la carpe et du lapin. La Monarchie dans la \u00ab monarchie constitutionnelle \u00bb marque les limites de la d\u00e9mocratie. La d\u00e9mocratie, oui, pour ceux qui gouvernent, pour les classes \u00e9conomiquement dirigeantes. Que le peuple s\u2019avise de contester cette domination, de s\u2019en prendre aux privil\u00e8ges de l\u2019argent, et ce n\u2019est plus la d\u00e9mocratie du tout, c\u2019est le sceptre, c\u2019est la monarchie garante du pouvoir des riches, c\u2019est \u00ab la dictature du capital \u00bb. D\u2019ailleurs, qu\u2019est-ce que l\u2019Angleterre ? L\u2019Empire Britannique ? La domination d\u2019une nation sur de nombreuses autres ? Il n\u2019y-a pas de libert\u00e9 dit-on pour un peuple qui en domine d\u2019autres. O\u00f9 donc se loge la d\u00e9mocratie l\u00e0-dedans. L\u2019Empire Britannique ? Une des plus horribles dictatures internationales du capital.  Or voil\u00e0 que le roi d\u2019Espagne, Juan-Carlos de Bourbon, descendant du grand d\u00e9mocrate Louis XIV, abdique la couronne espagnole, sauv\u00e9e de la R\u00e9publique par Francisco Franco.  Et bien entendu, Fran\u00e7ois Hollande, grand expert en d\u00e9mocratie, comme chacun sait, qui l\u2019a prouv\u00e9 en Syrie en soutenant la r\u00e9bellion Djihadiste contre le r\u00e9gime la\u00efque baasiste, qui l\u2019a prouv\u00e9 en Ukraine en soutenant le coup de force fasciste des descendants de Bandera, se fend de son commentaire \u00e9difi\u00e9.  \u00ab\u00a0Durant pr\u00e8s de trente-neuf ann\u00e9es de R\u00e8gne, Juan Carlos a incarn\u00e9 l&rsquo;Espagne d\u00e9mocratique, \u00e0 la naissance de laquelle il a pris une part d\u00e9terminante\u00a0\u00bb (7sur7 \u00bb mardi 3 juin 2O14)  L\u2019incarnation de la d\u00e9mocratie ? Mais de qui donc \u00e9tait-il l\u2019\u00e9lu ? Du peuple espagnol ? Non, mais de Franco l\u2019assassin de la r\u00e9publique, le sauveur de la Monarchie, le sanguinaire, le garroteur, son maitre son mentor.   Alors on nous conte la fable de la tentative de coup d\u2019\u00c9tat du 23 f\u00e9vrier 1981 dont la pi\u00e8ce maitresse fut le lieutenant-colonel Antonio Tejero. Il a suffi que le roi en grand uniforme de commandant des arm\u00e9es apparaisse \u00e0 la t\u00e9l\u00e9vision et dise qu\u2019il n\u2019\u00e9tait pas d\u2019accord, pour que tout rentre dans l\u2019ordre. Tu parles d\u2019un coup d\u2019\u00c9tat, une farce oui, une mise en sc\u00e8ne grossi\u00e8re pour introniser le poulain de Franco en \u00ab grand champion de la d\u00e9mocratie \u00bb. Une farce de mauvais go\u00fbt \u00e0 laquelle une majorit\u00e9 d\u2019Espagnol et les m\u00e9dias occidentaux voulurent croire car \u00e7a les arrangeait bien.   L\u2019Espagne de Juan Carlos fut celle de la permissivit\u00e9 sans frein. Apr\u00e8s 40 ans de dictature ne fallait-il pas l\u00e2cher la pression ? Permissivit\u00e9 et non pas  libert\u00e9s, surtout pas libert\u00e9, pas d\u00e9mocratie politique. Que le peuple se saoule se grise se perde et s\u2019avilisse, qu\u2019il ne s\u2019avise pas de contester ce qui est le fond du fond, la dictature du capital.  En voyant dans Juan Carlos \u00ab le roi des d\u00e9mocrates \u00bb, Fran\u00e7ois hollande ne fait que discr\u00e9diter un peu plus ce qu\u2019il nomme la d\u00e9mocratie.  Mardi 3 juin 2014.<\/p>\n","protected":false},"excerpt":{"rendered":"<p>LE ROI DES D\u00c9MOCRATES ? Si on les prend par l\u2019analyse \u00e9tymologique, du grec monos : seul et d\u00e9mos : [&hellip;]<\/p>\n","protected":false},"author":1,"featured_media":0,"comment_status":"open","ping_status":"open","sticky":false,"template":"","format":"standard","meta":{"sfsi_plus_gutenberg_text_before_share":"","sfsi_plus_gutenberg_show_text_before_share":"","sfsi_plus_gutenberg_icon_type":"","sfsi_plus_gutenberg_icon_alignemt":"","sfsi_plus_gutenburg_max_per_row":"","site-sidebar-layout":"default","site-content-layout":"","ast-site-content-layout":"default","site-content-style":"default","site-sidebar-style":"default","ast-global-header-display":"","ast-banner-title-visibility":"","ast-main-header-display":"","ast-hfb-above-header-display":"","ast-hfb-below-header-display":"","ast-hfb-mobile-header-display":"","site-post-title":"","ast-breadcrumbs-content":"","ast-featured-img":"","footer-sml-layout":"","ast-disable-related-posts":"","theme-transparent-header-meta":"","adv-header-id-meta":"","stick-header-meta":"","header-above-stick-meta":"","header-main-stick-meta":"","header-below-stick-meta":"","astra-migrate-meta-layouts":"default","ast-page-background-enabled":"default","ast-page-background-meta":{"desktop":{"background-color":"var(--ast-global-color-4)","background-image":"","background-repeat":"repeat","background-position":"center center","background-size":"auto","background-attachment":"scroll","background-type":"","background-media":"","overlay-type":"","overlay-color":"","overlay-opacity":"","overlay-gradient":""},"tablet":{"background-color":"","background-image":"","background-repeat":"repeat","background-position":"center center","background-size":"auto","background-attachment":"scroll","background-type":"","background-media":"","overlay-type":"","overlay-color":"","overlay-opacity":"","overlay-gradient":""},"mobile":{"background-color":"","background-image":"","background-repeat":"repeat","background-position":"center center","background-size":"auto","background-attachment":"scroll","background-type":"","background-media":"","overlay-type":"","overlay-color":"","overlay-opacity":"","overlay-gradient":""}},"ast-content-background-meta":{"desktop":{"background-color":"var(--ast-global-color-5)","background-image":"","background-repeat":"repeat","background-position":"center center","background-size":"auto","background-attachment":"scroll","background-type":"","background-media":"","overlay-type":"","overlay-color":"","overlay-opacity":"","overlay-gradient":""},"tablet":{"background-color":"var(--ast-global-color-5)","background-image":"","background-repeat":"repeat","background-position":"center center","background-size":"auto","background-attachment":"scroll","background-type":"","background-media":"","overlay-type":"","overlay-color":"","overlay-opacity":"","overlay-gradient":""},"mobile":{"background-color":"var(--ast-global-color-5)","background-image":"","background-repeat":"repeat","background-position":"center center","background-size":"auto","background-attachment":"scroll","background-type":"","background-media":"","overlay-type":"","overlay-color":"","overlay-opacity":"","overlay-gradient":""}},"footnotes":""},"categories":[16],"tags":[],"class_list":["post-1262","post","type-post","status-publish","format-standard","hentry","category-archives-cms"],"_links":{"self":[{"href":"https:\/\/lavoiedessansvoix.fr\/lavoie\/wp-json\/wp\/v2\/posts\/1262","targetHints":{"allow":["GET"]}}],"collection":[{"href":"https:\/\/lavoiedessansvoix.fr\/lavoie\/wp-json\/wp\/v2\/posts"}],"about":[{"href":"https:\/\/lavoiedessansvoix.fr\/lavoie\/wp-json\/wp\/v2\/types\/post"}],"author":[{"embeddable":true,"href":"https:\/\/lavoiedessansvoix.fr\/lavoie\/wp-json\/wp\/v2\/users\/1"}],"replies":[{"embeddable":true,"href":"https:\/\/lavoiedessansvoix.fr\/lavoie\/wp-json\/wp\/v2\/comments?post=1262"}],"version-history":[{"count":0,"href":"https:\/\/lavoiedessansvoix.fr\/lavoie\/wp-json\/wp\/v2\/posts\/1262\/revisions"}],"wp:attachment":[{"href":"https:\/\/lavoiedessansvoix.fr\/lavoie\/wp-json\/wp\/v2\/media?parent=1262"}],"wp:term":[{"taxonomy":"category","embeddable":true,"href":"https:\/\/lavoiedessansvoix.fr\/lavoie\/wp-json\/wp\/v2\/categories?post=1262"},{"taxonomy":"post_tag","embeddable":true,"href":"https:\/\/lavoiedessansvoix.fr\/lavoie\/wp-json\/wp\/v2\/tags?post=1262"}],"curies":[{"name":"wp","href":"https:\/\/api.w.org\/{rel}","templated":true}]}}