{"id":1260,"date":"2014-06-13T11:09:00","date_gmt":"2014-06-13T09:09:00","guid":{"rendered":"https:\/\/lavoiedessansvoix.fr\/lavoie\/2014\/06\/13\/archive-vive-la-greve-des-cheminots\/"},"modified":"2014-06-13T11:09:00","modified_gmt":"2014-06-13T09:09:00","slug":"archive-vive-la-greve-des-cheminots","status":"publish","type":"post","link":"https:\/\/lavoiedessansvoix.fr\/lavoie\/2014\/06\/13\/archive-vive-la-greve-des-cheminots\/","title":{"rendered":"VIVE LA GR\u00c9VE DES CHEMINOTS"},"content":{"rendered":"<p>VIVE LA GR\u00c9VE DES CHEMINOTS   Vous avez, au moins dans un premier temps, quand vous cr\u00fbtes \u00e0 leurs spontan\u00e9it\u00e9s, salu\u00e9es par des Vivats \u00ab les r\u00e9volutions arabes \u00bb. Vous avez vibr\u00e9 d\u2019\u00e9mois avec le peuple turc de la place Taksim. Vous avez salu\u00e9 respectueusement les mobilisations contestataires des peuples Grec, Portugais et espagnol, en r\u00e9volte contre la politique aust\u00e9rit\u00e8re de l\u2019Union Europ\u00e9enne. Je n\u2019en doute pas un instant, sauf \u00e0 avoir un ballon \u00e0 la place de la t\u00eate, vous \u00eates suspendus aux al\u00e9as de la mobilisation sociale du peuple Br\u00e9silien en d\u00e9licatesse avec les choix budg\u00e9taires de ses dirigeants. Et vous bouderiez la gr\u00e8ve des cheminots, parce qu\u2019elle est ici et qu\u2019elle d\u00e9range ? Non ! Je n\u2019y crois pas un instant.  Notre pays s\u2019enfonce dans la d\u00e9sindustrialisation, et la r\u00e9cession, les couches populaires dans le paup\u00e9risme. Sous pr\u00e9texte de \u00ab march\u00e9 \u00bb de concurrence \u00bb, de \u00ab rentabilit\u00e9 \u00bb, de comp\u00e9titivit\u00e9, ce sont les services publics, des transports de la poste de la sant\u00e9 de l\u2019enseignement qui sont liquid\u00e9s et privatis\u00e9s par pans entiers, les salaires, la couverture sociale, les droits \u00e0 la retraite, au repos dominical,  r\u00e9gressent ou sont carr\u00e9ment remis en cause ou ni\u00e9s. La mis\u00e8re et la pr\u00e9carit\u00e9 s\u2019installent partout. Les Fran\u00e7ais qui eurent souvent l\u2019insigne honneur d\u2019\u00eatre \u00e0 la t\u00eate sont \u00e0 pr\u00e9sent en queue de la mobilisation sociale Europ\u00e9enne. Dup\u00e9s par un pr\u00e9tendu pouvoir de \u00ab gauche \u00bb qu\u2019il conviendrait de m\u00e9nager, ils peinent \u00e0 se mobiliser.  Il n\u2019y a pas de pouvoir de gauche, que des mots creux et trompeurs. Le Pr\u00e9sident de la R\u00e9publique qui est issu du parti socialiste dont il fut m\u00eame un temps le premier secr\u00e9taire, vient d\u2019interf\u00e9rer dans le conflit en cours des cheminots en affirmant que la gr\u00e8ve devait cesser. Au quel pr\u00e9texte ? Le seul selon lui qu\u2019elle a assez dur\u00e9. Une gr\u00e8ve Monsieur Hollande n\u2019a assez dur\u00e9 que lorsque les revendications ont \u00e9t\u00e9 satisfaites. Ce faisant, cet homme qui s\u2019est r\u00e9v\u00e9l\u00e9 \u00eatre un dangereux va-t-en-guerre et le plus ardent d\u00e9fenseur du monde de la finance, d\u00e9montre par ce propos, dernier en date, \u00e0 quel point il est \u00e9tranger au monde et \u00e0 la tradition ouvri\u00e8re, dont, de Blum \u00e0 Jaur\u00e8s en passant par Mauroy, le PS pr\u00e9tendait-\u00eatre un continuateur. Ces gens-l\u00e0, parce qu\u2019ils avancent masqu\u00e9s sont les pires ennemis des travailleurs et des salari\u00e9s. Il est temps que les derni\u00e8res entraves politico-affectives qui affectent les capacit\u00e9s de mobilisation sociale dans notre pays, soient bris\u00e9es et liquid\u00e9es. La mobilisation des cheminots constitue un pas en ce sens. Ce dont on manque le plus dans ce pays actuellement, c\u2019est de r\u00e9sistance sociale. Alors, quand les cheminots rallument le flambeau de celle-ci, nous crions enthousiastes : \u00ab Vive la Gr\u00e8ve des cheminots \u00bb et faisons le v\u0153u que celle-ci dure le temps n\u00e9cessaire \u00e0 ce que le gouvernement pli du genou.  Nous sommes s\u00fbrs, quels que puissent \u00eatre les d\u00e9sagr\u00e9ments qu\u2019elle vous fait subir, que vous serez nombreux \u00e0 vous joindre \u00e0 notre mouvement d\u2019humeur et \u00e0 d\u00e9clarer votre soutien plein et entier \u00e0 la gr\u00e8ve des cheminots, et plus si affinit\u00e9.Vendredi 13 juin 2014.<\/p>\n","protected":false},"excerpt":{"rendered":"<p>VIVE LA GR\u00c9VE DES CHEMINOTS Vous avez, au moins dans un premier temps, quand vous cr\u00fbtes \u00e0 leurs spontan\u00e9it\u00e9s, salu\u00e9es [&hellip;]<\/p>\n","protected":false},"author":1,"featured_media":0,"comment_status":"open","ping_status":"open","sticky":false,"template":"","format":"standard","meta":{"sfsi_plus_gutenberg_text_before_share":"","sfsi_plus_gutenberg_show_text_before_share":"","sfsi_plus_gutenberg_icon_type":"","sfsi_plus_gutenberg_icon_alignemt":"","sfsi_plus_gutenburg_max_per_row":"","site-sidebar-layout":"default","site-content-layout":"","ast-site-content-layout":"default","site-content-style":"default","site-sidebar-style":"default","ast-global-header-display":"","ast-banner-title-visibility":"","ast-main-header-display":"","ast-hfb-above-header-display":"","ast-hfb-below-header-display":"","ast-hfb-mobile-header-display":"","site-post-title":"","ast-breadcrumbs-content":"","ast-featured-img":"","footer-sml-layout":"","ast-disable-related-posts":"","theme-transparent-header-meta":"","adv-header-id-meta":"","stick-header-meta":"","header-above-stick-meta":"","header-main-stick-meta":"","header-below-stick-meta":"","astra-migrate-meta-layouts":"default","ast-page-background-enabled":"default","ast-page-background-meta":{"desktop":{"background-color":"var(--ast-global-color-4)","background-image":"","background-repeat":"repeat","background-position":"center center","background-size":"auto","background-attachment":"scroll","background-type":"","background-media":"","overlay-type":"","overlay-color":"","overlay-opacity":"","overlay-gradient":""},"tablet":{"background-color":"","background-image":"","background-repeat":"repeat","background-position":"center center","background-size":"auto","background-attachment":"scroll","background-type":"","background-media":"","overlay-type":"","overlay-color":"","overlay-opacity":"","overlay-gradient":""},"mobile":{"background-color":"","background-image":"","background-repeat":"repeat","background-position":"center center","background-size":"auto","background-attachment":"scroll","background-type":"","background-media":"","overlay-type":"","overlay-color":"","overlay-opacity":"","overlay-gradient":""}},"ast-content-background-meta":{"desktop":{"background-color":"var(--ast-global-color-5)","background-image":"","background-repeat":"repeat","background-position":"center center","background-size":"auto","background-attachment":"scroll","background-type":"","background-media":"","overlay-type":"","overlay-color":"","overlay-opacity":"","overlay-gradient":""},"tablet":{"background-color":"var(--ast-global-color-5)","background-image":"","background-repeat":"repeat","background-position":"center center","background-size":"auto","background-attachment":"scroll","background-type":"","background-media":"","overlay-type":"","overlay-color":"","overlay-opacity":"","overlay-gradient":""},"mobile":{"background-color":"var(--ast-global-color-5)","background-image":"","background-repeat":"repeat","background-position":"center center","background-size":"auto","background-attachment":"scroll","background-type":"","background-media":"","overlay-type":"","overlay-color":"","overlay-opacity":"","overlay-gradient":""}},"footnotes":""},"categories":[16],"tags":[],"class_list":["post-1260","post","type-post","status-publish","format-standard","hentry","category-archives-cms"],"_links":{"self":[{"href":"https:\/\/lavoiedessansvoix.fr\/lavoie\/wp-json\/wp\/v2\/posts\/1260","targetHints":{"allow":["GET"]}}],"collection":[{"href":"https:\/\/lavoiedessansvoix.fr\/lavoie\/wp-json\/wp\/v2\/posts"}],"about":[{"href":"https:\/\/lavoiedessansvoix.fr\/lavoie\/wp-json\/wp\/v2\/types\/post"}],"author":[{"embeddable":true,"href":"https:\/\/lavoiedessansvoix.fr\/lavoie\/wp-json\/wp\/v2\/users\/1"}],"replies":[{"embeddable":true,"href":"https:\/\/lavoiedessansvoix.fr\/lavoie\/wp-json\/wp\/v2\/comments?post=1260"}],"version-history":[{"count":0,"href":"https:\/\/lavoiedessansvoix.fr\/lavoie\/wp-json\/wp\/v2\/posts\/1260\/revisions"}],"wp:attachment":[{"href":"https:\/\/lavoiedessansvoix.fr\/lavoie\/wp-json\/wp\/v2\/media?parent=1260"}],"wp:term":[{"taxonomy":"category","embeddable":true,"href":"https:\/\/lavoiedessansvoix.fr\/lavoie\/wp-json\/wp\/v2\/categories?post=1260"},{"taxonomy":"post_tag","embeddable":true,"href":"https:\/\/lavoiedessansvoix.fr\/lavoie\/wp-json\/wp\/v2\/tags?post=1260"}],"curies":[{"name":"wp","href":"https:\/\/api.w.org\/{rel}","templated":true}]}}