{"id":1258,"date":"2014-06-29T02:26:00","date_gmt":"2014-06-29T00:26:00","guid":{"rendered":"https:\/\/lavoiedessansvoix.fr\/lavoie\/2014\/06\/29\/archive-noooon\/"},"modified":"2014-06-29T02:26:00","modified_gmt":"2014-06-29T00:26:00","slug":"archive-noooon","status":"publish","type":"post","link":"https:\/\/lavoiedessansvoix.fr\/lavoie\/2014\/06\/29\/archive-noooon\/","title":{"rendered":"NOOOON !"},"content":{"rendered":"<p>NOOOON  !  28 juin 2014, c\u2019\u00e9tait hier le centi\u00e8me anniversaire de l\u2019assassinat de l\u2019archiduc, Ferdinand d\u2019Autriche, h\u00e9ritier des empereurs du Saint Empire romain germanique,\u2026. Et de sa femme.  Pour l\u2019occasion nos m\u00e9dias coalis\u00e9s avaient con\u00e7u une journ\u00e9e m\u00e9morielle sp\u00e9ciale et St\u00e9phane Bern en personne s\u2019\u00e9tait rendu \u00e0 Sarajevo, sur les lieux historiques, pour nous r\u00e9p\u00e9ter avec l\u2019insistance du marteau pilon \u2013 rentre toi \u00e7a dans la t\u00eate \u2013 Que cet \u00e9v\u00e8nement \u00ab dramatique \u00bb fut la cause et l\u2019\u00e9l\u00e9ment d\u00e9clencheur de la premi\u00e8re guerre mondiale.  Nous nous sommes maintes fois ici insurg\u00e9s contre cette interpr\u00e9tation de l\u2019Histoire aussi insane qu\u2019elle est d\u00e9su\u00e8te. Nooon ! R\u00e9p\u00e9tons-nous indign\u00e9s. Cela c\u2019est de la fable. Au regard de l\u2019histoire r\u00e9elle c\u2019est du pipi de chat. C\u2019est de la propagande. C\u2019est du mensonge officiel. C\u2019est le roman fiction avec lequel ils entendent, encore aujourd\u2019hui cacher l\u2019ind\u00e9cente r\u00e9alit\u00e9 : pour la satisfaction de leur cupidit\u00e9 et de leur soif de domination, une poign\u00e9e d\u2019hommes puissants n\u2019ont pas h\u00e9sit\u00e9 \u00e0 en torturer et ex\u00e9cuter des millions.   Alors, ils s\u2019accrochent, cent ans apr\u00e8s encore \u00e0 leur fable hom\u00e9rique. Comme la guerre de Troie fut d\u00e9clench\u00e9e pour rendre \u00e0 son mari \u00ab la belle H\u00e9l\u00e8ne \u00bb que Paris avait enlev\u00e9e, celle de 14\/18 l\u2019aurait \u00e9t\u00e9 pour venger la mort de l\u2019Archiduc Ferdinand. Ils veulent, les fous, parer ainsi de raisons \u00ab chevaleresques \u00bb : de c\u0153ur, d\u2019honneur et de courage, leur plus ignoble crime contre l\u2019humanit\u00e9. Mais ne voient-ils pas combien se faisant ils d\u00e9voilent eux-m\u00eames le degr\u00e9 paroxystique qu\u2019\u00e0 atteint leur barbarie ? Pensez un peu, humilier, torturer, ex\u00e9cuter toute la fine fleur de la jeunesse d\u2019Europe en lui imposant des conditions de vie bestiales dans la boue f\u00e9tide des tranch\u00e9es parce qu\u2019un anarchiste serbe a ex\u00e9cut\u00e9 le prince h\u00e9ritier de la dynastie des tyrans d\u2019Autriche ? \u00c9galit\u00e9 ? Fraternit\u00e9 ?   Au nom de qu\u2019elle horrible, de qu\u2019elle d\u00e9mente balance de l\u2019injustice et de l&rsquo;idiotie peut-on oser dire, encore \u00e0 pr\u00e9sent, que la vie d\u2019un homme \u00ab de sang royal (c\u2019est quoi \u00e7a ?) fut la justification, pour la venger, de l\u2019holocauste de neuf millions de jeunes gens de sang humain ?  29 Juin 2014.<\/p>\n","protected":false},"excerpt":{"rendered":"<p>NOOOON ! 28 juin 2014, c\u2019\u00e9tait hier le centi\u00e8me anniversaire de l\u2019assassinat de l\u2019archiduc, Ferdinand d\u2019Autriche, h\u00e9ritier des empereurs du [&hellip;]<\/p>\n","protected":false},"author":1,"featured_media":0,"comment_status":"open","ping_status":"open","sticky":false,"template":"","format":"standard","meta":{"sfsi_plus_gutenberg_text_before_share":"","sfsi_plus_gutenberg_show_text_before_share":"","sfsi_plus_gutenberg_icon_type":"","sfsi_plus_gutenberg_icon_alignemt":"","sfsi_plus_gutenburg_max_per_row":"","site-sidebar-layout":"default","site-content-layout":"","ast-site-content-layout":"default","site-content-style":"default","site-sidebar-style":"default","ast-global-header-display":"","ast-banner-title-visibility":"","ast-main-header-display":"","ast-hfb-above-header-display":"","ast-hfb-below-header-display":"","ast-hfb-mobile-header-display":"","site-post-title":"","ast-breadcrumbs-content":"","ast-featured-img":"","footer-sml-layout":"","ast-disable-related-posts":"","theme-transparent-header-meta":"","adv-header-id-meta":"","stick-header-meta":"","header-above-stick-meta":"","header-main-stick-meta":"","header-below-stick-meta":"","astra-migrate-meta-layouts":"default","ast-page-background-enabled":"default","ast-page-background-meta":{"desktop":{"background-color":"var(--ast-global-color-4)","background-image":"","background-repeat":"repeat","background-position":"center center","background-size":"auto","background-attachment":"scroll","background-type":"","background-media":"","overlay-type":"","overlay-color":"","overlay-opacity":"","overlay-gradient":""},"tablet":{"background-color":"","background-image":"","background-repeat":"repeat","background-position":"center center","background-size":"auto","background-attachment":"scroll","background-type":"","background-media":"","overlay-type":"","overlay-color":"","overlay-opacity":"","overlay-gradient":""},"mobile":{"background-color":"","background-image":"","background-repeat":"repeat","background-position":"center center","background-size":"auto","background-attachment":"scroll","background-type":"","background-media":"","overlay-type":"","overlay-color":"","overlay-opacity":"","overlay-gradient":""}},"ast-content-background-meta":{"desktop":{"background-color":"var(--ast-global-color-5)","background-image":"","background-repeat":"repeat","background-position":"center center","background-size":"auto","background-attachment":"scroll","background-type":"","background-media":"","overlay-type":"","overlay-color":"","overlay-opacity":"","overlay-gradient":""},"tablet":{"background-color":"var(--ast-global-color-5)","background-image":"","background-repeat":"repeat","background-position":"center center","background-size":"auto","background-attachment":"scroll","background-type":"","background-media":"","overlay-type":"","overlay-color":"","overlay-opacity":"","overlay-gradient":""},"mobile":{"background-color":"var(--ast-global-color-5)","background-image":"","background-repeat":"repeat","background-position":"center center","background-size":"auto","background-attachment":"scroll","background-type":"","background-media":"","overlay-type":"","overlay-color":"","overlay-opacity":"","overlay-gradient":""}},"footnotes":""},"categories":[16],"tags":[],"class_list":["post-1258","post","type-post","status-publish","format-standard","hentry","category-archives-cms"],"_links":{"self":[{"href":"https:\/\/lavoiedessansvoix.fr\/lavoie\/wp-json\/wp\/v2\/posts\/1258","targetHints":{"allow":["GET"]}}],"collection":[{"href":"https:\/\/lavoiedessansvoix.fr\/lavoie\/wp-json\/wp\/v2\/posts"}],"about":[{"href":"https:\/\/lavoiedessansvoix.fr\/lavoie\/wp-json\/wp\/v2\/types\/post"}],"author":[{"embeddable":true,"href":"https:\/\/lavoiedessansvoix.fr\/lavoie\/wp-json\/wp\/v2\/users\/1"}],"replies":[{"embeddable":true,"href":"https:\/\/lavoiedessansvoix.fr\/lavoie\/wp-json\/wp\/v2\/comments?post=1258"}],"version-history":[{"count":0,"href":"https:\/\/lavoiedessansvoix.fr\/lavoie\/wp-json\/wp\/v2\/posts\/1258\/revisions"}],"wp:attachment":[{"href":"https:\/\/lavoiedessansvoix.fr\/lavoie\/wp-json\/wp\/v2\/media?parent=1258"}],"wp:term":[{"taxonomy":"category","embeddable":true,"href":"https:\/\/lavoiedessansvoix.fr\/lavoie\/wp-json\/wp\/v2\/categories?post=1258"},{"taxonomy":"post_tag","embeddable":true,"href":"https:\/\/lavoiedessansvoix.fr\/lavoie\/wp-json\/wp\/v2\/tags?post=1258"}],"curies":[{"name":"wp","href":"https:\/\/api.w.org\/{rel}","templated":true}]}}