{"id":1256,"date":"2014-06-29T09:57:00","date_gmt":"2014-06-29T07:57:00","guid":{"rendered":"https:\/\/lavoiedessansvoix.fr\/lavoie\/2014\/06\/29\/archive-guerre-aux-politiques-de-guerre\/"},"modified":"2014-06-29T09:57:00","modified_gmt":"2014-06-29T07:57:00","slug":"archive-guerre-aux-politiques-de-guerre","status":"publish","type":"post","link":"https:\/\/lavoiedessansvoix.fr\/lavoie\/2014\/06\/29\/archive-guerre-aux-politiques-de-guerre\/","title":{"rendered":"GUERRE AUX POLITIQUES DE GUERRE"},"content":{"rendered":"<p>GUERRE AUX POLITIQUES DE GUERRE   1914\/2014, un si\u00e8cle, cent ans de conneries, deux guerres mondiales, des guerres coloniales, des centaines de coups d\u2019\u00c9tat et des dizaines de dictatures sanglantes et de contre r\u00e9volutions et tout cela n\u2019aurait servi \u00e0 rien ? Les communistes, mes amis, mes fr\u00e8res, n\u2019auraient rien retenu de leurs enseignements et de leur culture, de Marx et de L\u00e9nine, des le\u00e7ons de l\u2019histoire de la commune de Paris ou de la R\u00e9volution Russe, de l\u2019effondrement de la Social-d\u00e9mocratie d\u2019Aout 1914, de l\u2019esprit Zimmerwaldien ?  Je me suis laiss\u00e9 dire, je n\u2019ai pas pris la peine de le v\u00e9rifier, que dans ses colonnes, le journal \u00ab l\u2019Humanit\u00e9 \u00bb, fond\u00e9 par Jean Jaur\u00e8s, grand pourfendeur de la politique imp\u00e9rialiste qui \u00ab porte la guerre en lui comme la nu\u00e9e porte l\u2019orage \u00bb, se r\u00e9jouirait de la signature derni\u00e8re d\u2019un accord Europe\/Ukraine, au fait qu\u2019il mettrait fin au r\u00eave de Vladimir Poutine, de reconstituer la puissance de l\u2019ancien \u00ab empire sovi\u00e9tique \u00bb. Or, dire les choses ainsi, c\u2019est se ranger, de facto, au c\u00f4t\u00e9 de l\u2019imp\u00e9rialisme am\u00e9ricain qui ne veut pr\u00e9cis\u00e9ment pas de cette r\u00e9surgence qui serait un obstacle insurmontable \u00e0 sa volont\u00e9 de domination plan\u00e9taire. C\u2019est se ranger du c\u00f4t\u00e9 de son propre imp\u00e9rialisme qui s\u2019est lui-m\u00eame rang\u00e9 comme 1er vassal des \u00c9tats-Unis.  Quelques jours avant encore, les sociaux-d\u00e9mocrates et syndicalistes de toute l\u2019Europe, pensaient que la grande, la prestigieuse Social-d\u00e9mocratie Allemande d\u2019alors, ferait obstacle \u00e0 la barbarie, donnerait le signal de la mobilisation des peuples contre les bellicistes, en refusant de voter les cr\u00e9dits de guerre. Or, celle-ci se coucha, se rangea ce jour l\u00e0, 4 ao\u00fbt 1914, au c\u00f4t\u00e9 de son propre imp\u00e9rialisme et n\u2019en a pas d\u00e9roger depuis.  La politique internationale agressive du trio imp\u00e9rialiste occidental (USA, RU, France), ressemble \u00e0 bien des \u00e9gards \u00e0 la politique colonialiste expansionniste des imp\u00e9rialismes europ\u00e9ens \u00e0 la fin du 19\u00e8me et au d\u00e9but du 20\u00e8me si\u00e8cle. Elle conduit l\u2019humanit\u00e9, droit dans le mur, vers une troisi\u00e8me conflagration mondiale dont il est ais\u00e9 de pr\u00e9dire les cons\u00e9quences catastrophiques. L\u2019ang\u00e9lisme qui veut que l\u2019Europe serait la \u00ab bonne d\u00e9mocratie \u00bb et les autres de m\u00e9chants ours mal l\u00e9ch\u00e9s, n\u2019est pas de mise en la circonstance. L\u2019accord Europe Ukraine n\u2019est pas la bonne nouvelle qui met fin au r\u00eave \u00ab poutinien \u00bb. C\u2019est au contraire une for mauvaise nouvelle. C\u2019est la r\u00e9it\u00e9ration par l\u2019UE de son acte d\u2019humiliation de la Russie, c\u2019est une agression et un acte belliciste. Le danger du monde ne vient actuellement, ni de Poutine ni de la Russie ni de l\u2019Iran ni de la Chine, mais des vis\u00e9es expansionnistes dominatrices de l\u2019imp\u00e9rialisme am\u00e9ricain, fid\u00e8lement second\u00e9 par la France et l\u2019Angleterre.  \u00ab\u00a0Guerre \u00e0 la guerre !\u00a0\u00bb disait L\u00e9nine et il avait raison. Mais la guerre \u00e0 la guerre, ne doit-elle pas commencer avant la guerre elle-m\u00eame, par la guerre aux politiques qui la nourrissent et la font fermenter ?  29 juin 2014.<\/p>\n","protected":false},"excerpt":{"rendered":"<p>GUERRE AUX POLITIQUES DE GUERRE 1914\/2014, un si\u00e8cle, cent ans de conneries, deux guerres mondiales, des guerres coloniales, des centaines [&hellip;]<\/p>\n","protected":false},"author":1,"featured_media":0,"comment_status":"open","ping_status":"open","sticky":false,"template":"","format":"standard","meta":{"sfsi_plus_gutenberg_text_before_share":"","sfsi_plus_gutenberg_show_text_before_share":"","sfsi_plus_gutenberg_icon_type":"","sfsi_plus_gutenberg_icon_alignemt":"","sfsi_plus_gutenburg_max_per_row":"","site-sidebar-layout":"default","site-content-layout":"","ast-site-content-layout":"default","site-content-style":"default","site-sidebar-style":"default","ast-global-header-display":"","ast-banner-title-visibility":"","ast-main-header-display":"","ast-hfb-above-header-display":"","ast-hfb-below-header-display":"","ast-hfb-mobile-header-display":"","site-post-title":"","ast-breadcrumbs-content":"","ast-featured-img":"","footer-sml-layout":"","ast-disable-related-posts":"","theme-transparent-header-meta":"","adv-header-id-meta":"","stick-header-meta":"","header-above-stick-meta":"","header-main-stick-meta":"","header-below-stick-meta":"","astra-migrate-meta-layouts":"default","ast-page-background-enabled":"default","ast-page-background-meta":{"desktop":{"background-color":"var(--ast-global-color-4)","background-image":"","background-repeat":"repeat","background-position":"center center","background-size":"auto","background-attachment":"scroll","background-type":"","background-media":"","overlay-type":"","overlay-color":"","overlay-opacity":"","overlay-gradient":""},"tablet":{"background-color":"","background-image":"","background-repeat":"repeat","background-position":"center center","background-size":"auto","background-attachment":"scroll","background-type":"","background-media":"","overlay-type":"","overlay-color":"","overlay-opacity":"","overlay-gradient":""},"mobile":{"background-color":"","background-image":"","background-repeat":"repeat","background-position":"center center","background-size":"auto","background-attachment":"scroll","background-type":"","background-media":"","overlay-type":"","overlay-color":"","overlay-opacity":"","overlay-gradient":""}},"ast-content-background-meta":{"desktop":{"background-color":"var(--ast-global-color-5)","background-image":"","background-repeat":"repeat","background-position":"center center","background-size":"auto","background-attachment":"scroll","background-type":"","background-media":"","overlay-type":"","overlay-color":"","overlay-opacity":"","overlay-gradient":""},"tablet":{"background-color":"var(--ast-global-color-5)","background-image":"","background-repeat":"repeat","background-position":"center center","background-size":"auto","background-attachment":"scroll","background-type":"","background-media":"","overlay-type":"","overlay-color":"","overlay-opacity":"","overlay-gradient":""},"mobile":{"background-color":"var(--ast-global-color-5)","background-image":"","background-repeat":"repeat","background-position":"center center","background-size":"auto","background-attachment":"scroll","background-type":"","background-media":"","overlay-type":"","overlay-color":"","overlay-opacity":"","overlay-gradient":""}},"footnotes":""},"categories":[16],"tags":[],"class_list":["post-1256","post","type-post","status-publish","format-standard","hentry","category-archives-cms"],"_links":{"self":[{"href":"https:\/\/lavoiedessansvoix.fr\/lavoie\/wp-json\/wp\/v2\/posts\/1256","targetHints":{"allow":["GET"]}}],"collection":[{"href":"https:\/\/lavoiedessansvoix.fr\/lavoie\/wp-json\/wp\/v2\/posts"}],"about":[{"href":"https:\/\/lavoiedessansvoix.fr\/lavoie\/wp-json\/wp\/v2\/types\/post"}],"author":[{"embeddable":true,"href":"https:\/\/lavoiedessansvoix.fr\/lavoie\/wp-json\/wp\/v2\/users\/1"}],"replies":[{"embeddable":true,"href":"https:\/\/lavoiedessansvoix.fr\/lavoie\/wp-json\/wp\/v2\/comments?post=1256"}],"version-history":[{"count":0,"href":"https:\/\/lavoiedessansvoix.fr\/lavoie\/wp-json\/wp\/v2\/posts\/1256\/revisions"}],"wp:attachment":[{"href":"https:\/\/lavoiedessansvoix.fr\/lavoie\/wp-json\/wp\/v2\/media?parent=1256"}],"wp:term":[{"taxonomy":"category","embeddable":true,"href":"https:\/\/lavoiedessansvoix.fr\/lavoie\/wp-json\/wp\/v2\/categories?post=1256"},{"taxonomy":"post_tag","embeddable":true,"href":"https:\/\/lavoiedessansvoix.fr\/lavoie\/wp-json\/wp\/v2\/tags?post=1256"}],"curies":[{"name":"wp","href":"https:\/\/api.w.org\/{rel}","templated":true}]}}