{"id":1255,"date":"2014-07-02T17:05:00","date_gmt":"2014-07-02T15:05:00","guid":{"rendered":"https:\/\/lavoiedessansvoix.fr\/lavoie\/2014\/07\/02\/archive-nicolas-le-justiciable-reviendra-reviendra-pas\/"},"modified":"2014-07-02T17:05:00","modified_gmt":"2014-07-02T15:05:00","slug":"archive-nicolas-le-justiciable-reviendra-reviendra-pas","status":"publish","type":"post","link":"https:\/\/lavoiedessansvoix.fr\/lavoie\/2014\/07\/02\/archive-nicolas-le-justiciable-reviendra-reviendra-pas\/","title":{"rendered":"NICOLAS LE JUSTICIABLE  REVIENDRA ? REVIENDRA PAS ?"},"content":{"rendered":"<p>NICOLAS LE JUSTICIABLE,  REVIENDRA ? REVIENDRA PAS ?  C\u2019\u00e9tait lui, souvenez-vous, qui dans les ann\u00e9es 2006 2007 disait, plein de la morgue qui le caract\u00e9rise et visant alors Jacques Chirac qui l\u2019avait fait plusieurs fois ministre, qu\u2019un pr\u00e9sident de la R\u00e9publique devait-\u00eatre un justiciable comme les autres. Juste retour des choses, le voil\u00e0 \u00e0 son tour accus\u00e9.   Nicolas Sarkozy en garde \u00e0 vue. C\u2019est le seul bien fait que nous lui reconnaissons \u00e0 cette heure o\u00f9 l\u2019assommoir footballistique envahie les m\u00e9dias audio-visuels, d\u2019avoir eu le m\u00e9rite, bien ind\u00e9pendant de sa volont\u00e9 il est vrai, de lui ravir la manchette deux jours durant.  Quant \u00e0 \u00ab l\u2019humiliation \u00bb dont il se dit victime, c\u2019est ainsi qu\u2019il interpr\u00e8te \u00ab sa garde \u00e0 vue \u00bb, a t\u2019il song\u00e9 un instant aux milliers de citoyens qu\u2019il a ainsi humili\u00e9s, lui, le ministre de l\u2019int\u00e9rieur sous les auspices duquel le nombre des gardes \u00e0 vues avait explos\u00e9, avec \u00e0 la cl\u00e9 des pratiques effectivement humiliantes et indignes. Lui a-t-on inflig\u00e9 le m\u00eame r\u00e9gime : \u00e0 poils jambes \u00e9cart\u00e9es et un doigt dans le cul ? J\u2019en doute fort. Alors, de quoi se plaint-il ?  \u00ab C\u2019est de l\u2019acharnement \u00bb, voudrez nous convaincre ses sbires et lui-m\u00eame. L\u2019argumentaire nous laisse goguenards.  Malgr\u00e9 les nuages qui s\u2019amoncellent et lui promettent un grain pire qu\u2019\u00e0 Gravelotte pour le cas o\u00f9 il persisterait dans ses r\u00eaves de retour, ses sbires, sa garde rapproch\u00e9e, et lui-m\u00eame le confirme ce soir, semblent s\u2019accrocher \u00e0 ce r\u00eave fou, il reviendra, c\u2019est de l\u2019acharnement, cela ne l\u2019emp\u00eachera pas de revenir.  Or, il suffit de se poser la question, mais qui donc ne veut pas du retour de Nicolas Sarkozy, qui s\u2019acharne, qui lui d\u00e9die toutes ces peaux de bananes ? Ils insinuent eux, c\u2019est une forme d\u2019ultime politesse, qu\u2019il s\u2019agit de manigances politiques venues de l\u2019Elys\u00e9e ou du PS.  Mais ils savent fort bien et chacun l\u2019a compris, que c\u2019est de ses propres rangs, au plus haut niveau, que viennent ces estocades. Elles viennent de ceux qui sont candidats eux-m\u00eames \u00e0 la candidature et qui jugent que Sarko a fait son temps et que son retour \u00e9ventuel serait une promesse de d\u00e9faite en 2017 pour l\u2019UMP. Et d\u00e8s-lors que l\u2019on a pos\u00e9 la question ainsi et qu\u2019on lui a faite la r\u00e9ponse qui s\u2019impose, il est ais\u00e9 de se ranger \u00e0 l\u2019avis que son retour est d\u2019ores et d\u00e9j\u00e0 exclu, et cela en v\u00e9rit\u00e9 depuis bien longtemps. Ce sont \u00e0 n\u2019en pas douter, les Jupp\u00e9 Fillon et Raffarin qui entendent neutraliser ce chien fou dont ils ne veulent pas dans leur jeu de quilles. Comment voudriez-vous, avec de tels obstacles qu\u2019il ne puisse jamais revenir ?  A \u00ab lavoiedessansvoix \u00bb nous ne sommes pas le moins du monde d\u00e9contenanc\u00e9s. Voil\u00e0 bien longtemps d\u00e9j\u00e0, \u00e0 peine l\u2019id\u00e9e de son retour avait-elle \u00e9t\u00e9 \u00e9voqu\u00e9e pour la premi\u00e8re fois, nous avions \u00e9crit imm\u00e9diatement que cela n\u2019\u00e9tait que foutaise et ne se produirait pas (Sarko sauveur ou fossoyeur ?).  Mais ils s\u2019obstinent, ils insistent, il reviendra, en sauveur. Croyez-vous qu\u2019ils y croient eux-m\u00eames vraiment ?  Non, bien entendu. Ils font semblant de s\u2019accrocher \u00e0 cette id\u00e9e en esp\u00e9rant que la perspective d\u2019un retour et les cons\u00e9quences n\u00e9fastes qui s\u2019en suivraient pour eux, soit de nature \u00e0 temp\u00e9rer les ardeurs des juges. En v\u00e9rit\u00e9, parlant du retour en politique de Nicolas Sarkozy ancien pr\u00e9sident de la R\u00e9publique, ses d\u00e9fenseurs ne songent qu\u2019\u00e0 la d\u00e9fense juridique de leur maitre, Nicolas Sarkozy, le justiciable.    2 juillet 2014.<\/p>\n","protected":false},"excerpt":{"rendered":"<p>NICOLAS LE JUSTICIABLE, REVIENDRA ? REVIENDRA PAS ? C\u2019\u00e9tait lui, souvenez-vous, qui dans les ann\u00e9es 2006 2007 disait, plein de [&hellip;]<\/p>\n","protected":false},"author":1,"featured_media":0,"comment_status":"open","ping_status":"open","sticky":false,"template":"","format":"standard","meta":{"sfsi_plus_gutenberg_text_before_share":"","sfsi_plus_gutenberg_show_text_before_share":"","sfsi_plus_gutenberg_icon_type":"","sfsi_plus_gutenberg_icon_alignemt":"","sfsi_plus_gutenburg_max_per_row":"","site-sidebar-layout":"default","site-content-layout":"","ast-site-content-layout":"default","site-content-style":"default","site-sidebar-style":"default","ast-global-header-display":"","ast-banner-title-visibility":"","ast-main-header-display":"","ast-hfb-above-header-display":"","ast-hfb-below-header-display":"","ast-hfb-mobile-header-display":"","site-post-title":"","ast-breadcrumbs-content":"","ast-featured-img":"","footer-sml-layout":"","ast-disable-related-posts":"","theme-transparent-header-meta":"","adv-header-id-meta":"","stick-header-meta":"","header-above-stick-meta":"","header-main-stick-meta":"","header-below-stick-meta":"","astra-migrate-meta-layouts":"default","ast-page-background-enabled":"default","ast-page-background-meta":{"desktop":{"background-color":"var(--ast-global-color-4)","background-image":"","background-repeat":"repeat","background-position":"center center","background-size":"auto","background-attachment":"scroll","background-type":"","background-media":"","overlay-type":"","overlay-color":"","overlay-opacity":"","overlay-gradient":""},"tablet":{"background-color":"","background-image":"","background-repeat":"repeat","background-position":"center center","background-size":"auto","background-attachment":"scroll","background-type":"","background-media":"","overlay-type":"","overlay-color":"","overlay-opacity":"","overlay-gradient":""},"mobile":{"background-color":"","background-image":"","background-repeat":"repeat","background-position":"center center","background-size":"auto","background-attachment":"scroll","background-type":"","background-media":"","overlay-type":"","overlay-color":"","overlay-opacity":"","overlay-gradient":""}},"ast-content-background-meta":{"desktop":{"background-color":"var(--ast-global-color-5)","background-image":"","background-repeat":"repeat","background-position":"center center","background-size":"auto","background-attachment":"scroll","background-type":"","background-media":"","overlay-type":"","overlay-color":"","overlay-opacity":"","overlay-gradient":""},"tablet":{"background-color":"var(--ast-global-color-5)","background-image":"","background-repeat":"repeat","background-position":"center center","background-size":"auto","background-attachment":"scroll","background-type":"","background-media":"","overlay-type":"","overlay-color":"","overlay-opacity":"","overlay-gradient":""},"mobile":{"background-color":"var(--ast-global-color-5)","background-image":"","background-repeat":"repeat","background-position":"center center","background-size":"auto","background-attachment":"scroll","background-type":"","background-media":"","overlay-type":"","overlay-color":"","overlay-opacity":"","overlay-gradient":""}},"footnotes":""},"categories":[16],"tags":[],"class_list":["post-1255","post","type-post","status-publish","format-standard","hentry","category-archives-cms"],"_links":{"self":[{"href":"https:\/\/lavoiedessansvoix.fr\/lavoie\/wp-json\/wp\/v2\/posts\/1255","targetHints":{"allow":["GET"]}}],"collection":[{"href":"https:\/\/lavoiedessansvoix.fr\/lavoie\/wp-json\/wp\/v2\/posts"}],"about":[{"href":"https:\/\/lavoiedessansvoix.fr\/lavoie\/wp-json\/wp\/v2\/types\/post"}],"author":[{"embeddable":true,"href":"https:\/\/lavoiedessansvoix.fr\/lavoie\/wp-json\/wp\/v2\/users\/1"}],"replies":[{"embeddable":true,"href":"https:\/\/lavoiedessansvoix.fr\/lavoie\/wp-json\/wp\/v2\/comments?post=1255"}],"version-history":[{"count":0,"href":"https:\/\/lavoiedessansvoix.fr\/lavoie\/wp-json\/wp\/v2\/posts\/1255\/revisions"}],"wp:attachment":[{"href":"https:\/\/lavoiedessansvoix.fr\/lavoie\/wp-json\/wp\/v2\/media?parent=1255"}],"wp:term":[{"taxonomy":"category","embeddable":true,"href":"https:\/\/lavoiedessansvoix.fr\/lavoie\/wp-json\/wp\/v2\/categories?post=1255"},{"taxonomy":"post_tag","embeddable":true,"href":"https:\/\/lavoiedessansvoix.fr\/lavoie\/wp-json\/wp\/v2\/tags?post=1255"}],"curies":[{"name":"wp","href":"https:\/\/api.w.org\/{rel}","templated":true}]}}