{"id":1252,"date":"2014-07-13T09:01:00","date_gmt":"2014-07-13T07:01:00","guid":{"rendered":"https:\/\/lavoiedessansvoix.fr\/lavoie\/2014\/07\/13\/archive-vive-la-palestine-vive-la-resistance\/"},"modified":"2014-07-13T09:01:00","modified_gmt":"2014-07-13T07:01:00","slug":"archive-vive-la-palestine-vive-la-resistance","status":"publish","type":"post","link":"https:\/\/lavoiedessansvoix.fr\/lavoie\/2014\/07\/13\/archive-vive-la-palestine-vive-la-resistance\/","title":{"rendered":"VIVE LA PALESTINE ! VIVE LA R\u00c9SISTANCE !"},"content":{"rendered":"<p>VIVE LA PALESTINE ! VIVE LA R\u00c9SISTANCE !   A cette heure o\u00f9 la cause palestinienne vit des instants cruciaux qui pourraient bien conduire \u00e0 sa perte, j\u2019ai envie, plus fort que jamais de lancer ce cri d\u2019esp\u00e9rance comme pour conjurer le sort.  Nous voil\u00e0 en quelque sorte revenus \u00e0 la situation de la fin 2001 d\u00e9but 2002, quand les chars d\u2019Ariel Sharon enveloppaient la bande de Gaza et qu\u2019une terrible offensive terrestre isra\u00e9lienne paraissait imminente.  C\u2019est en ce temps que j\u2019\u00e9crivis la brochure \u00ab Des armes pour la Palestine \u2013 A l\u2019adresse de Monsieur Jacques Chirac,  Pr\u00e9sident de la R\u00e9publique fran\u00e7aise \u00bb dont je publierai demain quelques extraits, aussi significatifs que poignants \u00e0 l\u2019aune des \u00e9v\u00e8nements actuels.  En 2002, la cause palestinienne poss\u00e9dait encore quelques profondeurs strat\u00e9giques dans l\u2019existence de l\u2019Irak de Saddam Hussein, de la Libye du colonel Kadhafi, de la R\u00e9publique Islamique d\u2019Iran et de la Syrie Baasiste de Bachar Al Assad. Or, nous \u00e9tions \u00e0 quelques mois du d\u00e9clenchement par la coalition am\u00e9ricaine de l\u2019op\u00e9ration dite \u00ab lib\u00e9ration de l\u2019Irak \u00bb. Nous avions expliqu\u00e9 alors que l\u2019un des buts r\u00e9els bien qu\u2019inavou\u00e9, \u00e9tait pr\u00e9cis\u00e9ment de priver la r\u00e9sistance palestinienne de cette profondeur strat\u00e9gique. C\u2019est probablement la consid\u00e9ration qui pr\u00e9value et explique que l\u2019offensive terrestre d\u2019Ariel Sharon fut diff\u00e9r\u00e9e.  En outre, au d\u00e9but des ann\u00e9es 2000, apr\u00e8s deux intifada, Isra\u00ebl ne b\u00e9n\u00e9ficiait pas de la meilleure image dans l\u2019opinion internationale. Une large fraction de celle-ci \u00e9tait apte encore \u00e0 se mobiliser contre les exactions de Tsahal. Nous \u00e9crivions alors, f\u00e9vrier 2002, dans \u00ab Des armes pour la Palestine \u00bb : \u00ab Afin de pr\u00e9venir la r\u00e9probation internationale, l\u2019\u00c9tat d\u2019Isra\u00ebl a d\u00e9cid\u00e9 d\u2019allumer un contre feu avant m\u00eame que celle-ci se fit entendre. Mettant en \u0153uvre tous les moyens dont il dispose comme \u00c9tat, mais aussi par l\u2019entremise de la diaspora qui le couve jalousement, il a lanc\u00e9 une grande campagne contre la r\u00e9surgence, pr\u00e9tendue ou r\u00e9elle, de l\u2019antis\u00e9mitisme. Isra\u00ebl est coutumier du fait \u2026. \u00bb  C\u2019est \u00e0 cette \u00e9poque en effet que commen\u00e7a l\u2019op\u00e9ration de manipulation des concepts et de l\u2019opinion qui devait aboutir \u00e0 l\u2019assimilation de l\u2019antisionisme \u00e0 l\u2019antis\u00e9mitisme.   Ainsi la grande offensive terrestre de Sharon sur Gaza en 2002 avait-elle \u00e9t\u00e9 diff\u00e9r\u00e9e  et non annul\u00e9e. Il s\u2019agissait d\u2019attendre un contexte international plus favorable, \u00e0 la pr\u00e9paration duquel les USA et Isra\u00ebl allaient d\u2019ailleurs travailler d\u2019arrache-pied.   Les conditions en sont maintenant r\u00e9unies.   Au plan de la g\u00e9opolitique : la Jamahiriya libyenne a \u00e9t\u00e9 dispers\u00e9e et le colonel Kadhafi ex\u00e9cut\u00e9, l\u2019Irak de Saddam Hussein a \u00e9t\u00e9 humili\u00e9, abaiss\u00e9 et Saddam Hussein pendu en public, la Syrie est emp\u00eatr\u00e9e dans une guerre civile destructrice, et la R\u00e9publique islamique (chiite) d\u2019Iran menac\u00e9e par la mobilisation Djihadiste de l\u2019Islam sunnite sous la conduite de l\u2019Arabie Saoudite et du Qatar avec la complicit\u00e9 ouverte des USA, de la France et Royaume Uni. Pour parfaire le tableau, sous la conduite irresponsable de Khaled Mechaal, Le Hamas a cru bon il y a peu de renverser ses alliances. Rompant avec ses derniers soutiens historiques qu\u2019\u00e9taient l\u2019Iran et la Syrie, il s\u2019est accoquin\u00e9 avec les monarchies p\u00e9troli\u00e8res du golfe, sous le drapeau du sunnisme et derri\u00e8re l\u2019\u00e9tendard de la guerre anti chiite. Son accord r\u00e9cent avec le Fatah, restaurant de fait la l\u00e9gitimit\u00e9 contestable  de l\u2019autorit\u00e9 palestinienne et d\u2019Abou Abbas, n\u2019est que l\u2019aboutissement ultime de cette d\u00e9rive mortif\u00e8re.  Au plan de l\u2019opinion : les choses ont aussi \u00e9volu\u00e9s. La derni\u00e8re campagne hyst\u00e9rique contre l\u2019humoriste Dieudonn\u00e9, men\u00e9e tambour battant par la LICRA et le CRIF avec la complicit\u00e9 ouverte du ministre de l\u2019int\u00e9rieur d\u2019alors et d\u2019autres institutions de l\u2019\u00c9tat fran\u00e7ais, ont fini de venir \u00e0 bout de toute vell\u00e9it\u00e9s contestataires. Tant bien que nous pouvons, avec l\u2019horreur que cette perspective provoque chez nous, pr\u00e9dire que la sanglante offensive annonc\u00e9e ne suscitera, ni en France ni ailleurs, les moindres protestations ou manifestations dignes de ce nom. Or cette circonstance signale un effondrement moral de la \u00ab gauche \u00bb et au-del\u00e0 de nos soci\u00e9t\u00e9s toutes enti\u00e8res, sur laquelle nous reviendrons ult\u00e9rieurement.  Il faut bien l\u2019admettre, m\u00eame si cela nous r\u00e9vulse, Benyamin Netanyahou aurait tort de s\u2019en priver. Le moment est venu pour lui de reprendre \u00e0 l\u2019endroit o\u00f9 elle avait \u00e9t\u00e9 \u00ab suspendue \u00bb l\u2019offensive terrestre d\u2019Ariel Sharon.  Ce qui est derri\u00e8re, c\u2019est bien s\u00fbr l\u2019\u00e9radication du Hamas et le r\u00e9tablissement plein et entier de l\u2019autorit\u00e9 palestinienne d\u2019Abou Abbas, sur la bande de Gaza. Mais que l\u2019on ne s\u2019y trompe pas, c\u2019est plus que cela. C\u2019est la perte totale, la capitulation de la cause palestinienne qui est au bout. Qui croira que lorsqu\u2019elle aura baiss\u00e9 ses derni\u00e8res armes, la cause palestinienne obtiendra mieux de l\u2019\u00c9tat juif qu\u2019elle n\u2019a obtenu \u00e0 ce jour ? Qui croira que lev\u00e9e l\u2019hypoth\u00e8que de la guerre, l\u2019\u00c9tat Juif cessera sa colonisation rampante de la Cisjordanie ? Qui croira que vainqueur par la vertu des armes l\u2019\u00c9tat juif acc\u00e8dera \u00e0 la revendication d\u2019un \u00c9tat palestinien avec Qod comme capitale ? Qui croira que pour remercier Abou Abbas de sa collaboration l\u2019\u00c9tat d\u2019Isra\u00ebl acceptera le retour des r\u00e9fugi\u00e9s de 1947 ?  Sous l\u2019impulsion de Khaled Mechaal, son \u00e2me damn\u00e9e, le Hamas s\u2019est fourvoy\u00e9 mettant en p\u00e9ril la cause m\u00eame pour laquelle il a tant sacrifi\u00e9 et au nom de laquelle il a appel\u00e9 son peuple a tant de sacrifices. Il a chang\u00e9 les vrais contre les faux-amis, les alli\u00e9s en v\u00e9rit\u00e9 de ses pires ennemis. Nous l\u2019avons \u00e9crit le 10 du mois en cours \u00ab  Gaza : la v\u00e9rit\u00e9 du Djihad \u00bb, se faisant, le Hamas a mis lui-m\u00eame la t\u00eate dans la lunette, le couperet n\u2019a plus qu\u2019\u00e0 tomber.  Serait-ce parce qu\u2019elle est ainsi trahie que la cause nationale Palestinienne, tout pr\u00e8s peut-\u00eatre d\u2019une d\u00e9faite cuisante, serait moins l\u00e9gitime ?   Non ! Non et non ! Nous refusons cette concession ultime \u00e0 ses assassins. C\u2019est pourquoi \u00e0 l\u2019heure o\u00f9 ils s\u2019appr\u00eatent \u00e0 l\u2019occire nous avons r\u00e9solu de crier \u00e0 la face du monde : \u00ab Vive la Palestine ! Vive la r\u00e9sistance ! \u00bb   13 juillet 2014<\/p>\n","protected":false},"excerpt":{"rendered":"<p>VIVE LA PALESTINE ! VIVE LA R\u00c9SISTANCE ! A cette heure o\u00f9 la cause palestinienne vit des instants cruciaux qui [&hellip;]<\/p>\n","protected":false},"author":1,"featured_media":0,"comment_status":"open","ping_status":"open","sticky":false,"template":"","format":"standard","meta":{"sfsi_plus_gutenberg_text_before_share":"","sfsi_plus_gutenberg_show_text_before_share":"","sfsi_plus_gutenberg_icon_type":"","sfsi_plus_gutenberg_icon_alignemt":"","sfsi_plus_gutenburg_max_per_row":"","site-sidebar-layout":"default","site-content-layout":"","ast-site-content-layout":"default","site-content-style":"default","site-sidebar-style":"default","ast-global-header-display":"","ast-banner-title-visibility":"","ast-main-header-display":"","ast-hfb-above-header-display":"","ast-hfb-below-header-display":"","ast-hfb-mobile-header-display":"","site-post-title":"","ast-breadcrumbs-content":"","ast-featured-img":"","footer-sml-layout":"","ast-disable-related-posts":"","theme-transparent-header-meta":"","adv-header-id-meta":"","stick-header-meta":"","header-above-stick-meta":"","header-main-stick-meta":"","header-below-stick-meta":"","astra-migrate-meta-layouts":"default","ast-page-background-enabled":"default","ast-page-background-meta":{"desktop":{"background-color":"var(--ast-global-color-4)","background-image":"","background-repeat":"repeat","background-position":"center center","background-size":"auto","background-attachment":"scroll","background-type":"","background-media":"","overlay-type":"","overlay-color":"","overlay-opacity":"","overlay-gradient":""},"tablet":{"background-color":"","background-image":"","background-repeat":"repeat","background-position":"center center","background-size":"auto","background-attachment":"scroll","background-type":"","background-media":"","overlay-type":"","overlay-color":"","overlay-opacity":"","overlay-gradient":""},"mobile":{"background-color":"","background-image":"","background-repeat":"repeat","background-position":"center center","background-size":"auto","background-attachment":"scroll","background-type":"","background-media":"","overlay-type":"","overlay-color":"","overlay-opacity":"","overlay-gradient":""}},"ast-content-background-meta":{"desktop":{"background-color":"var(--ast-global-color-5)","background-image":"","background-repeat":"repeat","background-position":"center center","background-size":"auto","background-attachment":"scroll","background-type":"","background-media":"","overlay-type":"","overlay-color":"","overlay-opacity":"","overlay-gradient":""},"tablet":{"background-color":"var(--ast-global-color-5)","background-image":"","background-repeat":"repeat","background-position":"center center","background-size":"auto","background-attachment":"scroll","background-type":"","background-media":"","overlay-type":"","overlay-color":"","overlay-opacity":"","overlay-gradient":""},"mobile":{"background-color":"var(--ast-global-color-5)","background-image":"","background-repeat":"repeat","background-position":"center center","background-size":"auto","background-attachment":"scroll","background-type":"","background-media":"","overlay-type":"","overlay-color":"","overlay-opacity":"","overlay-gradient":""}},"footnotes":""},"categories":[16],"tags":[],"class_list":["post-1252","post","type-post","status-publish","format-standard","hentry","category-archives-cms"],"_links":{"self":[{"href":"https:\/\/lavoiedessansvoix.fr\/lavoie\/wp-json\/wp\/v2\/posts\/1252","targetHints":{"allow":["GET"]}}],"collection":[{"href":"https:\/\/lavoiedessansvoix.fr\/lavoie\/wp-json\/wp\/v2\/posts"}],"about":[{"href":"https:\/\/lavoiedessansvoix.fr\/lavoie\/wp-json\/wp\/v2\/types\/post"}],"author":[{"embeddable":true,"href":"https:\/\/lavoiedessansvoix.fr\/lavoie\/wp-json\/wp\/v2\/users\/1"}],"replies":[{"embeddable":true,"href":"https:\/\/lavoiedessansvoix.fr\/lavoie\/wp-json\/wp\/v2\/comments?post=1252"}],"version-history":[{"count":0,"href":"https:\/\/lavoiedessansvoix.fr\/lavoie\/wp-json\/wp\/v2\/posts\/1252\/revisions"}],"wp:attachment":[{"href":"https:\/\/lavoiedessansvoix.fr\/lavoie\/wp-json\/wp\/v2\/media?parent=1252"}],"wp:term":[{"taxonomy":"category","embeddable":true,"href":"https:\/\/lavoiedessansvoix.fr\/lavoie\/wp-json\/wp\/v2\/categories?post=1252"},{"taxonomy":"post_tag","embeddable":true,"href":"https:\/\/lavoiedessansvoix.fr\/lavoie\/wp-json\/wp\/v2\/tags?post=1252"}],"curies":[{"name":"wp","href":"https:\/\/api.w.org\/{rel}","templated":true}]}}