{"id":1251,"date":"2014-07-18T08:11:00","date_gmt":"2014-07-18T06:11:00","guid":{"rendered":"https:\/\/lavoiedessansvoix.fr\/lavoie\/2014\/07\/18\/archive-un-proces-de-nuremberg-pour-le-criminel-de-guerre-netanyahou\/"},"modified":"2014-07-18T08:11:00","modified_gmt":"2014-07-18T06:11:00","slug":"archive-un-proces-de-nuremberg-pour-le-criminel-de-guerre-netanyahou","status":"publish","type":"post","link":"https:\/\/lavoiedessansvoix.fr\/lavoie\/2014\/07\/18\/archive-un-proces-de-nuremberg-pour-le-criminel-de-guerre-netanyahou\/","title":{"rendered":"UN PROC\u00c8S DE NUREMBERG POUR LE CRIMINEL DE GUERRE NETANYAHOU !"},"content":{"rendered":"<p>UN PROC\u00c8S DE NUREMBERG POUR LE CRIMINEL DE GUERRE NETANYAHOU !   L\u2019offensive terrestre isra\u00e9lienne sur Gaza a donc commenc\u00e9e hier. Nous en avions annonc\u00e9 l\u2019imminence certaine dans notre article du 13 juillet \u00ab Vive la Palestine, vive la r\u00e9sistance ! \u00bb.  Mais au-del\u00e0 du crime et de l\u2019horreur que constitue une pareille offensive sur une zone aussi dens\u00e9ment peupl\u00e9e, il y a la question pos\u00e9e du crime de guerre pr\u00e9m\u00e9dit\u00e9 et d\u00e9lib\u00e9r\u00e9. Tsahal veut se donner des allures humanitaires en pr\u00e9venant les populations civiles auxquelles elle intime l\u2019ordre d\u2019\u00e9vacuer leurs habitations. Ce faisant elle signe cyniquement son crime. La destruction d\u00e9lib\u00e9r\u00e9e des habitations civiles est en effet interdite par les conventions de Gen\u00e8ve, et constitue donc un \u00ab crime de guerre \u00bb  L\u2019homme qui est aux commandes, qui pilote l\u2019intervention, qui en assume toute la responsabilit\u00e9 politique et morale, s\u2019appelle Benyamin N\u00e9tanyahou. Certes, nous ne nous faisons gu\u00e8re d\u2019illusion, ses amis et complices am\u00e9ricains, fran\u00e7ais ou britanniques, tant hardis \u00e0 vouloir traduire devant les tribunaux internationaux tous ceux qui  s\u2019opposent \u00e0 eux, ne montrerons aucune pr\u00e9cipitation \u00e0 vouloir d\u00e9f\u00e9rer celui-ci aux autorit\u00e9s comp\u00e9tentes. Mais il est un secteur de l\u2019opinion publique, nous en sommes, qui l\u2019exige. Il faut traduire le criminel de guerre N\u00e9tanyahou devant le TPI.  18 juillet 2014.<\/p>\n","protected":false},"excerpt":{"rendered":"<p>UN PROC\u00c8S DE NUREMBERG POUR LE CRIMINEL DE GUERRE NETANYAHOU ! L\u2019offensive terrestre isra\u00e9lienne sur Gaza a donc commenc\u00e9e hier. [&hellip;]<\/p>\n","protected":false},"author":1,"featured_media":0,"comment_status":"open","ping_status":"open","sticky":false,"template":"","format":"standard","meta":{"sfsi_plus_gutenberg_text_before_share":"","sfsi_plus_gutenberg_show_text_before_share":"","sfsi_plus_gutenberg_icon_type":"","sfsi_plus_gutenberg_icon_alignemt":"","sfsi_plus_gutenburg_max_per_row":"","site-sidebar-layout":"default","site-content-layout":"","ast-site-content-layout":"default","site-content-style":"default","site-sidebar-style":"default","ast-global-header-display":"","ast-banner-title-visibility":"","ast-main-header-display":"","ast-hfb-above-header-display":"","ast-hfb-below-header-display":"","ast-hfb-mobile-header-display":"","site-post-title":"","ast-breadcrumbs-content":"","ast-featured-img":"","footer-sml-layout":"","ast-disable-related-posts":"","theme-transparent-header-meta":"","adv-header-id-meta":"","stick-header-meta":"","header-above-stick-meta":"","header-main-stick-meta":"","header-below-stick-meta":"","astra-migrate-meta-layouts":"default","ast-page-background-enabled":"default","ast-page-background-meta":{"desktop":{"background-color":"var(--ast-global-color-4)","background-image":"","background-repeat":"repeat","background-position":"center center","background-size":"auto","background-attachment":"scroll","background-type":"","background-media":"","overlay-type":"","overlay-color":"","overlay-opacity":"","overlay-gradient":""},"tablet":{"background-color":"","background-image":"","background-repeat":"repeat","background-position":"center center","background-size":"auto","background-attachment":"scroll","background-type":"","background-media":"","overlay-type":"","overlay-color":"","overlay-opacity":"","overlay-gradient":""},"mobile":{"background-color":"","background-image":"","background-repeat":"repeat","background-position":"center center","background-size":"auto","background-attachment":"scroll","background-type":"","background-media":"","overlay-type":"","overlay-color":"","overlay-opacity":"","overlay-gradient":""}},"ast-content-background-meta":{"desktop":{"background-color":"var(--ast-global-color-5)","background-image":"","background-repeat":"repeat","background-position":"center center","background-size":"auto","background-attachment":"scroll","background-type":"","background-media":"","overlay-type":"","overlay-color":"","overlay-opacity":"","overlay-gradient":""},"tablet":{"background-color":"var(--ast-global-color-5)","background-image":"","background-repeat":"repeat","background-position":"center center","background-size":"auto","background-attachment":"scroll","background-type":"","background-media":"","overlay-type":"","overlay-color":"","overlay-opacity":"","overlay-gradient":""},"mobile":{"background-color":"var(--ast-global-color-5)","background-image":"","background-repeat":"repeat","background-position":"center center","background-size":"auto","background-attachment":"scroll","background-type":"","background-media":"","overlay-type":"","overlay-color":"","overlay-opacity":"","overlay-gradient":""}},"footnotes":""},"categories":[16],"tags":[],"class_list":["post-1251","post","type-post","status-publish","format-standard","hentry","category-archives-cms"],"_links":{"self":[{"href":"https:\/\/lavoiedessansvoix.fr\/lavoie\/wp-json\/wp\/v2\/posts\/1251","targetHints":{"allow":["GET"]}}],"collection":[{"href":"https:\/\/lavoiedessansvoix.fr\/lavoie\/wp-json\/wp\/v2\/posts"}],"about":[{"href":"https:\/\/lavoiedessansvoix.fr\/lavoie\/wp-json\/wp\/v2\/types\/post"}],"author":[{"embeddable":true,"href":"https:\/\/lavoiedessansvoix.fr\/lavoie\/wp-json\/wp\/v2\/users\/1"}],"replies":[{"embeddable":true,"href":"https:\/\/lavoiedessansvoix.fr\/lavoie\/wp-json\/wp\/v2\/comments?post=1251"}],"version-history":[{"count":0,"href":"https:\/\/lavoiedessansvoix.fr\/lavoie\/wp-json\/wp\/v2\/posts\/1251\/revisions"}],"wp:attachment":[{"href":"https:\/\/lavoiedessansvoix.fr\/lavoie\/wp-json\/wp\/v2\/media?parent=1251"}],"wp:term":[{"taxonomy":"category","embeddable":true,"href":"https:\/\/lavoiedessansvoix.fr\/lavoie\/wp-json\/wp\/v2\/categories?post=1251"},{"taxonomy":"post_tag","embeddable":true,"href":"https:\/\/lavoiedessansvoix.fr\/lavoie\/wp-json\/wp\/v2\/tags?post=1251"}],"curies":[{"name":"wp","href":"https:\/\/api.w.org\/{rel}","templated":true}]}}