{"id":1250,"date":"2014-07-28T03:21:00","date_gmt":"2014-07-28T01:21:00","guid":{"rendered":"https:\/\/lavoiedessansvoix.fr\/lavoie\/2014\/07\/28\/archive-silence-israel-tue\/"},"modified":"2014-07-28T03:21:00","modified_gmt":"2014-07-28T01:21:00","slug":"archive-silence-israel-tue","status":"publish","type":"post","link":"https:\/\/lavoiedessansvoix.fr\/lavoie\/2014\/07\/28\/archive-silence-israel-tue\/","title":{"rendered":"SILENCE, ISRA\u00cbL TUE !"},"content":{"rendered":"<p>SILENCE, ISRA\u00cbL TUE !  Nous avons \u00e9crit dans notre article du 13 janvier que la grande offensive terrestre de l\u2019Etat Juif contre Gaza en 2002, n\u2019avait \u00e9t\u00e9 que partie remise. C\u2019\u00e9tait dire que l\u2019offensive \u00e0 laquelle nous assistons \u00e0 pr\u00e9sent n\u2019\u00e9tait que la reprise de la pr\u00e9c\u00e9dente l\u00e0 o\u00f9 Ariel Sharon avait d\u00fb la suspendre. Mais c\u2019\u00e9tait dire aussi est surtout que certains actes prises de positions ou actions ant\u00e9rieures, dont on comprenait mal alors  le sens ou la coh\u00e9rence, n\u2019\u00e9taient en v\u00e9rit\u00e9 que des dispositifs pr\u00e9paratoires \u00e0 la nouvelles offensive \u00e0 l\u2019heure o\u00f9 le contexte international en annon\u00e7ait l\u2019imminence.  Nous avions eu aussi le 13 juillet la bonne inspiration de rappeler que c\u2019est de ce temps, en 2002 que date la grande offensive du gouvernement et de la diplomatie de Tel-Aviv, relay\u00e9s par la diaspora pro-sioniste, pour \u00e9touffer toute vell\u00e9it\u00e9 de contestation de la politique isra\u00e9lienne. Malgr\u00e9 tous ces efforts pour abuser l\u2019opinion fran\u00e7aise ceux-ci avaient beaucoup de mal \u00e0 convaincre de la r\u00e9alit\u00e9 d\u2019une r\u00e9surgence v\u00e9ritable de l\u2019antis\u00e9mitisme en France. Tant, qu\u2019il leur f\u00fbt n\u00e9cessaire de fabriquer eux m\u00eame des actes antis\u00e9mites mensongers pour tenter de donner du sens \u00e0 leurs vocif\u00e9rations. Un rabbin qui se blesse lui-m\u00eame avec un couteau pour faire croire \u00e0 une agression, une jeune m\u00e8re juive qui ne l\u2019\u00e9tait pas, agress\u00e9e dans le RER par une bande de \u00ab jeunes beurs \u00bb, et une presse et des politiques tout aussi na\u00effs qu\u2019irresponsables qui s\u2019empressent de faire mousser les faux \u00e9v\u00e8nements qu\u2019on leur sert sans prendre le soin pr\u00e9alable d\u2019en v\u00e9rifier l\u2019authenticit\u00e9. N\u2019est-il pas de notori\u00e9t\u00e9 publique que Judas ne peut pas mentir ? Or, ce n\u2019est pas le hasard ni son antis\u00e9mitisme suppos\u00e9, mais cette campagne inf\u00e2me quand Ariel Sharon ex\u00e9cutait l\u2019autorit\u00e9 palestinienne de Yasser Arafat prisonni\u00e8re de ses chars dans la Mouquata\u2019a en ruines, quand la diaspora \u00e0 son service applaudissait d\u00e9j\u00e0 au crime annonc\u00e9, qui inspira le sketch tant contest\u00e9 de Dieudonn\u00e9 le 1er d\u00e9cembre 2003 sur le plateau de Marc Olivier Fogiel. Cela tombait \u00e0 point, les associations juives pro sionistes tenaient enfin, en cette affaire, la preuve de la r\u00e9surgence de l\u2019antis\u00e9mitisme qui jusque-l\u00e0 se d\u00e9robait \u00e0 elles. Elles la tenaient, cela leur \u00e9tait trop pr\u00e9cieux, elles ne la l\u00e2cheraient plus. D\u2019o\u00f9 l\u2019acharnement, sans cette explication incompr\u00e9hensible, du CRIF et de la Licra contre l\u2019humoriste.  Les ann\u00e9es s\u2019\u00e9coul\u00e8rent. L\u2019anath\u00e8me qui frappait Dieudonn\u00e9 n\u2019avait pas \u00e9tait lev\u00e9. Mais les choses malgr\u00e9 tout paraissaient s\u2019\u00eatre apais\u00e9es. Interdit de T\u00e9l\u00e9visions l\u2019Humoriste n\u2019en poursuivait pas moins une carri\u00e8re brillante, arcbout\u00e9 sur son th\u00e9\u00e2tre de \u00ab la main d\u2019or \u00bb. Or, tout \u00e0 coup, l\u2019an pass\u00e9, que l\u2019on s\u2019en souvienne, de fa\u00e7on inattendue, surprenante comme un coup de tonnerre dans un ciel serein, la campagne d&rsquo;anath\u00e9matisation de Dieudonn\u00e9 rebondit. A propos de quoi, D\u2019un nouveau sketch ? Du spectacle \u00ab le mur \u00bb ? Non, cela ne viendra qu\u2019apr\u00e8s. Mais \u00e0 propos de la gestuelle comique que Dieudonn\u00e9 sert depuis des ann\u00e9es dans ses spectacles et qu\u2019il a baptis\u00e9 \u00ab la quenelle \u00bb. Tout \u00e0 coup un journaliste pr\u00e9tend lire dans ce geste \u00e0 caract\u00e8re phallique un salut hitl\u00e9rien invers\u00e9 et donc par nature antis\u00e9mite. Pour donner du corps \u00e0 cette affaire insens\u00e9e, toute la machine m\u00e9diatique se met en branle, et le gouvernement emmen\u00e9 par le ministre de l\u2019int\u00e9rieur et soutenu par le pr\u00e9sident de la R\u00e9publique. On le voit, l\u2019affaire a \u00e9t\u00e9 invent\u00e9, construite de toute pi\u00e8ce. Les autres \u00e9l\u00e9ments de la pol\u00e9mique, le spectacle \u00ab le mur \u00bb, son interdiction, ne sont venu qu\u2019apr\u00e8s. Alors pourquoi ? Pour qu\u2019elles raisons ?  Parce que l\u2019\u00e9volution de la situation dans le monde arabo-musulman, induite par les cons\u00e9quences de ce qui fut appel\u00e9 \u00ab printemps arabe \u00bb, remettait \u00e0 l\u2019ordre du jour la possibilit\u00e9 pour Isra\u00ebl d\u2019en finir avec la question nationale palestinienne en tuant le dernier carr\u00e9 de la r\u00e9sistance arm\u00e9e de ce peuple, c\u2019est-\u00e0-dire Gaza et le Hamas. Et cette fois, ils n\u2019attendaient pas le d\u00e9clenchement des op\u00e9rations pour en remettre une couche contre la r\u00e9surgence suppos\u00e9e de l\u2019antis\u00e9mitisme en France afin de t\u00e9taniser par avance les ultimes vell\u00e9it\u00e9s de protestation. Cela l\u2019annon\u00e7ait. Protester contre l\u2019action criminelle de l\u2019Etat d\u2019Isra\u00ebl c\u2019\u00e9tait se qualifier \u00ab antis\u00e9mites \u00bb  Et voil\u00e0, le raccourcit est fait, ils l\u2019ont os\u00e9. Fran\u00e7ois Hollande, Manuel Valls, en toute coh\u00e9rence avec leur attitude dans l\u2019affaire Dieudonn\u00e9, interdisent \u00e0 pr\u00e9sent carr\u00e9ment les manifestations de protestation contre l\u2019op\u00e9ration militaire Isra\u00e9lienne, en cours \u00e0 Gaza, au pr\u00e9texte qu\u2019elles alimentent ou \u00ab risquent de\u2026. \u00bb, \u00ab l\u2019antis\u00e9mitisme \u00bb. C\u2019est dire que toute critique est interdite d\u00e8s lors qu\u2019il s\u2019agit de l\u2019Etat d\u2019Isra\u00ebl.  Isra\u00ebl tue. Silence ! Nous intiment Fran\u00e7ois Hollande et Manuel Valls.    Nous ne pouvons accepter cet oukase. Notre conscience s\u2019insurge. Quand l\u2019indignation est \u00e0 son paroxysme, quand l\u2019homme meurtri par l\u2019inexprimable col\u00e8re qui l\u2019envahit est contraint \u00e0 l\u2019impuissance, qui lui contesterait en plus, et de quel droit, le recours \u00e0 l\u2019ultime et vain moyen de l\u2019interjection ?   Notre rage est fond\u00e9e, nous sommes justifi\u00e9s \u00e0 crier : Valls, Hollande, salauds ! Injure au chef de l\u2019\u00c9tat et au chef du gouvernement ? Si la v\u00e9rit\u00e9 est injure, alors soit. J\u2019en prends le risque.  Lundi 28 juillet 2014.<\/p>\n","protected":false},"excerpt":{"rendered":"<p>SILENCE, ISRA\u00cbL TUE ! Nous avons \u00e9crit dans notre article du 13 janvier que la grande offensive terrestre de l\u2019Etat [&hellip;]<\/p>\n","protected":false},"author":1,"featured_media":0,"comment_status":"open","ping_status":"open","sticky":false,"template":"","format":"standard","meta":{"sfsi_plus_gutenberg_text_before_share":"","sfsi_plus_gutenberg_show_text_before_share":"","sfsi_plus_gutenberg_icon_type":"","sfsi_plus_gutenberg_icon_alignemt":"","sfsi_plus_gutenburg_max_per_row":"","site-sidebar-layout":"default","site-content-layout":"","ast-site-content-layout":"default","site-content-style":"default","site-sidebar-style":"default","ast-global-header-display":"","ast-banner-title-visibility":"","ast-main-header-display":"","ast-hfb-above-header-display":"","ast-hfb-below-header-display":"","ast-hfb-mobile-header-display":"","site-post-title":"","ast-breadcrumbs-content":"","ast-featured-img":"","footer-sml-layout":"","ast-disable-related-posts":"","theme-transparent-header-meta":"","adv-header-id-meta":"","stick-header-meta":"","header-above-stick-meta":"","header-main-stick-meta":"","header-below-stick-meta":"","astra-migrate-meta-layouts":"default","ast-page-background-enabled":"default","ast-page-background-meta":{"desktop":{"background-color":"var(--ast-global-color-4)","background-image":"","background-repeat":"repeat","background-position":"center center","background-size":"auto","background-attachment":"scroll","background-type":"","background-media":"","overlay-type":"","overlay-color":"","overlay-opacity":"","overlay-gradient":""},"tablet":{"background-color":"","background-image":"","background-repeat":"repeat","background-position":"center center","background-size":"auto","background-attachment":"scroll","background-type":"","background-media":"","overlay-type":"","overlay-color":"","overlay-opacity":"","overlay-gradient":""},"mobile":{"background-color":"","background-image":"","background-repeat":"repeat","background-position":"center center","background-size":"auto","background-attachment":"scroll","background-type":"","background-media":"","overlay-type":"","overlay-color":"","overlay-opacity":"","overlay-gradient":""}},"ast-content-background-meta":{"desktop":{"background-color":"var(--ast-global-color-5)","background-image":"","background-repeat":"repeat","background-position":"center center","background-size":"auto","background-attachment":"scroll","background-type":"","background-media":"","overlay-type":"","overlay-color":"","overlay-opacity":"","overlay-gradient":""},"tablet":{"background-color":"var(--ast-global-color-5)","background-image":"","background-repeat":"repeat","background-position":"center center","background-size":"auto","background-attachment":"scroll","background-type":"","background-media":"","overlay-type":"","overlay-color":"","overlay-opacity":"","overlay-gradient":""},"mobile":{"background-color":"var(--ast-global-color-5)","background-image":"","background-repeat":"repeat","background-position":"center center","background-size":"auto","background-attachment":"scroll","background-type":"","background-media":"","overlay-type":"","overlay-color":"","overlay-opacity":"","overlay-gradient":""}},"footnotes":""},"categories":[16],"tags":[],"class_list":["post-1250","post","type-post","status-publish","format-standard","hentry","category-archives-cms"],"_links":{"self":[{"href":"https:\/\/lavoiedessansvoix.fr\/lavoie\/wp-json\/wp\/v2\/posts\/1250","targetHints":{"allow":["GET"]}}],"collection":[{"href":"https:\/\/lavoiedessansvoix.fr\/lavoie\/wp-json\/wp\/v2\/posts"}],"about":[{"href":"https:\/\/lavoiedessansvoix.fr\/lavoie\/wp-json\/wp\/v2\/types\/post"}],"author":[{"embeddable":true,"href":"https:\/\/lavoiedessansvoix.fr\/lavoie\/wp-json\/wp\/v2\/users\/1"}],"replies":[{"embeddable":true,"href":"https:\/\/lavoiedessansvoix.fr\/lavoie\/wp-json\/wp\/v2\/comments?post=1250"}],"version-history":[{"count":0,"href":"https:\/\/lavoiedessansvoix.fr\/lavoie\/wp-json\/wp\/v2\/posts\/1250\/revisions"}],"wp:attachment":[{"href":"https:\/\/lavoiedessansvoix.fr\/lavoie\/wp-json\/wp\/v2\/media?parent=1250"}],"wp:term":[{"taxonomy":"category","embeddable":true,"href":"https:\/\/lavoiedessansvoix.fr\/lavoie\/wp-json\/wp\/v2\/categories?post=1250"},{"taxonomy":"post_tag","embeddable":true,"href":"https:\/\/lavoiedessansvoix.fr\/lavoie\/wp-json\/wp\/v2\/tags?post=1250"}],"curies":[{"name":"wp","href":"https:\/\/api.w.org\/{rel}","templated":true}]}}