{"id":1247,"date":"2014-08-01T08:32:00","date_gmt":"2014-08-01T06:32:00","guid":{"rendered":"https:\/\/lavoiedessansvoix.fr\/lavoie\/2014\/08\/01\/archive-le-mot-juste-dominique-de-villepin-lever-la-voix-face-au-massacre-perpetre-a-gaz\/"},"modified":"2014-08-01T08:32:00","modified_gmt":"2014-08-01T06:32:00","slug":"archive-le-mot-juste-dominique-de-villepin-lever-la-voix-face-au-massacre-perpetre-a-gaz","status":"publish","type":"post","link":"https:\/\/lavoiedessansvoix.fr\/lavoie\/2014\/08\/01\/archive-le-mot-juste-dominique-de-villepin-lever-la-voix-face-au-massacre-perpetre-a-gaz\/","title":{"rendered":"LE MOT JUSTE. Dominique de Villepin : \u00abLever la voix face au massacre perp\u00e9tr\u00e9 \u00e0 Gaza\u00bb"},"content":{"rendered":"<p>Ancien conseill\u00e9, puis Ministre des affaires \u00e9trang\u00e8res, et enfin premier ministre de Jacques Chirac. Qui osera traiter Dominique de Villepin d\u2019extr\u00e9miste ou d\u2019antis\u00e9mite ?   Certes, homme politique de droite, Dominique de Villepin s\u2019enferre dans des consid\u00e9rations sur la s\u00e9curit\u00e9 d\u2019Isra\u00ebl ou des constructions mentales sur l\u2019interposition de l\u2019ONU ou la l\u00e9gitimit\u00e9 d\u2019un pr\u00e9tendu droit international. Mais il dit aussi des choses fortes, justes et belles, qui font honneur \u00e0 la France \u00e0 l\u2019heure o\u00f9 l\u2019\u00e9quipe politique au pouvoir l\u2019humilie et l\u2019abaisse dans une position de servage au b\u00e9n\u00e9fice de l\u2019imp\u00e9rialisme anglo-am\u00e9ricain.   Certes, Dominique de Villepin n\u2019est pas \u00e0 franchement parler de notre bord politique. Nous nous faisons un devoir pourtant de relayer dans nos pages la tribune qu\u2019il a publi\u00e9e dans \u00ab Le Figaro \u00bb et que nous avons, pour notre part trouv\u00e9e dans les pages du Site web \u00ab d\u2019Allain Jules \u00bb.  Lisez, relisez si n\u00e9cessaire, vous comprendrez que l\u2019homme va plus loin, beaucoup plus loin qu\u2019il n\u2019y parait \u00e0 priori. Les passages signal\u00e9s en rouge dans le texte int\u00e9gral publi\u00e9 ci-dessous, l\u2019ont \u00e9t\u00e9 par nous. Ce sont ceux qui justifient l\u2019orgueil que nous nous faisons d\u2019ouvrir nos colonnes \u00e0 Dominique de Villepin.  Patrick Seignon. 1er ao\u00fbt 2014.  LE MOT JUSTE. Dominique de Villepin : \u00abLever la voix face au massacre perp\u00e9tr\u00e9 \u00e0 Gaza\u00bb                                                                                                                                           http:\/\/allainjules.files.wordpress.com\/2014\/08\/de-villepin.jpg?w=500&#038;h=281 FIGAROVOX\/EXCLUSIF- Dans une tribune publi\u00e9e dans Le Figaro,  l\u2019ancien premier ministre s\u2019inqui\u00e8te du silence de la France face \u00e0  l\u2019escalade de la violence entre Isra\u00e9liens et Palestiniens. Il appelle  de ses voeux une interposition de l\u2019O.N.U.   Dominique de Villepin est avocat. Il a \u00e9t\u00e9 ministre des affaires \u00e9trang\u00e8res et premier ministre de Jacques Chirac.  Lever la voix face au massacre qui est perp\u00e9tr\u00e9 \u00e0 Gaza, c\u2019est  aujourd\u2019hui, je l\u2019\u00e9cris en conscience, un devoir pour la France, une  France qui est attach\u00e9e ind\u00e9fectiblement \u00e0 l\u2019existence et \u00e0 la s\u00e9curit\u00e9  d\u2019Isra\u00ebl mais qui ne saurait oublier les droits et devoirs qui sont  conf\u00e9r\u00e9s \u00e0 Isra\u00ebl en sa qualit\u00e9 d\u2019\u00c9tat constitu\u00e9. Je veux dire \u00e0 tous  ceux qui sont tent\u00e9s par la r\u00e9signation face \u00e0 l\u2019\u00e9ternel retour de la  guerre qu\u2019il est temps de parler et d\u2019agir. Il est temps de mesurer  l\u2019impasse d\u2019une France align\u00e9e et si s\u00fbre du recours \u00e0 la force. Pour  lever le voile des mensonges, des omissions et des demi-v\u00e9rit\u00e9s. Pour  porter un espoir de changement. Par mauvaise conscience, par int\u00e9r\u00eat mal  compris, par soumission \u00e0 la voix du plus fort, la voix de la France  s\u2019est tue, celle qui faisait parler le g\u00e9n\u00e9ral de Gaulle au lendemain de  la guerre des Six-Jours, celle qui faisait parler Jacques Chirac apr\u00e8s  la deuxi\u00e8me intifada. Comment comprendre aujourd\u2019hui que la France  appelle \u00e0 la \u00abretenue\u00bb quand on tue des enfants en connaissance de  cause? Comment comprendre que la France s\u2019abstienne lorsqu\u2019il s\u2019agit  d\u2019une enqu\u00eate internationale sur les crimes de guerre commis des deux  c\u00f4t\u00e9s? Comment comprendre que la premi\u00e8re r\u00e9action de la France, par la  voix de son pr\u00e9sident, soit celle du soutien sans r\u00e9serve \u00e0 la politique  de s\u00e9curit\u00e9 d\u2019Isra\u00ebl? Quelle impasse pour la France que cet esprit  d\u2019alignement et de soutien au recours \u00e0 la force. Je crois que seule la v\u00e9rit\u00e9 permet l\u2019action. Nous ne construirons  pas la paix sur des mensonges. C\u2019est pour cela que nous avons un devoir  de v\u00e9rit\u00e9 face \u00e0 un conflit o\u00f9 chaque mot est pi\u00e9g\u00e9, o\u00f9 les pires  accusations sont instrumentalis\u00e9es. Ayons le courage de dire une premi\u00e8re v\u00e9rit\u00e9: il n\u2019y a pas en droit  international de droit \u00e0 la s\u00e9curit\u00e9 qui implique en retour un droit \u00e0  l\u2019occupation et encore moins un droit au massacre. Il y a un droit \u00e0 la  paix qui est le m\u00eame pour tous les peuples. La s\u00e9curit\u00e9 telle que la  recherche aujourd\u2019hui Isra\u00ebl se fait contre la paix et contre le peuple  palestinien. En lieu et place de la recherche de la paix, il n\u2019y a plus  que l\u2019engrenage de la force qui conduit \u00e0 la guerre perp\u00e9tuelle \u00e0 plus  ou moins basse intensit\u00e9. (soukign\u00e9 par nous. lvdsv) L\u2019\u00c9tat isra\u00e9lien se condamne \u00e0 des op\u00e9rations r\u00e9guli\u00e8res \u00e0  Gaza ou en Cisjordanie, cette strat\u00e9gie terrifiante parce qu\u2019elle  condamne les Palestiniens au sous-d\u00e9veloppement et \u00e0 la souffrance,  terrifiante parce qu\u2019elle condamne Isra\u00ebl peu \u00e0 peu \u00e0 devenir un \u00c9tat  s\u00e9gr\u00e9gationniste, militariste et autoritaire. C\u2019est la spirale de  l\u2019Afrique du Sud de l\u2019apartheid avant Frederik De Klerk et Nelson  Mandela, faite de r\u00e9pression violente, d\u2019iniquit\u00e9 et de bantoustans  humiliants. C\u2019est la spirale de l\u2019Alg\u00e9rie fran\u00e7aise entre putsch des  g\u00e9n\u00e9raux et OAS face au camp de la paix incarn\u00e9 par de Gaulle. Il y a une deuxi\u00e8me v\u00e9rit\u00e9 \u00e0 dire haut et fort: il ne saurait y avoir  de responsabilit\u00e9 collective d\u2019un peuple pour les agissements de  certains. Comment oublier le profond d\u00e9s\u00e9quilibre de la situation, qui  oppose non deux \u00c9tats, mais un peuple sans terre et sans espoir \u00e0 un  \u00c9tat pouss\u00e9 par la peur? On ne peut se pr\u00e9valoir du fait que le Hamas  instrumentalise les civils pour faire oublier qu\u2019on assassine ces  derniers, d\u2019autant moins qu\u2019on a refus\u00e9 de croire et reconna\u00eetre en 2007  que ces civils aient vot\u00e9 pour le Hamas, du moins pour sa branche  politique. Qu\u2019on cite, outre les \u00c9tats-Unis, un seul pays au monde qui  agirait de cette fa\u00e7on. M\u00eame si les situations sont, bien s\u00fbr,  diff\u00e9rentes, la France est-elle partie en guerre en Alg\u00e9rie en 1995-1996  apr\u00e8s les attentats financ\u00e9s par le GIA ? Londres a-t-elle bombard\u00e9  l\u2019Irlande dans les ann\u00e9es 1970 ? Troisi\u00e8me v\u00e9rit\u00e9 qui br\u00fble les l\u00e8vres et que je veux exprimer ici:  oui il y a une terreur en Palestine et en Cisjordanie, une terreur  organis\u00e9e et m\u00e9thodique appliqu\u00e9e par les forces arm\u00e9es isra\u00e9liennes,  comme en ont t\u00e9moign\u00e9 de nombreux officiers et soldats isra\u00e9liens  \u00e9c\u0153ur\u00e9s par le r\u00f4le qu\u2019on leur a fait jouer. Je ne peux accepter  d\u2019entendre que ce qui se passe en Palestine n\u2019est pas si grave puisque  ce serait pire ailleurs. Je ne peux accepter qu\u2019on condamne un peuple  entier \u00e0 la peur des bombardements, \u00e0 la puanteur des aspersions d\u2019\u00abeau  sale\u00bb et \u00e0 la mis\u00e8re du blocus. Car je ne peux accepter qu\u2019on nie qu\u2019il y  a quelque chose qui d\u00e9passe nos diff\u00e9rences et qui est notre humanit\u00e9  commune. (soulign\u00e9 par nous; lvdsv)Il n\u2019y a aujourd\u2019hui ni plan de paix, ni interlocuteur capable d\u2019en  proposer un. Il faut tout reprendre depuis le d\u00e9but. Le probl\u00e8me de la  paix, comme en Alg\u00e9rie entre 1958 et 1962, ce n\u2019est pas \u00abcomment?\u00bb,  c\u2019est \u00abqui ?\u00bb. Il n\u2019y a pas de partenaire en Palestine car les partisans de  la paix ont \u00e9t\u00e9 m\u00e9thodiquement marginalis\u00e9s par la strat\u00e9gie du  gouvernement d\u2019Isra\u00ebl. La logique de force a l\u00e9gitimis\u00e9 hier le Hamas  contre le Fatah. Elle l\u00e9gitime aujourd\u2019hui les fanatiques les plus  radicaux du Hamas voire le Djihad islamique. Se passer de partenaire  pour la paix, cela veut dire s\u2019engager dans une logique o\u00f9 il n\u2019y aurait  plus que la soumission ou l\u2019\u00e9limination. (soulign\u00e9 par nous. lvdsv) Il n\u2019y a plus de partenaire pour la paix en Isra\u00ebl car le camp de la  paix a \u00e9t\u00e9 r\u00e9duit au silence et marginalis\u00e9. Le peuple isra\u00e9lien est un  peuple de m\u00e9moire, de fiert\u00e9 et de courage. Mais aujourd\u2019hui c\u2019est une  logique folle qui s\u2019est empar\u00e9e de son \u00c9tat, une logique qui conduit \u00e0  d\u00e9truire la possibilit\u00e9 d\u2019une solution \u00e0 deux \u00c9tats, seule envisageable.  La r\u00e9signation d\u2019une partie du peuple isra\u00e9lien est aujourd\u2019hui le  principal danger. Amos Oz, Zeev Sternhell ou Elie Barnavi sont de plus  en plus seuls \u00e0 crier dans le d\u00e9sert, la voix couverte par le vacarme  des h\u00e9licopt\u00e8res. Il n\u2019y a plus non plus de partenaire sur la sc\u00e8ne internationale, \u00e0  force de lassitude et de r\u00e9signation, \u00e0 force de plans de paix enterr\u00e9s.  On s\u2019interroge sur l\u2019utilit\u00e9 du Quartette. On d\u00e9sesp\u00e8re de la  diplomatie du carnet de ch\u00e8ques de l\u2019Europe qui se borne \u00e0 payer pour  reconstruire les b\u00e2timents palestiniens qui ont \u00e9t\u00e9 bombard\u00e9s hier et le  seront \u00e0 nouveau demain, quand les \u00c9tats-Unis d\u00e9pensent deux milliards  de dollars par an pour financer les bombes qui d\u00e9truisent ces b\u00e2timents. (soulign\u00e9 par nous lvdsv). Face \u00e0 l\u2019absence de plan de paix, seules des mesures impos\u00e9es et  capables de changer la donne sont susceptibles de r\u00e9veiller les  partenaires de leur torpeur. C\u2019est au premier chef la responsabilit\u00e9 de  la France. Le premier outil pour r\u00e9veiller la soci\u00e9t\u00e9 isra\u00e9lienne, ce sont les  sanctions. Il faut la placer devant ses responsabilit\u00e9s historiques  avant qu\u2019il ne soit trop tard, tout particuli\u00e8rement \u00e0 l\u2019heure o\u00f9 il est  question d\u2019une op\u00e9ration terrestre de grande envergure \u00e0 Gaza. Cela  passe par un vote par le Conseil de s\u00e9curit\u00e9 de l\u2019ONU d\u2019une r\u00e9solution  condamnant l\u2019action d\u2019Isra\u00ebl, son non-respect des r\u00e9solutions  ant\u00e9rieures et son non-respect du droit humanitaire et du droit de la  guerre. (soulign\u00e9 pas nous. lvdsv). Cela signifie concr\u00e8tement d\u2019assumer des sanctions \u00e9conomiques  cibl\u00e9es et gradu\u00e9es, notamment pour des activit\u00e9s directement li\u00e9es aux  op\u00e9rations \u00e0 Gaza ou aux activit\u00e9s \u00e9conomiques dans les colonies. Je ne  crois gu\u00e8re aux sanctions face \u00e0 des \u00c9tats autoritaires qu\u2019elles  renforcent. Elles peuvent \u00eatre utiles dans une soci\u00e9t\u00e9 d\u00e9mocratique qui  doit \u00eatre mise face aux r\u00e9alit\u00e9s. Le deuxi\u00e8me outil, c\u2019est la justice internationale. L\u2019urgence  aujourd\u2019hui, c\u2019est d\u2019emp\u00eacher que des crimes de guerre soient commis.  Pour cela, il est temps de donner droit aux demandes palestiniennes  d\u2019adh\u00e9rer \u00e0 la Cour p\u00e9nale internationale, qui demeure aujourd\u2019hui le  meilleur garant de la loi internationale. C\u2019est une mani\u00e8re de mettre  les Territoires palestiniens sous protection internationale. Le troisi\u00e8me  outil \u00e0 la disposition de la communaut\u00e9 internationale, c\u2019est  l\u2019interposition. \u00c0 d\u00e9faut de pouvoir n\u00e9gocier une solution, il faut  l\u2019imposer par la mise sous mandat de l\u2019ONU de Gaza, de la Cisjordanie et  de J\u00e9rusalem Est, avec une administration et une force de paix  internationales. Cette administration serait soumise \u00e0 de grands p\u00e9rils,  du c\u00f4t\u00e9 de tous les extr\u00e9mistes, nous le savons, mais la paix exige des  sacrifices. Elle aurait vocation \u00e0 redresser l\u2019\u00e9conomie et la soci\u00e9t\u00e9  sur ces territoires par un plan d\u2019aide significatif et par la protection  des civils. Elle aurait \u00e9galement pour but de renouer le dialogue  interpalestinien et de garantir des \u00e9lections libres sur l\u2019ensemble de  ces territoires. Forte de ces r\u00e9sultats, elle appuierait des pourparlers  de paix avec Isra\u00ebl en en tra\u00e7ant les grandes lignes. Nous n\u2019avons pas  le droit de nous r\u00e9signer \u00e0 la guerre perp\u00e9tuelle. Parce qu\u2019elle  continuera de contaminer toute la r\u00e9gion. Parce que son poison ne  cessera de briser l\u2019espoir m\u00eame d\u2019un ordre mondial. Une seule injustice  tol\u00e9r\u00e9e suffit \u00e0 remettre en cause l\u2019id\u00e9e m\u00eame de la justice. Source: Le Figaro<\/p>\n","protected":false},"excerpt":{"rendered":"<p>Ancien conseill\u00e9, puis Ministre des affaires \u00e9trang\u00e8res, et enfin premier ministre de Jacques Chirac. Qui osera traiter Dominique de Villepin [&hellip;]<\/p>\n","protected":false},"author":1,"featured_media":0,"comment_status":"open","ping_status":"open","sticky":false,"template":"","format":"standard","meta":{"sfsi_plus_gutenberg_text_before_share":"","sfsi_plus_gutenberg_show_text_before_share":"","sfsi_plus_gutenberg_icon_type":"","sfsi_plus_gutenberg_icon_alignemt":"","sfsi_plus_gutenburg_max_per_row":"","site-sidebar-layout":"default","site-content-layout":"","ast-site-content-layout":"default","site-content-style":"default","site-sidebar-style":"default","ast-global-header-display":"","ast-banner-title-visibility":"","ast-main-header-display":"","ast-hfb-above-header-display":"","ast-hfb-below-header-display":"","ast-hfb-mobile-header-display":"","site-post-title":"","ast-breadcrumbs-content":"","ast-featured-img":"","footer-sml-layout":"","ast-disable-related-posts":"","theme-transparent-header-meta":"","adv-header-id-meta":"","stick-header-meta":"","header-above-stick-meta":"","header-main-stick-meta":"","header-below-stick-meta":"","astra-migrate-meta-layouts":"default","ast-page-background-enabled":"default","ast-page-background-meta":{"desktop":{"background-color":"var(--ast-global-color-4)","background-image":"","background-repeat":"repeat","background-position":"center center","background-size":"auto","background-attachment":"scroll","background-type":"","background-media":"","overlay-type":"","overlay-color":"","overlay-opacity":"","overlay-gradient":""},"tablet":{"background-color":"","background-image":"","background-repeat":"repeat","background-position":"center center","background-size":"auto","background-attachment":"scroll","background-type":"","background-media":"","overlay-type":"","overlay-color":"","overlay-opacity":"","overlay-gradient":""},"mobile":{"background-color":"","background-image":"","background-repeat":"repeat","background-position":"center center","background-size":"auto","background-attachment":"scroll","background-type":"","background-media":"","overlay-type":"","overlay-color":"","overlay-opacity":"","overlay-gradient":""}},"ast-content-background-meta":{"desktop":{"background-color":"var(--ast-global-color-5)","background-image":"","background-repeat":"repeat","background-position":"center center","background-size":"auto","background-attachment":"scroll","background-type":"","background-media":"","overlay-type":"","overlay-color":"","overlay-opacity":"","overlay-gradient":""},"tablet":{"background-color":"var(--ast-global-color-5)","background-image":"","background-repeat":"repeat","background-position":"center center","background-size":"auto","background-attachment":"scroll","background-type":"","background-media":"","overlay-type":"","overlay-color":"","overlay-opacity":"","overlay-gradient":""},"mobile":{"background-color":"var(--ast-global-color-5)","background-image":"","background-repeat":"repeat","background-position":"center center","background-size":"auto","background-attachment":"scroll","background-type":"","background-media":"","overlay-type":"","overlay-color":"","overlay-opacity":"","overlay-gradient":""}},"footnotes":""},"categories":[16],"tags":[],"class_list":["post-1247","post","type-post","status-publish","format-standard","hentry","category-archives-cms"],"_links":{"self":[{"href":"https:\/\/lavoiedessansvoix.fr\/lavoie\/wp-json\/wp\/v2\/posts\/1247","targetHints":{"allow":["GET"]}}],"collection":[{"href":"https:\/\/lavoiedessansvoix.fr\/lavoie\/wp-json\/wp\/v2\/posts"}],"about":[{"href":"https:\/\/lavoiedessansvoix.fr\/lavoie\/wp-json\/wp\/v2\/types\/post"}],"author":[{"embeddable":true,"href":"https:\/\/lavoiedessansvoix.fr\/lavoie\/wp-json\/wp\/v2\/users\/1"}],"replies":[{"embeddable":true,"href":"https:\/\/lavoiedessansvoix.fr\/lavoie\/wp-json\/wp\/v2\/comments?post=1247"}],"version-history":[{"count":0,"href":"https:\/\/lavoiedessansvoix.fr\/lavoie\/wp-json\/wp\/v2\/posts\/1247\/revisions"}],"wp:attachment":[{"href":"https:\/\/lavoiedessansvoix.fr\/lavoie\/wp-json\/wp\/v2\/media?parent=1247"}],"wp:term":[{"taxonomy":"category","embeddable":true,"href":"https:\/\/lavoiedessansvoix.fr\/lavoie\/wp-json\/wp\/v2\/categories?post=1247"},{"taxonomy":"post_tag","embeddable":true,"href":"https:\/\/lavoiedessansvoix.fr\/lavoie\/wp-json\/wp\/v2\/tags?post=1247"}],"curies":[{"name":"wp","href":"https:\/\/api.w.org\/{rel}","templated":true}]}}