{"id":1245,"date":"2014-08-07T04:13:00","date_gmt":"2014-08-07T02:13:00","guid":{"rendered":"https:\/\/lavoiedessansvoix.fr\/lavoie\/2014\/08\/07\/archive-dispute-a-dominique-de-villepin-et-aux-autres\/"},"modified":"2014-08-07T04:13:00","modified_gmt":"2014-08-07T02:13:00","slug":"archive-dispute-a-dominique-de-villepin-et-aux-autres","status":"publish","type":"post","link":"https:\/\/lavoiedessansvoix.fr\/lavoie\/2014\/08\/07\/archive-dispute-a-dominique-de-villepin-et-aux-autres\/","title":{"rendered":"DISPUTE A DOMINIQUE DE VILLEPIN,\u2026 ET AUX AUTRES."},"content":{"rendered":"<p>DISPUTE A DOMINIQUE DE VILLEPIN,\u2026 ET AUX AUTRES.   Nous avons publi\u00e9 le 1er ao\u00fbt la Tribune de Dominique de Villepin, parue dans le figaro, et largement relay\u00e9e sur la toile. Nous avons signal\u00e9s, en rouge, les id\u00e9es et passages du texte, qui disions-nous \u00ab justifiaient l\u2019orgueil que nous nous faisions d\u2019ouvrir nos colonnes \u00e0 cet auteur. \u00bb  Il nous faut aujourd\u2019hui nous attarder sur les passages du texte, les id\u00e9es et propositions que nous ne partageons pas, et en dire les raisons.  *   GUERRE ET PAIX  \u00ab Je crois que seule la v\u00e9rit\u00e9 permet l\u2019action. Nous ne construirons pas la paix sur des mensonges. C\u2019est pour cela que nous avons un devoir de v\u00e9rit\u00e9 face \u00e0 un conflit o\u00f9 chaque mot est pi\u00e9g\u00e9, o\u00f9 les pires accusations sont instrumentalis\u00e9es. \u00bb  La guerre en Irak, pour ne citer que cet exemple, a \u00e9t\u00e9 fond\u00e9e sur un mensonge d\u2019\u00c9tat. La guerre, n\u2019est-ce pas l\u2019action ? On le voit, la proposition de Dominique de Villepin selon laquelle \u00ab seule la v\u00e9rit\u00e9 permet l\u2019action \u00bb rel\u00e8ve de la baliverne.   Il est possible par contre que l\u2019on ne puisse construire la paix sur  des mensonges. Mais \u00ab construire la paix \u00bb est-ce la probl\u00e9matique d\u2019Isra\u00ebl des USA ou m\u00eame du Hamas ? Isra\u00ebl veut construire le grand Isra\u00ebl, les USA veulent construire leur empire plan\u00e9taire, et le Hamas un \u00c9tat palestinien avec Quod comme capitale. \u00ab La paix \u00bb, chacun \u00e0 l\u2019aune de ses int\u00e9r\u00eats la con\u00e7oit comme l\u2019aboutissement de son propre projet, la r\u00e9alisation de leurs buts de guerre en quelque sorte. Leur paix est au bout de la guerre et de leur victoire sur autrui.  L\u2019id\u00e9e de \u00ab la paix en soi \u00bb, qui rel\u00e8ve de la d\u00e9marche po\u00e9tique est une fadaise, ce n\u2019est pas un concept politique. Tout au plus est-ce une drogue \u00e9molliente qui alt\u00e8re les cerveaux les plus performants. La question dans un conflit quel qu\u2019il soit, est moins celle de la paix que celle du choix du combat que l\u2019on entend partager. Le grand Isra\u00ebl, l\u2019Empire plan\u00e9taire am\u00e9ricain, un Etat  palestinien ind\u00e9pendant, quel combat choisit Dominique de Villepin ?  Nous aspirons tout autant que quiconque \u00e0 la paix, mais vous le savez, pour notre part nous avons choisit \u00ab la r\u00e9alisation de la revendication nationale palestinienne. C\u2019est pourquoi la paix \u00e0 laquelle nous aspirons ne se con\u00e7oit qu\u2019avec la r\u00e9alisation de celle-ci.  L\u2019ALPHA ET L\u2019OM\u00c9GA   L\u2019id\u00e9e de \u00ab la paix en soi \u00bb rel\u00e8ve de la propagande abrutissante des maitres. C\u2019est un outil de domination id\u00e9ologique dont l\u2019objet est de d\u00e9sarmer les peuples et qui les sommes de se soumettre \u00e0 la force des dominants.  Certes, tous les peuples aspirent \u00e0 la paix. Oui, mais laquelle ? Le peuple isra\u00e9lien aspire \u00e0 la paix dans l\u2019espace du grand Isra\u00ebl o\u00f9 il n\u2019y a pas de place pour les palestiniens encore moins pour un \u00c9tat du m\u00eame nom. Est-ce une aspiration juste ? Et le peuple Palestinien parce qu\u2019il aspire \u00e0 la paix doit-il renoncer \u00e0 sa revendication nationale et se coucher, pour avoir celle-ci,  devant les \u00ab nouveaux maitres de la Palestine \u00bb ?   L\u2019assujettissement ce n\u2019est pas la paix, c\u2019est l\u2019esclavage. La revendication nationale du peuple Palestinien a ressurgit dans les ann\u00e9es 70, non comme un acte de paix mais comme un acte de guerre d\u00e9clar\u00e9e aux occupants et aux oppresseurs. On ne peut \u00e9luder la question en se d\u00e9clarant pour la paix. Nous le r\u00e9p\u00e9tons, la paix, oui mais laquelle ? Celle qui se fonde sur la reddition de la revendication nationale palestinienne, ou celle qui se fonde sur sa r\u00e9alisation, c\u2019est-\u00e0-dire la victoire des palestiniens ?  Partant ainsi du pr\u00e9suppos\u00e9, dont nous venons de d\u00e9montrer l\u2019inanit\u00e9, selon lequel \u00ab la paix \u00bb serait l\u2019Alpha et l\u2019Om\u00e9ga de la v\u00e9rit\u00e9 politique, Dominique de Villepin insiste.   \u00ab Il n\u2019y a pas de partenaire en Palestine car les partisans de la paix ont \u00e9t\u00e9 m\u00e9thodiquement marginalis\u00e9s par la strat\u00e9gie du gouvernement d\u2019Isra\u00ebl. La logique de force a l\u00e9gitim\u00e9 hier le Hamas contre le Fatah. Elle l\u00e9gitime aujourd\u2019hui les fanatiques les \u00ab plus radicaux du Hamas voire le Djihad islamique. \u00bb. Ecrit-il.   \u00ab Il n\u2019y a plus de partenaire pour la paix en Isra\u00ebl car le camp de la paix a \u00e9t\u00e9 r\u00e9duit au silence et marginalis\u00e9. \u00bb. Et encore :   \u00ab Il n\u2019y a plus non plus de partenaire sur la sc\u00e8ne internationale, \u00e0 force de lassitude et de r\u00e9signation, \u00e0 force de plans de paix enterr\u00e9s. On s\u2019interroge sur l\u2019utilit\u00e9 du Quartette. On d\u00e9sesp\u00e8re de la diplomatie du carnet de ch\u00e8ques de l\u2019Europe \u00bb  O\u00f9 l\u2019on voit \u00e0 de quelles absurdit\u00e9s conduisent des pr\u00e9alables faux.   Dominique de Villepin s\u2019alarme de la marginalisation des partisans de \u00ab la paix \u00bb ? Mais n\u2019est-ce pas par la lutte et dans la lutte que la cause palestinienne c\u2019est affirm\u00e9. Sans les armes de sa guerre juste elle n\u2019eut jamais exist\u00e9.  \u00ab La paix maintenant \u00bb, c\u2019est vouloir finir la cause sans acc\u00e9der \u00e0 ses revendications. Les partisans de la paix c\u00f4t\u00e9 palestinien sont les liquidateurs de la cause nationale palestinienne. Regretter qu\u2019ils aient \u00e9t\u00e9 marginalis\u00e9, c\u2019est regretter qu\u2019on n\u2019ait pas plus vite annul\u00e9 la cause palestinienne en la dig\u00e9rant dans un \u00ab compromis \u00bb foireux. Historiquement le compromis foireux se fut les accords d\u2019Oslo, la r\u00e9alisation d\u2019un Ersatz d\u2019Etat confetti qui a permis de fixer l\u2019autorit\u00e9 palestinienne, \u00e9quip\u00e9e des seules armes de police, \u00e0 la disposition des ennemis h\u00e9r\u00e9ditaires du peuple palestinien. Une capitulation d\u00e9guis\u00e9e en demi-victoire. C\u2019est \u00e0 ce pi\u00e8ge, que le Hamas reprenant le flambeau du combat national que le Fatah laissait choir, a voulu \u00e9chapper. Faut-il le regretter, faut-il l\u2019en bl\u00e2mer ? Certainement pas, car sans cela il n\u2019y aurait plus, \u00e0 l\u2019heure qu\u2019il est, de cause palestinienne. Et ni Dominique de Villepin, ni personne ne serait plus dans l\u2019embarras de devoir faire des choix douloureux entre la s\u00e9curit\u00e9 d\u2019Isra\u00ebl et l\u2019aboutissement de la revendication nationale palestinienne.   Nous n\u2019avons-nous m\u00eame rien \u00e0 voir avec le Hamas, ni avec une quelconque forme de l\u2019Islam radical, ni d\u2019ailleurs avec la moindre approche confessionnelle des probl\u00e8mes. Mais fid\u00e8les \u00e0 la juste cause du peuple palestinien nous appuyons sans partage ceux qui la d\u00e9fendent quelles que puissent \u00eatre nos pr\u00e9venances \u00e0 leur endroit. C\u2019est une feinte lamentable en effet que de pr\u00e9tendre d\u00e9fendre une cause en condamnant ceux par qui elle a l\u2019heur d\u2019exister encore.  Il en va diff\u00e9remment des partisans de la paix en Isra\u00ebl qui sont ceux des citoyens isra\u00e9liens ouverts \u00e0 l\u2019\u00e9coute des revendications palestiniennes.  ISRA\u00cbL, MYTHE ET R\u00c9ALIT\u00c9  Nous avons souvent dans nos pages, particuli\u00e8rement depuis 2011, avec les \u00e9v\u00e8nements qui furent baptis\u00e9s \u00ab printemps arabes \u00bb, fait le proc\u00e8s de ces autres balivernes, d\u00e9mocratiques celle-l\u00e0, que nous d\u00e9bitent \u00e0 longueur de journ\u00e9es les pouvoirs occidentaux et la machine m\u00e9diatique \u00e0 leur solde. Homme de droite, homme de pouvoir, Dominique de Villepin consacre \u00e0 ces m\u00eames balivernes. C\u2019est pourquoi il \u00e9crit :  \u00ab L\u2019\u00c9tat isra\u00e9lien se condamne \u00e0 des op\u00e9rations r\u00e9guli\u00e8res \u00e0 Gaza ou en Cisjordanie, cette strat\u00e9gie terrifiante parce qu\u2019elle condamne les Palestiniens au sous-d\u00e9veloppement et \u00e0 la souffrance, terrifiante parce qu\u2019elle condamne Isra\u00ebl peu \u00e0 peu \u00e0 devenir un \u00c9tat s\u00e9gr\u00e9gationniste, militariste et autoritaire. \u00bb  Isra\u00ebl ne serait donc pas ce qu\u2019il est mais le deviendrait \u00ab peu \u00e0 peu \u00bb par la faute d\u2019une politique d\u00e9l\u00e9t\u00e8re. Dominique de Villepin prend pour argent comptant sans m\u00eame la discuter la proposition \u00e9tablie selon laquelle Isra\u00ebl serait un \u00c9tat d\u00e9mocratique comme le confirme la proposition ci-dessous :  \u00ab Cela signifie concr\u00e8tement d\u2019assumer des sanctions \u00e9conomiques cibl\u00e9es et gradu\u00e9es, notamment pour des activit\u00e9s directement li\u00e9es aux op\u00e9rations \u00e0 Gaza ou aux activit\u00e9s \u00e9conomiques dans les colonies. Je ne crois gu\u00e8re aux sanctions face \u00e0 des \u00c9tats autoritaires qu\u2019elles renforcent. Elles peuvent \u00eatre utiles dans une soci\u00e9t\u00e9 d\u00e9mocratique qui doit \u00eatre mise face aux r\u00e9alit\u00e9s. \u00bb  Or la v\u00e9rit\u00e9 est autre. Sioniste, l\u2019\u00c9tat d\u2019Isra\u00ebl est un Etat colonialiste, fond\u00e9 sur l\u2019id\u00e9e \u00ab du retour \u00e0 la terre promise \u00bb et sur la \u00ab jud\u00e9it\u00e9 \u00bb l\u2019\u00c9tat d\u2019Isra\u00ebl est un Etat Th\u00e9ocratique int\u00e9griste. Le reste en d\u00e9coule. L\u2019\u00c9tat d\u2019Isra\u00ebl n\u2019a aucun besoin de devenir \u00ab s\u00e9gr\u00e9ga-sioniste, militariste ou autoritaire \u00bb, il l\u2019est d\u00e8s son origine, ce sont l\u00e0 les caract\u00e8res constitutifs de sa r\u00e9alit\u00e9 historique.SUPRANATIONALIT\u00c9 ET R\u00c9ALIT\u00c9S  Isra\u00ebl, les USA, la France m\u00eame, ne jouent pas franc jeu dans cette affaire. Alors Dominique de Villepin s\u2019en remet aux instances supranationales, l\u2019ONU, la CPI, l\u2019interposition :   \u00ab Face \u00e0 l\u2019absence de plan de paix, seules des mesures impos\u00e9es et capables de changer la donne sont susceptibles de r\u00e9veiller les partenaires de leur torpeur. C\u2019est au premier chef la responsabilit\u00e9 de la France. \u00bb  \u00ab Le deuxi\u00e8me outil, c\u2019est la justice internationale. L\u2019urgence aujourd\u2019hui, c\u2019est d\u2019emp\u00eacher que des crimes de guerre soient commis. Pour cela, il est temps de donner droit aux demandes palestiniennes d\u2019adh\u00e9rer \u00e0 la Cour p\u00e9nale internationale, qui demeure aujourd\u2019hui le meilleur garant de la loi internationale. C\u2019est une mani\u00e8re de mettre les Territoires palestiniens sous protection internationale. \u00bb  \u00ab Le troisi\u00e8me outil \u00e0 la disposition de la communaut\u00e9 internationale, c\u2019est l\u2019interposition. \u00c0 d\u00e9faut de pouvoir n\u00e9gocier une solution, il faut l\u2019imposer par la mise sous mandat de l\u2019ONU de Gaza, de la Cisjordanie et de J\u00e9rusalem Est, avec une administration et une force de paix internationales. Cette administration serait soumise \u00e0 de grands p\u00e9rils, du c\u00f4t\u00e9 de tous les extr\u00e9mistes, nous le savons, mais la paix exige des sacrifices. Elle aurait vocation \u00e0 redresser l\u2019\u00e9conomie et la soci\u00e9t\u00e9 sur ces territoires par un plan d\u2019aide significatif et par la protection des civils. Elle aurait \u00e9galement pour but de renouer le dialogue inter palestinien et de garantir des \u00e9lections libres sur l\u2019ensemble de ces territoires. Forte de ces r\u00e9sultats, elle appuierait des pourparlers de paix avec Isra\u00ebl en en tra\u00e7ant les grandes lignes. \u00bb  Or, la Justice internationale, le droit international qu\u2019elle est cens\u00e9  faire appliquer, ne sont-ils pas en v\u00e9rit\u00e9 que les \u00e9manations des \u00c9tats ? Pourquoi voudriez-vous que les instances internationales qui en \u00e9manent fassent mieux ou diff\u00e9remment que les \u00e9tats dont elles sont les choses ?  Voil\u00e0 en v\u00e9rit\u00e9 des id\u00e9es et concepts qui pr\u00e9tendent en imposer aux esprits simples et pacifiques, mais qui ne se fondent sur rien autre que des illusions et des affabulations. Dans le monde vrai, le seul droit et la seule justice internationale qui s\u2019appliquent sont ceux de l\u2019imp\u00e9rialisme dominant. Quand le Conseil de s\u00e9curit\u00e9 de l\u2019ONU, par le v\u00e9to de la France, refusa de donner son feu vert \u00e0 l\u2019agression des USA contre l\u2019Irak, les USA n\u2019en firent tout de m\u00eame qu\u2019\u00e0 leur t\u00eate, et quand la Russie et la Chine s\u2019oppos\u00e8rent \u00e0 l\u2019intervention en Syrie, Les am\u00e9ricains et la France d\u00e9cid\u00e8rent de passer outre. Nous ne doutons pas que l\u2019intention profonde de Dominique de Villepin, l\u2019homme du c\u00e9l\u00e8bre discours du 14 f\u00e9vrier 2003 devant le Conseil de S\u00e9curit\u00e9 de l\u2019ONU contre la guerre en Irak, soit fort \u00e9loign\u00e9e de cela. Mais en l\u2019occurrence il ne s\u2019agit pas d\u2019intentions mais de r\u00e9alit\u00e9 objective. En r\u00e9f\u00e9rer \u00e0 l\u2019ONU, \u00e0 l\u2019interposition, c\u2019est redonner la main \u00e0 l\u2019imp\u00e9rialisme dominant, c\u2019est vouloir nier le droit des peuples \u00e0 l\u2019insurrection, \u00e0 faire valoir leurs droits. Au bout du compte, et qu\u2019elles que soient les intentions de d\u00e9part, cela se r\u00e9sout en un stratag\u00e8me pour faire taire des revendications auxquelles on ne d\u00e9sire pas acc\u00e9der.   La seule garantie de la r\u00e9alisation des revendications nationales palestiniennes, c\u2019est la poursuite du combat et non la reddition fut-elle en se rangeant \u00e0 la raison d\u2019un tiers.  LA SOLUTION DU C\u0152UR ET DE LA RAISON  Parce qu\u2019il veut paraitre \u00e9quilibr\u00e9 dans ses positions, Dominique de Villepin se croit oblig\u00e9 d\u2019appuyer lourdement sur la question de la s\u00e9curit\u00e9 d\u2019Isra\u00ebl. \u00ab Une France \u2013 \u00e9crit-il &#8211;  qui est attach\u00e9e ind\u00e9fectiblement \u00e0 l\u2019existence et \u00e0 la s\u00e9curit\u00e9 d\u2019Isra\u00ebl mais qui ne saurait oublier les droits et devoirs qui sont conf\u00e9r\u00e9s \u00e0 Isra\u00ebl en sa qualit\u00e9 d\u2019\u00c9tat constitu\u00e9. \u00bb  Mais comment s\u2019attacher tant \u00e0 r\u00e9p\u00e9ter son attachement \u00e0 la s\u00e9curit\u00e9 d\u2019Isra\u00ebl quand on pr\u00e9tend d\u00e9fendre la juste cause palestinienne ?  La s\u00e9curit\u00e9 d\u2019Isra\u00ebl cela ne veut-il pas dire le renoncement des palestiniens \u00e0 leur juste combat ? D\u00e9clarer le droit \u00e0 la s\u00e9curit\u00e9 d\u2019un \u00e9tat colonialiste et oppresseur n\u2019est-ce pas d\u00e9nier au peuple opprim\u00e9 le droit inali\u00e9nable d\u2019insurrection contre l\u2019injustice.   Je ne suis pas pour ma part attach\u00e9 \u00e0 la s\u00e9curit\u00e9 d\u2019Isra\u00ebl, et ne le serait pas, aussi longtemps que la revendication nationale palestinienne ne sera pas satisfaite.   Pour autant, sommes-nous nous m\u00eame pour la \u00ab guerre perp\u00e9tuelle \u00bb. Pas le moins du monde. Nous aspirons \u00e0 la paix, nous aussi, pour les juifs d\u2019Isra\u00ebl comme pour les palestiniens.   \u00ab Le peuple isra\u00e9lien est un peuple de m\u00e9moire, de fiert\u00e9 et de courage. \u00bb &#8211; nous dit Dominique de Villepin \u2013 \u00ab  Mais aujourd\u2019hui c\u2019est une logique folle qui s\u2019est empar\u00e9e de son \u00c9tat, une logique qui conduit \u00e0 d\u00e9truire la possibilit\u00e9 d\u2019une solution \u00e0 deux \u00c9tats, seule envisageable. \u00bb   Mais pourquoi diantre la \u00ab solution \u00e0 deux \u00c9tats \u00bb serait-elle \u00ab seule envisageable \u00bb ? Il suffit de r\u00e9fl\u00e9chir \u00e0 cette question pour se rendre compte qu\u2019en v\u00e9rit\u00e9 ce n\u2019est que la r\u00e9ponse impos\u00e9e par l\u2019imp\u00e9rialisme dominant lui-m\u00eame, parce qu\u2019elle m\u00e9nage ses propres int\u00e9r\u00eats: l\u2019instrumentalisation d\u2019Isra\u00ebl comme son bras arm\u00e9, son outil de domination du Proche-Orient arabe. C\u2019est cette probl\u00e9matique qui maintien Isra\u00ebl dans l\u2019assujettissement qui est le sien \u00e0 l\u2019\u00e9gard des \u00c9tats-Unis et lui interdit toute approche hors adversit\u00e9 de la pr\u00e9sence juive au Moyen-Orient.  Mais il existe pourtant une autre option. Celle que nous avions appel\u00e9e \u00ab la solution du c\u0153ur et de la raison \u00bb, pour laquelle nous avons d\u00e9j\u00e0 milit\u00e9 dans le dernier chapitre de notre brochure \u00ab des armes pour la Palestine \u00bb. Nous allons y revenir, et, nous le savons, ce sera notre tour de nous faire traiter d\u2019Utopiste, par tous les partisans de la \u00ab solution \u00e0 deux \u00c9tats. Ceux-l\u00e0 en effet sont ceux qui refusent de voir bien en face une r\u00e9alit\u00e9 inacceptable qui d\u00e9coule d\u2019un malentendu, ou vice originel, \u00e0 la cr\u00e9ation de l\u2019\u00c9tat d\u2019Isra\u00ebl. Pire m\u00eame, en ce qui concerne l\u2019administration am\u00e9ricaine\u2019 qui a fait un principe de la reconnaissance d\u2019Isra\u00ebl comme \u00ab \u00c9tat juif \u00bb. C\u2019est l\u2019id\u00e9e qu\u2019a d\u00e9fendu Barak Obama dans plusieurs de ses discours sur l\u2019\u00e9tat de l\u2019Union ou devant l\u2019Assembl\u00e9e G\u00e9n\u00e9rale annuelle de l\u2019ONU. Un \u00c9tat juif, c\u2019est-\u00e0-dire un \u00c9tat ethnique, confessionnel, int\u00e9griste. Un tel \u00c9tat n\u2019a pas lieu d\u2019\u00eatre. Pas question de reconnaitre l\u2019\u00c9tat d\u2019Isra\u00ebl comme \u00c9tat Juif enti\u00e8rement contraire \u00e0 l\u2019esprit d\u00e9mocratique qui se fonde sur la multi ethnicit\u00e9, la la\u00efcit\u00e9, et la libert\u00e9 des cultes.   C\u2019est l\u2019\u00c9tat sioniste d\u2019Isra\u00ebl lui-m\u00eame qui doit disparaitre. La solution, la seule vraiment valable, c\u2019est celle d\u2019un \u00c9tat la\u00efque de Palestine dans lequel juifs et arabes vivront tous en paix et en harmonie, comme des citoyens \u00e0 part enti\u00e8re. Ce choix, cette d\u00e9marche appartient aux seuls peuples concern\u00e9s, contre les int\u00e9r\u00eats internationaux \u00e9trangers qui les opposent et les instrumentalisent.  Utopie ? Non dois-je r\u00e9pondre. Cette id\u00e9e tellement marginale est pourtant la seule qui vaut. Marginale ? C\u2019est en v\u00e9rit\u00e9 la plus puissante qui s\u2019imposera sous peu car c\u2019est celle du c\u0153ur et de la raison  *  Vous l\u2019avez compris, disputant ici avec Dominique de Villepin, c\u2019est aussi avec le PCF que j\u2019entends d\u00e9battre, qui fait actuellement signer une p\u00e9tition pour en appeler lui aussi aux instances internationales. C\u2019est aussi avec Nassimah Dindar, Pr\u00e9sidente du Conseil g\u00e9n\u00e9ral de La R\u00e9union et Pr\u00e9sidente de la F\u00e9d\u00e9ration UDI de La R\u00e9union, qui fait signer une p\u00e9tition sur \u00ab Change-org \u00bb, par laquelle elle en appelle \u00e0 Fran\u00e7ois Hollande pour que la France interf\u00e8re au Conseil de s\u00e9curit\u00e9 de l\u2019ONU pour r\u00e9clamer l\u2019interposition des casques bleus. C\u2019est enfin avec tous ceux qui, sans nul doute sinc\u00e8res n\u2019en sont pas moins des d\u00e9fenseurs incons\u00e9quents de la cause palestinienne.   Jeudi 7 ao\u00fbt 2014.<\/p>\n","protected":false},"excerpt":{"rendered":"<p>DISPUTE A DOMINIQUE DE VILLEPIN,\u2026 ET AUX AUTRES. Nous avons publi\u00e9 le 1er ao\u00fbt la Tribune de Dominique de Villepin, [&hellip;]<\/p>\n","protected":false},"author":1,"featured_media":0,"comment_status":"open","ping_status":"open","sticky":false,"template":"","format":"standard","meta":{"sfsi_plus_gutenberg_text_before_share":"","sfsi_plus_gutenberg_show_text_before_share":"","sfsi_plus_gutenberg_icon_type":"","sfsi_plus_gutenberg_icon_alignemt":"","sfsi_plus_gutenburg_max_per_row":"","site-sidebar-layout":"default","site-content-layout":"","ast-site-content-layout":"default","site-content-style":"default","site-sidebar-style":"default","ast-global-header-display":"","ast-banner-title-visibility":"","ast-main-header-display":"","ast-hfb-above-header-display":"","ast-hfb-below-header-display":"","ast-hfb-mobile-header-display":"","site-post-title":"","ast-breadcrumbs-content":"","ast-featured-img":"","footer-sml-layout":"","ast-disable-related-posts":"","theme-transparent-header-meta":"","adv-header-id-meta":"","stick-header-meta":"","header-above-stick-meta":"","header-main-stick-meta":"","header-below-stick-meta":"","astra-migrate-meta-layouts":"default","ast-page-background-enabled":"default","ast-page-background-meta":{"desktop":{"background-color":"var(--ast-global-color-4)","background-image":"","background-repeat":"repeat","background-position":"center center","background-size":"auto","background-attachment":"scroll","background-type":"","background-media":"","overlay-type":"","overlay-color":"","overlay-opacity":"","overlay-gradient":""},"tablet":{"background-color":"","background-image":"","background-repeat":"repeat","background-position":"center center","background-size":"auto","background-attachment":"scroll","background-type":"","background-media":"","overlay-type":"","overlay-color":"","overlay-opacity":"","overlay-gradient":""},"mobile":{"background-color":"","background-image":"","background-repeat":"repeat","background-position":"center center","background-size":"auto","background-attachment":"scroll","background-type":"","background-media":"","overlay-type":"","overlay-color":"","overlay-opacity":"","overlay-gradient":""}},"ast-content-background-meta":{"desktop":{"background-color":"var(--ast-global-color-5)","background-image":"","background-repeat":"repeat","background-position":"center center","background-size":"auto","background-attachment":"scroll","background-type":"","background-media":"","overlay-type":"","overlay-color":"","overlay-opacity":"","overlay-gradient":""},"tablet":{"background-color":"var(--ast-global-color-5)","background-image":"","background-repeat":"repeat","background-position":"center center","background-size":"auto","background-attachment":"scroll","background-type":"","background-media":"","overlay-type":"","overlay-color":"","overlay-opacity":"","overlay-gradient":""},"mobile":{"background-color":"var(--ast-global-color-5)","background-image":"","background-repeat":"repeat","background-position":"center center","background-size":"auto","background-attachment":"scroll","background-type":"","background-media":"","overlay-type":"","overlay-color":"","overlay-opacity":"","overlay-gradient":""}},"footnotes":""},"categories":[16],"tags":[],"class_list":["post-1245","post","type-post","status-publish","format-standard","hentry","category-archives-cms"],"_links":{"self":[{"href":"https:\/\/lavoiedessansvoix.fr\/lavoie\/wp-json\/wp\/v2\/posts\/1245","targetHints":{"allow":["GET"]}}],"collection":[{"href":"https:\/\/lavoiedessansvoix.fr\/lavoie\/wp-json\/wp\/v2\/posts"}],"about":[{"href":"https:\/\/lavoiedessansvoix.fr\/lavoie\/wp-json\/wp\/v2\/types\/post"}],"author":[{"embeddable":true,"href":"https:\/\/lavoiedessansvoix.fr\/lavoie\/wp-json\/wp\/v2\/users\/1"}],"replies":[{"embeddable":true,"href":"https:\/\/lavoiedessansvoix.fr\/lavoie\/wp-json\/wp\/v2\/comments?post=1245"}],"version-history":[{"count":0,"href":"https:\/\/lavoiedessansvoix.fr\/lavoie\/wp-json\/wp\/v2\/posts\/1245\/revisions"}],"wp:attachment":[{"href":"https:\/\/lavoiedessansvoix.fr\/lavoie\/wp-json\/wp\/v2\/media?parent=1245"}],"wp:term":[{"taxonomy":"category","embeddable":true,"href":"https:\/\/lavoiedessansvoix.fr\/lavoie\/wp-json\/wp\/v2\/categories?post=1245"},{"taxonomy":"post_tag","embeddable":true,"href":"https:\/\/lavoiedessansvoix.fr\/lavoie\/wp-json\/wp\/v2\/tags?post=1245"}],"curies":[{"name":"wp","href":"https:\/\/api.w.org\/{rel}","templated":true}]}}