{"id":1244,"date":"2014-08-08T02:18:00","date_gmt":"2014-08-08T00:18:00","guid":{"rendered":"https:\/\/lavoiedessansvoix.fr\/lavoie\/2014\/08\/08\/archive-palestine-monsieur-le-president-vous-egarez-la-france\/"},"modified":"2014-08-08T02:18:00","modified_gmt":"2014-08-08T00:18:00","slug":"archive-palestine-monsieur-le-president-vous-egarez-la-france","status":"publish","type":"post","link":"https:\/\/lavoiedessansvoix.fr\/lavoie\/2014\/08\/08\/archive-palestine-monsieur-le-president-vous-egarez-la-france\/","title":{"rendered":"Palestine : Monsieur le Pr\u00e9sident, vous \u00e9garez la France"},"content":{"rendered":"<p>Nous prenons la libert\u00e9 de publier dans nos pages, ce long, mais combien important article d\u2019Edwy Plenel, que nous avons pour notre part trouv\u00e9 sur le Site web d\u2019Allain Jules.   Celui-ci confirme, avec d\u2019autres mots et dans un autre style, le bien fond\u00e9 de tous les griefs et de toutes les critiques que nous adressons nous-m\u00eames depuis deux ans, \u00e0 Fran\u00e7ois Hollande et \u00e0 ses gouvernements successifs.  Nous avons lu attentivement l\u2019article d\u2019Edwy Plenel et n\u2019y avons trouv\u00e9 que tr\u00e8s peu de points de controverses possibles. Nous vous le livrons donc dans son int\u00e9gralit\u00e9 et sans plus de commentaires.   (lvdsv.9 ao\u00fbt2014.))    Palestine : Monsieur le Pr\u00e9sident, vous \u00e9garez la France  . Posted on ao\u00fbt 4, 2014 @ 14:21                                                                                                                                                                   http:\/\/allainjules.files.wordpress.com\/2014\/08\/edwy-plenel-e1407154638616.jpg?w=594Par Edwy Plenel   De l\u2019alignement pr\u00e9alable sur la  droite extr\u00eame isra\u00e9lienne \u00e0 l\u2019interdiction de manifestations de  solidarit\u00e9 avec le peuple palestinien, sans compter l\u2019assimilation de  cette solidarit\u00e9 \u00e0 de l\u2019antis\u00e9mitisme maquill\u00e9 en antisionisme, Fran\u00e7ois  Hollande s\u2019est engag\u00e9 dans une impasse. Politiquement, il n\u2019y gagnera  rien, sauf le d\u00e9shonneur. Mais, \u00e0 coup s\u00fbr, il y perd la France. Monsieur le Pr\u00e9sident, cher Fran\u00e7ois  Hollande, je n\u2019aurais jamais pens\u00e9 que vous puissiez rester, un jour,  dans l\u2019histoire du socialisme fran\u00e7ais, comme un nouveau Guy Mollet. Et,  \u00e0 vrai dire, je n\u2019arrive pas \u00e0 m\u2019y r\u00e9soudre tant je vous croyais averti  de ce danger d\u2019une rechute socialiste dans l\u2019aveuglement national et  l\u2019alignement international, cette pr\u00e9tention de civilisations qui se  croient sup\u00e9rieures au point de s\u2019en servir d\u2019alibi pour justifier les  injustices qu\u2019elles commettent. Vous connaissez bien ce spectre  molletiste qui hante toujours votre famille politique. Celui d\u2019un  militant d\u00e9vou\u00e9 \u00e0 son parti, la SFIO, d\u2019un dirigeant aux convictions  d\u00e9mocratiques et sociales ind\u00e9niables, qui finit par perdre  politiquement son cr\u00e9dit et moralement son \u00e2me faute d\u2019avoir compris le  nouveau monde qui naissait sous ses yeux. C\u2019\u00e9tait, dans les ann\u00e9es 1950  du si\u00e8cle pass\u00e9, celui de l\u2019\u00e9mergence du tiers-monde, du sursaut de  peuples asservis secouant les jougs colonisateurs et imp\u00e9riaux, bref le  temps de leurs lib\u00e9rations et des ind\u00e9pendances nationales. Guy Mollet, et la majorit\u00e9 de gauche qui  le soutenait, lui oppos\u00e8rent, vous le savez, un d\u00e9ni de r\u00e9alit\u00e9. Ils  s\u2019accroch\u00e8rent \u00e0 un monde d\u2019hier, d\u00e9j\u00e0 perdu, ajoutant du malheur par  leur ent\u00eatement, aggravant l\u2019injustice par leur aveuglement. C\u2019est ainsi  qu\u2019ils pr\u00e9tendirent que l\u2019Alg\u00e9rie devait \u00e0 tout prix rester la France,  jusqu\u2019\u00e0 engager le contingent dans une sale guerre, jusqu\u2019\u00e0 autoriser  l\u2019usage de la torture, jusqu\u2019\u00e0 violenter les libert\u00e9s et museler les  oppositions. Et c\u2019est avec la m\u00eame mentalit\u00e9 coloniale qu\u2019ils engag\u00e8rent  notre pays dans une d\u00e9sastreuse aventure guerri\u00e8re \u00e0 Suez contre  l\u2019\u00c9gypte souveraine, aux c\u00f4t\u00e9s du jeune \u00c9tat d\u2019Isra\u00ebl. Mollet n\u2019\u00e9tait ni un imb\u00e9cile ni un  incomp\u00e9tent. Il \u00e9tait simplement aveugle au monde et aux autres. Des  autres qui, d\u00e9j\u00e0, prenaient figure d\u2019Arabes et de musulmans dans la  diversit\u00e9 d\u2019origines, la pluralit\u00e9 de cultures et la plasticit\u00e9 de  croyance que ces mots recouvrent. Lesquels s\u2019invitaient de nouveau au  banquet de l\u2019Histoire, s\u2019assumant comme tels, revendiquant leurs  fiert\u00e9s, d\u00e9sirant leurs libert\u00e9s. Et qui, selon le m\u00eame r\u00e9flexe de  dignit\u00e9 et de fraternit\u00e9, ne peuvent admettre qu\u2019aujourd\u2019hui encore,  l\u2019injustice europ\u00e9enne faite aux Juifs, ce crime contre l\u2019humanit\u00e9  auquel ils n\u2019eurent aucune part, se redouble d\u2019une injustice durable  faite \u00e0 leurs fr\u00e8res palestiniens, par le d\u00e9ni de leur droit \u00e0 vivre  librement dans un \u00c9tat normal, aux fronti\u00e8res s\u00fbres et reconnues. Vous connaissez si bien la suite,  d\u00e9sastreuse pour votre famille politique et, au-del\u00e0 d\u2019elle, pour toute  la gauche de gouvernement, que vous l\u2019aviez diagnostiqu\u00e9e vous-m\u00eame, en  2006, dans Devoirs de v\u00e9rit\u00e9 (Stock). \u00ab Une faute, disiez-vous, qui a \u00e9t\u00e9 ch\u00e8rement pay\u00e9e : vingt-cinq ans d\u2019opposition, ce n\u2019est pas rien ! \u00bb  Sans compter, auriez-vous pu ajouter, la renaissance \u00e0 cette occasion  de l\u2019extr\u00eame droite fran\u00e7aise \u00e9clips\u00e9e depuis la chute du nazisme et  l\u2019av\u00e8nement d\u2019institutions d\u2019exception, celles d\u2019un pouvoir personnel,  celui du c\u00e9sarisme pr\u00e9sidentiel. Vingt-cinq ans de \u00ab p\u00e9nitence \u00bb, insistiez-vous, parce que la SFIO, l\u2019anc\u00eatre de votre Parti socialiste d\u2019aujourd\u2019hui, \u00ab a perdu son \u00e2me dans la guerre d\u2019Alg\u00e9rie \u00bb. Vous en \u00e9tiez si conscient que vous ajoutiez : \u00ab Nous  avons encore des excuses \u00e0 pr\u00e9senter au peuple alg\u00e9rien. Et nous devons  faire en sorte que ce qui a \u00e9t\u00e9 ne se reproduise plus. \u00bb \u00ab Nous ne sommes jamais s\u00fbrs d\u2019avoir raison, de prendre la bonne direction, de choisir la juste orientation, \u00e9criviez-vous encore. Mais  nous devons, \u00e0 chaque moment majeur, nous poser ces questions simples :  agissons-nous conform\u00e9ment \u00e0 nos valeurs ? Sommes-nous s\u00fbrs de ne pas  alt\u00e9rer nos principes ? Restons-nous fid\u00e8les \u00e0 ce que nous sommes ? Ces  questions doivent \u00eatre pos\u00e9es \u00e0 tout moment, au risque sinon d\u2019oublier  la le\u00e7on. \u00bb Eh bien, ces questions, je viens vous les  poser parce que, h\u00e9las, vous \u00eates en train d\u2019oublier la le\u00e7on et, \u00e0  votre tour, de devenir aveugle au monde et aux autres. Je vous les pose  au vu des fautes stup\u00e9fiantes que vous avez accumul\u00e9es face \u00e0 cet \u00e9ni\u00e8me  \u00e9pisode guerrier provoqu\u00e9 par l\u2019ent\u00eatement du pouvoir isra\u00e9lien \u00e0 ne  pas reconna\u00eetre le fait palestinien. J\u2019en d\u00e9nombre au moins sept, et ce  n\u2019est \u00e9videmment pas un jeu, f\u00fbt-il des sept erreurs, tant elles  entra\u00eenent la France dans la spirale d\u2019une guerre des mondes, des  civilisations et des identit\u00e9s, une guerre sans issue, sinon celle de la  mort et de la haine, de la d\u00e9solation et de l\u2019injustice, de  l\u2019inhumanit\u00e9 en somme, ce sombre chemin o\u00f9 l\u2019humanit\u00e9 en vient \u00e0 se  d\u00e9truire elle-m\u00eame. Les voici donc ces sept fautes o\u00f9, en m\u00eame temps qu\u2019\u00e0 l\u2019ext\u00e9rieur, la  guerre ruine la diplomatie, la politique int\u00e9rieure en vient \u00e0 se  r\u00e9duire \u00e0 la police.Une faute politique doubl\u00e9e d\u2019une faute intellectuelle1. Vous avez d\u2019abord commis une faute politique sid\u00e9rante.  Rompant avec la position traditionnellement \u00e9quilibr\u00e9e de la France  face au conflit isra\u00e9lo-palestinien, vous avez align\u00e9 notre pays sur la  ligne d\u2019offensive \u00e0 outrance et de refus des compromis de la droite  isra\u00e9lienne, laquelle gouverne avec une extr\u00eame droite explicitement  raciste, sans morale ni principe, sinon la stigmatisation des  Palestiniens et la haine des Arabes. Votre position, celle de votre premier  communiqu\u00e9 du 9 juillet, invoque les attaques du Hamas pour justifier  une riposte isra\u00e9lienne disproportionn\u00e9e dont la population civile de  Gaza allait, une fois de plus, faire les frais. Purement r\u00e9active et en  grande part improvis\u00e9e (lire ici l\u2019article de Lena\u00efg Bredoux),  elle fait fi de toute complexit\u00e9, notamment celle du duo infernal que  jouent Likoud et Hamas, l\u2019un et l\u2019autre se l\u00e9gitimant dans la ruine des  efforts de paix (lire l\u00e0 l\u2019article de Fran\u00e7ois Bonnet). Surtout, elle est inqui\u00e9tante pour  l\u2019avenir, face \u00e0 une situation internationale de plus en plus incertaine  et confuse. \u00c0 la lettre, ce feu vert donn\u00e9 \u00e0 un \u00c9tat dont la force  militaire est sans commune mesure avec celle de son adversaire revient \u00e0  l\u00e9gitimer, r\u00e9troactivement, la sur-r\u00e9action am\u00e9ricaine apr\u00e8s les  attentats du 11-Septembre, son Patriot Act liberticide et sa guerre  d\u2019invasion contre l\u2019Irak. Bref, votre position tourne le dos \u00e0 ce que la  France officielle, sous la pr\u00e9sidence de Jacques Chirac, avait su  construire et affirmer, dans l\u2019autonomie de sa diplomatie, face \u00e0  l\u2019aveuglement nord-am\u00e9ricain. Depuis, vous avez tent\u00e9 de mod\u00e9rer cet  alignement n\u00e9oconservateur par des communiqu\u00e9s invitant \u00e0 l\u2019apaisement, \u00e0  la retenue de la force isra\u00e9lienne et au soulagement des souffrances  palestiniennes. Ce faisant, vous ajoutez l\u2019hypocrisie \u00e0 l\u2019incoh\u00e9rence.  Car c\u2019est une fausse compassion que celle fond\u00e9e sur une fausse sym\u00e9trie  entre les bellig\u00e9rants. Isra\u00ebl et Palestine ne sont pas ici \u00e0 \u00e9galit\u00e9.  Non seulement en rapport de force militaire mais selon le droit  international. En violation de r\u00e9solutions des Nations  unies, Isra\u00ebl maintient depuis 1967 une situation d\u2019occupation, de  domination et de colonisation de territoires conquis lors de la guerre  des Six Jours, et jamais rendus \u00e0 la souverainet\u00e9 pleine et enti\u00e8re d\u2019un  \u00c9tat palestinien en devenir. C\u2019est cette situation d\u2019injustice  prolong\u00e9e qui provoque en retour des refus, r\u00e9sistances et r\u00e9voltes, et  ceci d\u2019autant plus que le pouvoir palestinien issu du Fatah en  Cisjordanie n\u2019a pas r\u00e9ussi \u00e0 faire plier l\u2019intransigeance isra\u00e9lienne,  laquelle, du coup, l\u00e9gitime les actions guerri\u00e8res de son rival, le  Hamas, depuis qu\u2019il s\u2019est impos\u00e9 \u00e0 Gaza. Historiquement, la diff\u00e9rence entre  progressistes et conservateurs, c\u2019est que les premiers cherchent \u00e0  r\u00e9duire l\u2019injustice qui est \u00e0 l\u2019origine d\u2019un d\u00e9sordre tandis que les  seconds sont r\u00e9solus \u00e0 l\u2019injustice pour faire cesser le d\u00e9sordre. H\u00e9las,  Monsieur le Pr\u00e9sident, vous avez spontan\u00e9ment choisi le second camp,  \u00e9garant ainsi votre propre famille politique sur le terrain de ses  adversaires. 2. Vous avez ensuite commis une faute intellectuelle en confondant sciemment antis\u00e9mitisme et antisionisme.  Ce serait s\u2019aveugler de nier qu\u2019en France, la cause palestinienne a ses  \u00e9gar\u00e9s, antis\u00e9mites en effet, tout comme la cause isra\u00e9lienne y a ses  extr\u00e9mistes, professant un racisme anti-arabe ou antimusulman. Mais  assimiler l\u2019ensemble des manifestations de solidarit\u00e9 avec la Palestine \u00e0  une r\u00e9surgence de l\u2019antis\u00e9mitisme, c\u2019est se faire le relais docile de  la propagande d\u2019\u00c9tat isra\u00e9lienne. Mouvement nationaliste juif, le sionisme a  atteint son but en 1948, avec l\u2019accord des Nations unies, URSS  comprise, sous le choc du g\u00e9nocide nazi dont les Juifs europ\u00e9ens furent  les victimes. Accepter cette l\u00e9gitimit\u00e9 historique de l\u2019\u00c9tat d\u2019Isra\u00ebl,  comme a fini par le faire sous l\u2019\u00e9gide de Yasser Arafat le mouvement  national palestinien, n\u2019entra\u00eene pas que la politique de cet \u00c9tat soit  hors de la critique et de la contestation. \u00catre antisioniste, en ce  sens, c\u2019est refuser la guerre sans fin qu\u2019implique l\u2019affirmation au  Proche-Orient d\u2019un \u00c9tat exclusivement juif, non seulement ferm\u00e9 \u00e0 toute  autre composante mais de plus construit sur l\u2019expulsion des  Palestiniens de leur terre. Confondre antisionisme et antis\u00e9mitisme,  c\u2019est installer un interdit politique au service d\u2019une oppression. C\u2019est  instrumentaliser le g\u00e9nocide dont l\u2019Europe fut coupable envers les  Juifs au service de discriminations envers les Palestiniens dont, d\u00e8s  lors, nous devenons complices. C\u2019est, de plus, enfermer les Juifs de  France dans un soutien oblig\u00e9 \u00e0 la politique d\u2019un \u00c9tat \u00e9tranger, quels  que soient ses actes, selon la m\u00eame logique suiviste et binaire qui  obligeait les communistes de France \u00e0 soutenir l\u2019Union sovi\u00e9tique, leur  autre patrie, quels que soient ses crimes. Alors qu\u2019\u00e9videmment, on peut  \u00eatre juif et antisioniste, juif et r\u00e9solument diasporique plut\u00f4t  qu\u2019aveugl\u00e9ment nationaliste, tout comme il y a des citoyens isra\u00e9liens,  h\u00e9las trop minoritaires, oppos\u00e9s \u00e0 la colonisation et solidaires des  Palestiniens. Brandir cet argument comme l\u2019a fait votre  premier ministre aux c\u00e9r\u00e9monies comm\u00e9moratives de la rafle du V\u00e9l\u2019  d\u2019Hiv\u2019, symbole de la collaboration de l\u2019\u00c9tat fran\u00e7ais au g\u00e9nocide  commis par les nazis, est aussi indigne que ridicule. Protester contre  les violations r\u00e9p\u00e9t\u00e9es du droit international par l\u2019\u00c9tat d\u2019Isra\u00ebl, ce  serait donc pr\u00e9parer la voie au crime contre l\u2019humanit\u00e9 ! Exiger que  justice soit enfin rendue au peuple palestinien, pour qu\u2019il puisse  vivre, habiter, travailler, circuler, etc., normalement, en paix et en  s\u00e9curit\u00e9, ce serait en appeler de nouveau au massacre, ici m\u00eame !Un antiracisme oublieux et infid\u00e8leSi vous pensez spontan\u00e9ment religion  quand s\u2019expriment ici m\u00eame des insatisfactions et des col\u00e8res en  solidarit\u00e9 avec le monde arabe, univers o\u00f9 dominent la culture et la foi  musulmanes, c\u2019est paradoxalement parce que vous ne vous \u00eates pas  r\u00e9solus \u00e0 cette \u00e9vidence d\u2019une France multiculturelle. \u00c0 cette banalit\u00e9  d\u2019une France plurielle, vivant diversement ses appartenances et ses  h\u00e9ritages, qu\u2019\u00e0 l\u2019inverse, votre crispation, o\u00f9 se m\u00ealent la peur et  l\u2019ignorance, enferme dans le communautarisme religieux. Pourtant, les  musulmans de France font de la politique comme vous et moi, en pensant  par eux-m\u00eames, en inventant par leur pr\u00e9sence au monde, \u00e0 ses injustices  et \u00e0 ses urgences, un chemin de citoyennet\u00e9 qui est pr\u00e9cis\u00e9ment ce que  l\u2019on nomme la\u00efcisation. C\u2019est ainsi, Monsieur le Pr\u00e9sident, qu\u2019au  lieu d\u2019\u00e9lever le d\u00e9bat, vous en avez, h\u00e9las, attis\u00e9 les passions. Car  cette r\u00e9duction des musulmans de France \u00e0 un islam lui-m\u00eame r\u00e9duit, par  le prisme s\u00e9curitaire, au terrorisme et \u00e0 l\u2019int\u00e9grisme est un cadeau  fait aux radicalisations religieuses, dans un jeu de miroirs o\u00f9  l\u2019essentialisation x\u00e9nophobe finit par justifier l\u2019essentialisation  identitaire. Une occasion offerte aux \u00e9gar\u00e9s en tous genres. 5. Vous avez surtout commis une faute historique en isolant la lutte contre l\u2019antis\u00e9mitisme des autres vigilances antiracistes.  Comme s\u2019il fallait la mettre \u00e0 part, la sacraliser et la diff\u00e9rencier.  Comme s\u2019il y avait une hi\u00e9rarchie dans le crime contre l\u2019humanit\u00e9, le  crime europ\u00e9en de g\u00e9nocide l\u2019emportant sur d\u2019autres crimes europ\u00e9ens,  esclavagistes ou coloniaux. Comme si le souvenir de ce seul crime  monstrueux devait amoindrir l\u2019indignation, voire simplement la  vigilance, vis-\u00e0-vis d\u2019autres crimes, de guerre ceux-l\u00e0, commis  aujourd\u2019hui m\u00eame. Et ceci au nom de l\u2019origine de ceux qui les  commettent, brandie \u00e0 la fa\u00e7on d\u2019une excuse absolutoire alors m\u00eame, vous  le savez bien, que l\u2019origine, la naissance ou l\u2019appartenance, quelles  qu\u2019elles soient, ne prot\u00e8gent de rien, et certainement pas des folies  humaines. Ce faisant, votre premier ministre et  vous-m\u00eame n\u2019avez pas seulement encourag\u00e9 une d\u00e9testable concurrence des  victimes, au lieu des causes communes qu\u2019il faudrait initier et  promouvoir. Vous avez aussi t\u00e9moign\u00e9 d\u2019un antiracisme fort oublieux et  tr\u00e8s infid\u00e8le. Car il ne suffit pas de se souvenir du crime commis  contre les juifs. Encore faut-il avoir appris et savoir transmettre la  le\u00e7on l\u00e9gu\u00e9e par l\u2019engrenage qui y a conduit : cette lente accoutumance \u00e0  la d\u00e9signation de boucs \u00e9missaires, essentialis\u00e9s, caricatur\u00e9s et  calomni\u00e9s dans un brouet id\u00e9ologique d\u2019ignorance et de d\u00e9fiance qui fit  le lit des pers\u00e9cutions. Or comment ne pas voir qu\u2019aujourd\u2019hui,  dans l\u2019ordinaire de notre soci\u00e9t\u00e9, ce sont d\u2019abord nos compatriotes  d\u2019origine, de culture ou de croyance musulmane qui occupent cette place  peu enviable ? Et comment ne pas comprendre qu\u2019\u00e0 trop rester  indiff\u00e9rents ou insensibles \u00e0 leur sort, ce lot quotidien de petites  discriminations et de grandes d\u00e9testations, nous habituons notre soci\u00e9t\u00e9  tout enti\u00e8re \u00e0 des exclusions en cha\u00eene, tant le racisme fonctionne \u00e0  la mani\u00e8re d\u2019une poup\u00e9e gigogne, des Arabes aux Roms, des Juifs aux  Noirs, et ainsi de suite jusqu\u2019aux homosexuels et autres pr\u00e9tendus  d\u00e9viants ? Ne s\u2019attarder qu\u2019\u00e0 la r\u00e9surgence de  l\u2019antis\u00e9mitisme, c\u2019est dresser une barri\u00e8re immens\u00e9ment fragile face au  racisme renaissant. Le Front national deviendrait-il soudain  fr\u00e9quentable parce qu\u2019il aurait, selon les mots de son vice-pr\u00e9sident,  fait\u00ab sauter le verrou id\u00e9ologique de l\u2019antis\u00e9mitisme \u00bb afin de \u00ab lib\u00e9rer le reste \u00bb ? L\u2019ennemi de l\u2019extr\u00eame droite, confiait \u00e0 Mediapart la chercheuse qui a recueilli cette confidence de Louis Aliot, \u00ab n\u2019est plus le Juif mais le Fran\u00e7ais musulman \u00bb (lire ici notre entretien avec Val\u00e9rie Igounet). De fait, la Commission nationale  consultative des droits de l\u2019Homme (CNCDH), dont vous ne pouvez ignorer  les minutieux et rigoureux travaux, constate, de rapport en rapport  annuels, une mont\u00e9e constante de l\u2019intol\u00e9rance antimusulmane et de la  polarisation contre l\u2019islam (lire nos articles ici et l\u00e0). Dans celui de 2013, on pouvait lire ceci, sous la plume des sociologues et politologues qu\u2019elle avait sollicit\u00e9s : \u00ab Si  on compare notre \u00e9poque \u00e0 celle de l\u2019avant-guerre, on pourrait dire  qu\u2019aujourd\u2019hui le musulman, suivi de pr\u00e8s par le Maghr\u00e9bin, a remplac\u00e9  le juif dans les repr\u00e9sentations et la construction d\u2019un bouc  \u00e9missaire. \u00bb L\u2019antiracisme cons\u00e9quent est celui qui  affronte cette r\u00e9alit\u00e9 tout en restant vigilant sur l\u2019antis\u00e9mitisme. Ce  n\u2019est certainement pas celui qui, \u00e0 l\u2019inverse, pour l\u2019ignorer ou la  relativiser, brandit \u00e0 la mani\u00e8re d\u2019un \u00e9tendard la seule lutte contre  l\u2019antis\u00e9mitisme. Cette faute, h\u00e9las, Monsieur le Pr\u00e9sident, est  impardonnable car non seulement elle distille le venin d\u2019une hi\u00e9rarchie  parmi les victimes du racisme, mais de plus elle conforte les moins  consid\u00e9r\u00e9es d\u2019entre elles dans un sentiment d\u2019abandon qui nourrit leur  r\u00e9volte, sinon leur d\u00e9sespoir. Qui, elles aussi, les \u00e9gare. 6. Vous avez par-dessus tout commis une faute sociale en transformant la jeunesse des quartiers populaires en classe dangereuse.  Votre premier ministre n\u2019a pas h\u00e9sit\u00e9 \u00e0 faire cet amalgame grossier  lors de son discours du V\u00e9l\u2019 d\u2019Hiv\u2019, d\u00e9signant \u00e0 la r\u00e9probation  nationale ces \u00ab quartiers populaires \u00bb o\u00f9 se r\u00e9pand l\u2019antis\u00e9mitisme \u00ab aupr\u00e8s  d\u2019une jeunesse souvent sans rep\u00e8res, sans conscience de l\u2019Histoire et  qui cache sa \u201chaine du Juif \u201d derri\u00e8re un antisionisme de fa\u00e7ade et  derri\u00e8re la haine de l\u2019\u00c9tat d\u2019Isra\u00ebl \u00bb. Mais qui l\u2019a abandonn\u00e9e, cette jeunesse, \u00e0  ces d\u00e9mons ? Qui sinon ceux qui l\u2019ont d\u00e9laiss\u00e9e ou ignor\u00e9e, stigmatis\u00e9e  quand elle revendique en public sa religion musulmane, humili\u00e9e quand  elle voit se poursuivre des contr\u00f4les policiers au faci\u00e8s, discrimin\u00e9e  quand elle ne peut progresser professionnellement et socialement en  raison de son apparence, de son origine ou de sa croyance ? Qui sinon  ceux-l\u00e0 m\u00eames qui, aujourd\u2019hui, nous gouvernent, vous, Monsieur le  Pr\u00e9sident et, surtout, votre premier ministre qui r\u00e9invente cet  \u00e9pouvantail habituel des conservatismes qu\u2019est l\u2019\u00e9quivalence entre  classes populaires et classes dangereuses ?Une jeunesse des quartiers populaires stigmatis\u00e9eCette jeunesse n\u2019a-t-elle pas, elle aussi, des id\u00e9aux, des principes  et des valeurs ? N\u2019est-elle pas, autant que vous et moi, concern\u00e9e par  le monde, ses drames et ses injustices ? Par exemple, comment  pouvez-vous ne pas prendre en compte cette part d\u2019id\u00e9al, f\u00fbt-il ensuite  d\u00e9voy\u00e9, qui pousse un jeune de nos villes \u00e0 partir combattre en Syrie  contre un r\u00e9gime dictatorial et criminel que vous-m\u00eame, Fran\u00e7ois  Hollande, avez imprudemment appel\u00e9 \u00e0 \u00ab punir \u00bb il y a tout juste un an?  Est-ce si compliqu\u00e9 de savoir distinguer ce qui est de l\u2019ordre de  l\u2019id\u00e9alisme juv\u00e9nile et ce qui rel\u00e8ve de la menace terroriste, au lieu  de tout criminaliser en bloc en d\u00e9signant indistinctement des  \u00ab djihadistes \u00bb ? Le pire, c\u2019est qu\u2019\u00e0 force d\u2019aveuglement,  cette politique de la peur que, h\u00e9las, votre pouvoir assume \u00e0 son tour,  alimente sa proph\u00e9tie autor\u00e9alisatrice. In\u00e9vitablement, elle suscite  parmi ses cibles leur propre distance, leurs refus et r\u00e9voltes, leur  r\u00e9sistance en somme, un entre soi de fiert\u00e9 ou de col\u00e8re pour faire face  aux stigmatisations et aux exclusions, les affronter et les surmonter. \u00ab On  finit par cr\u00e9er un danger, en criant chaque matin qu\u2019il existe. \u00c0 force  de montrer au peuple un \u00e9pouvantail, on cr\u00e9e le monstre r\u00e9el \u00bb : ces lignes pr\u00e9monitoires sont d\u2019\u00c9mile Zola, en 1896, au seuil de son entr\u00e9e dans la m\u00eal\u00e9e dreyfusarde, dans un article du Figaro intitul\u00e9 \u00ab Pour les Juifs \u00bb. Zola avait cette lumineuse prescience de  ceux qui savent se mettre \u00e0 la place de l\u2019autre et qui, du coup,  comprennent les r\u00e9voltes, d\u00e9sirs de revanche et volont\u00e9 de r\u00e9sister, que  nourrit un trop lourd fardeau d\u2019humiliations avec son cort\u00e8ge de  ressentiments. Monsieur le Pr\u00e9sident, je ne m\u00e9sestime aucunement les  risques et dangers pour notre pays de ce choc en retour. Mais je vous  fais reproche de les avoir aliment\u00e9s plut\u00f4t que de savoir les conjurer.  De les avoir nourris, h\u00e9las, en mettant \u00e0 distance cette jeunesse des  quartiers populaires \u00e0 laquelle, durant votre campagne \u00e9lectorale, vous  aviez tant promis au point d\u2019en faire, disiez-vous, votre priorit\u00e9. Et,  du coup, en prenant le risque de l\u2019abandonner \u00e0 d\u2019\u00e9ventuels \u00e9garements. 7. Vous avez, pour finir, commis une  faute morale en empruntant le chemin d\u2019une guerre des mondes, \u00e0  l\u2019ext\u00e9rieur comme \u00e0 l\u2019int\u00e9rieur. En cette ann\u00e9e 2014, de centenaire  du basculement de l\u2019Europe dans la barbarie guerri\u00e8re, la destruction et  la haine, vous devriez pourtant y r\u00e9fl\u00e9chir \u00e0 deux fois. Cet engrenage  est fatal qui transforme l\u2019autre, aussi semblable soit-il, en \u00e9tranger  et, finalement, en barbare \u2013 et c\u2019est bien ce qui nous est arriv\u00e9 sur ce  continent dans une folie destructrice qui a entra\u00een\u00e9 le monde entier au  bord de l\u2019ab\u00eeme. Jean Jaur\u00e8s, dont nous allons tous nous  souvenir le 31 juillet prochain, au jour anniversaire de son assassinat  en 1914, fut vaincu dans l\u2019instant, ses camarades socialistes basculant  dans l\u2019Union sacr\u00e9e alors que son cadavre n\u2019\u00e9tait pas encore froid. Tout  comme d\u2019autres socialistes, allemands ceux-l\u00e0, Rosa Luxemburg et Karl  Liebknecht, finirent assassin\u00e9s en 1919 sur ordre de leurs anciens  camarades de parti, transform\u00e9s en nationalistes et militaristes  acharn\u00e9s. Mais aujourd\u2019hui, connaissant la suite de l\u2019histoire, nous  savons qu\u2019ils avaient raison, ces justes momentan\u00e9ment vaincus qui  refusaient l\u2019aveuglement des identit\u00e9s affol\u00e9es et apeur\u00e9es. Vous vous souvenez, bien s\u00fbr, de la c\u00e9l\u00e8bre proph\u00e9tie de Jaur\u00e8s, en 1895, \u00e0 la Chambre des d\u00e9put\u00e9s : \u00ab Cette  soci\u00e9t\u00e9 violente et chaotique, m\u00eame quand elle veut la paix, m\u00eame quand  elle est \u00e0 l\u2019\u00e9tat d\u2019apparent repos, porte en elle la guerre comme la  nu\u00e9e dormante porte l\u2019orage. \u00bb Aujourd\u2019hui que les in\u00e9galit\u00e9s  provoqu\u00e9es par un capitalisme financier avide et rapace ont retrouv\u00e9 la  m\u00eame intensit\u00e9 qu\u2019\u00e0 cette \u00e9poque, ce sont les m\u00eames orages qu\u2019il vous  appartient de repousser, \u00e0 la place qui est la v\u00f4tre. Vous n\u2019y arriverez pas en continuant sur  la voie funeste que vous avez emprunt\u00e9e ces derni\u00e8res semaines, apr\u00e8s  avoir d\u00e9j\u00e0 embarqu\u00e9 la France dans plusieurs guerres africaines sans fin  puisque sans strat\u00e9gie politique (lire ici l\u2019article de Fran\u00e7ois Bonnet).  Vous ne le ferez pas en ignorant le souci du monde, de ses fragilit\u00e9s  et de ses d\u00e9s\u00e9quilibres, de ses injustices et de ses humanit\u00e9s, qui  anime celles et ceux que le sort fait au peuple palestinien concerne au  plus haut point. Monsieur le Pr\u00e9sident, cher Fran\u00e7ois Hollande, vous avez eu raison d\u2019affirmer qu\u2019il ne fallait pas \u00ab importer \u00bb  en France le conflit isra\u00e9lo-palestinien, en ce sens que la France ne  doit pas entrer en guerre avec elle-m\u00eame. Mais, h\u00e9las, vous avez  vous-m\u00eame donn\u00e9 le mauvais exemple en important, par vos fautes,  l\u2019injustice, l\u2019ignorance et l\u2019indiff\u00e9rence qui en sont le ressort. Edwy Plenel<\/p>\n","protected":false},"excerpt":{"rendered":"<p>Nous prenons la libert\u00e9 de publier dans nos pages, ce long, mais combien important article d\u2019Edwy Plenel, que nous avons [&hellip;]<\/p>\n","protected":false},"author":1,"featured_media":0,"comment_status":"open","ping_status":"open","sticky":false,"template":"","format":"standard","meta":{"sfsi_plus_gutenberg_text_before_share":"","sfsi_plus_gutenberg_show_text_before_share":"","sfsi_plus_gutenberg_icon_type":"","sfsi_plus_gutenberg_icon_alignemt":"","sfsi_plus_gutenburg_max_per_row":"","site-sidebar-layout":"default","site-content-layout":"","ast-site-content-layout":"default","site-content-style":"default","site-sidebar-style":"default","ast-global-header-display":"","ast-banner-title-visibility":"","ast-main-header-display":"","ast-hfb-above-header-display":"","ast-hfb-below-header-display":"","ast-hfb-mobile-header-display":"","site-post-title":"","ast-breadcrumbs-content":"","ast-featured-img":"","footer-sml-layout":"","ast-disable-related-posts":"","theme-transparent-header-meta":"","adv-header-id-meta":"","stick-header-meta":"","header-above-stick-meta":"","header-main-stick-meta":"","header-below-stick-meta":"","astra-migrate-meta-layouts":"default","ast-page-background-enabled":"default","ast-page-background-meta":{"desktop":{"background-color":"var(--ast-global-color-4)","background-image":"","background-repeat":"repeat","background-position":"center center","background-size":"auto","background-attachment":"scroll","background-type":"","background-media":"","overlay-type":"","overlay-color":"","overlay-opacity":"","overlay-gradient":""},"tablet":{"background-color":"","background-image":"","background-repeat":"repeat","background-position":"center center","background-size":"auto","background-attachment":"scroll","background-type":"","background-media":"","overlay-type":"","overlay-color":"","overlay-opacity":"","overlay-gradient":""},"mobile":{"background-color":"","background-image":"","background-repeat":"repeat","background-position":"center center","background-size":"auto","background-attachment":"scroll","background-type":"","background-media":"","overlay-type":"","overlay-color":"","overlay-opacity":"","overlay-gradient":""}},"ast-content-background-meta":{"desktop":{"background-color":"var(--ast-global-color-5)","background-image":"","background-repeat":"repeat","background-position":"center center","background-size":"auto","background-attachment":"scroll","background-type":"","background-media":"","overlay-type":"","overlay-color":"","overlay-opacity":"","overlay-gradient":""},"tablet":{"background-color":"var(--ast-global-color-5)","background-image":"","background-repeat":"repeat","background-position":"center center","background-size":"auto","background-attachment":"scroll","background-type":"","background-media":"","overlay-type":"","overlay-color":"","overlay-opacity":"","overlay-gradient":""},"mobile":{"background-color":"var(--ast-global-color-5)","background-image":"","background-repeat":"repeat","background-position":"center center","background-size":"auto","background-attachment":"scroll","background-type":"","background-media":"","overlay-type":"","overlay-color":"","overlay-opacity":"","overlay-gradient":""}},"footnotes":""},"categories":[16],"tags":[],"class_list":["post-1244","post","type-post","status-publish","format-standard","hentry","category-archives-cms"],"_links":{"self":[{"href":"https:\/\/lavoiedessansvoix.fr\/lavoie\/wp-json\/wp\/v2\/posts\/1244","targetHints":{"allow":["GET"]}}],"collection":[{"href":"https:\/\/lavoiedessansvoix.fr\/lavoie\/wp-json\/wp\/v2\/posts"}],"about":[{"href":"https:\/\/lavoiedessansvoix.fr\/lavoie\/wp-json\/wp\/v2\/types\/post"}],"author":[{"embeddable":true,"href":"https:\/\/lavoiedessansvoix.fr\/lavoie\/wp-json\/wp\/v2\/users\/1"}],"replies":[{"embeddable":true,"href":"https:\/\/lavoiedessansvoix.fr\/lavoie\/wp-json\/wp\/v2\/comments?post=1244"}],"version-history":[{"count":0,"href":"https:\/\/lavoiedessansvoix.fr\/lavoie\/wp-json\/wp\/v2\/posts\/1244\/revisions"}],"wp:attachment":[{"href":"https:\/\/lavoiedessansvoix.fr\/lavoie\/wp-json\/wp\/v2\/media?parent=1244"}],"wp:term":[{"taxonomy":"category","embeddable":true,"href":"https:\/\/lavoiedessansvoix.fr\/lavoie\/wp-json\/wp\/v2\/categories?post=1244"},{"taxonomy":"post_tag","embeddable":true,"href":"https:\/\/lavoiedessansvoix.fr\/lavoie\/wp-json\/wp\/v2\/tags?post=1244"}],"curies":[{"name":"wp","href":"https:\/\/api.w.org\/{rel}","templated":true}]}}