{"id":1242,"date":"2014-08-14T08:23:00","date_gmt":"2014-08-14T06:23:00","guid":{"rendered":"https:\/\/lavoiedessansvoix.fr\/lavoie\/2014\/08\/14\/archive-diplomatie-et-vulcanologie-a-propos-de-la-lettre-ouverte-de-3-anciens-premiers-m\/"},"modified":"2014-08-14T08:23:00","modified_gmt":"2014-08-14T06:23:00","slug":"archive-diplomatie-et-vulcanologie-a-propos-de-la-lettre-ouverte-de-3-anciens-premiers-m","status":"publish","type":"post","link":"https:\/\/lavoiedessansvoix.fr\/lavoie\/2014\/08\/14\/archive-diplomatie-et-vulcanologie-a-propos-de-la-lettre-ouverte-de-3-anciens-premiers-m\/","title":{"rendered":"DIPLOMATIE ET VULCANOLOGIE  A propos de la lettre ouverte de 3 anciens Premiers ministres \u00e0 un Pr\u00e9sident"},"content":{"rendered":"<p>DIPLOMATIE ET VULCANOLOGIE  A propos de la lettre ouverte de 3 anciens Premiers ministres \u00e0 un Pr\u00e9sident  1 &#8211; Satisf\u00e9cit  Nous ne pouvons \u00eatre que satisfaits de la lettre ouverte que Messieurs Jupp\u00e9 Raffarin et Fillon viennent d\u2019adresser \u00e0 Fran\u00e7ois Hollande, et qui a \u00e9t\u00e9 publi\u00e9e par le journal \u00ab Le Monde \u00bb. Satisfaits, puisque les trois anciens premiers ministres, faisant suite \u00e0 l\u2019initiative de Dominique De Villepin, autre ancien premier ministre de la France, y d\u00e9noncent le suivisme de la politique \u00e9trang\u00e8re de notre pays. Que nous d\u00e9non\u00e7ons nous m\u00eame depuis 2007.  2 R\u00e9primandes  Depuis 2007 ?\u2026..   Messieurs Jupp\u00e9 Raffarin et Fillon, petite vacherie et grande mauvaise foi, \u00e9crivent-eux : \u00ab Depuis deux ans, la politique \u00e9trang\u00e8re fran\u00e7aise oscille au Proche-Orient entre passivit\u00e9 et suivisme. \u00bb Ils ont raison, et nous venons de le dire, nous les approuvons, ils se grandissent, quand ils d\u00e9noncent le suivisme de la France. Mais ils r\u00e9tr\u00e9cissent et s\u2019avilissent quand ils datent ce cours de deux ans seulement. Ils rev\u00eatent leur d\u00e9testable costume de petits politiciens v\u00e9reux, quand ils veulent ainsi mettre \u00e0 l\u2019abri de la critique, l\u2019\u00e8re Sarkozy, et surtout l\u2019UMP  et eux m\u00eame qui ont servi sa politique. Car l\u2019alignement de la diplomatie Fran\u00e7aise, son suivisme, ne date pas de deux ans, date de  l\u2019\u00e9lection de Fran\u00e7ois Hollande, mais bien de neuf ans, date de l\u2019\u00e9lection de Nicolas Sarkozy. C\u2019est lui, \u00ab\u00a0la rupture\u00a0\u00bb souvenez-vous, qui a rompu avec le cours gaullien de la politique internationale et surtout Moyen-Orientale, de la France, r\u00e9int\u00e9gr\u00e9e celle-ci dans le commandement de l\u2019OTAN, fait all\u00e9geance \u00e0 l\u2019Empire plan\u00e9taire d\u2019Occident.  Messieurs Jupp\u00e9 Raffarin et Fillon, qui d\u00e9noncent avec raison, \u00ab le suivisme \u00bb de la France, se gardent pourtant, l\u2019avez-vous remarqu\u00e9, de pr\u00e9ciser \u00e0 l\u2019\u00e9gard de qui ou de quoi. L\u00e0 aussi ils font preuve de frilosit\u00e9 \u00e0 moins que \u00e7a ne soit de petitesse. La politique \u00e9trang\u00e8re de la France a \u00e9t\u00e9 align\u00e9e sur celle des Etats-Unis, et cela a commenc\u00e9 en 2006, lorsque Nicolas Sarkozy, alors Ministre d\u2019Etat de Jacques Chirac et candidat \u00e0 la pr\u00e9sidence de la R\u00e9publique, en voyage aux USA, c\u2019est autoris\u00e9 \u00e0 regretter en public, en pr\u00e9sence de \u00ab son ami \u00bb G W Bush, que la France ne se soit pas jointe en 2003 \u00e0 la coalition am\u00e9ricaine contre l\u2019Irak. Par soucis de la stabilit\u00e9 des institutions de la 5\u00e8me r\u00e9publique et de survie de l\u2019UMP et du bipartisme \u00e0 la fran\u00e7aise, notre trio de premier ministres a alors coll\u00e9 et soutenue, le \u00ab Pr\u00e9sident Sarkozy \u00bb ne rechignant pas \u00e0 avaler les couleuvres successives. Est-ce la raison pour laquelle ils veulent faire l\u2019impasse sur cette p\u00e9riode ?  Messieurs Jupp\u00e9, Raffarin et Fillon, se rendent coupable d\u2019une autre vilenie. Avec le \u00ab suivisme \u00bb ils d\u00e9noncent \u00ab la passivit\u00e9 \u00bb de la France. Or cela est une menterie inou\u00efe. Certes en tant que Grande Nation ind\u00e9pendante exer\u00e7ant une diplomatie singuli\u00e8re, la France ne s\u2019est pas manifest\u00e9e, mais cela est la cause de \u00ab son suivisme \u00bb non de sa passivit\u00e9. Comme nation mercenaire aux ordres des Etats-Unis, \u00e7\u00e0 n\u2019est pas par sa passivit\u00e9 que la France c\u2019est signal\u00e9e, mais bien par \u00ab sa suractivit\u00e9 \u00bb. Intervention militaire en C\u00f4te d\u2019Ivoire pour d\u00e9mettre le pr\u00e9sident Gbagbo, Action militaire en Libye pour d\u00e9truire la Jamahiriya et assassiner le colonel Kadhafi, soutien tr\u00e8s actif \u00e0 l\u2019opposition arm\u00e9e en Syrie, soutien actif et m\u00eame initiatique au coup d\u2019Etat fasciste en Ukraine, interventions au Mali et en Centre Afrique.  3 \u2013 M\u00e9ritoire malgr\u00e9 tout  La lettre ouverte de ses messieurs a un autre m\u00e9rite dont nous nous f\u00e9licitons. Quoique dans la foul\u00e9e elle s\u2019autorise une autre bassesse intellectuelle en oubliant celui ouvert en Libye, elle \u00e9voque \u00ab des crat\u00e8res \u00bb ouverts \u00ab en Syrie, et \u00ab en \u00ab Irak \u00bb,  Des \u00ab crat\u00e8res \u00bb un mot fort, une m\u00e9taphore terrifiante qui \u00e9voque un ph\u00e9nom\u00e8ne catastrophique incontr\u00f4lable.   La vraie secousse syst\u00e9mique qui allait activer toute la chaine des volcans du Moyen et Proche-Orient a eu lieu en 2003, ce fut l\u2019exp\u00e9dition de la coalition am\u00e9ricaine contre l\u2019Irak de Saddam Hussein. Ce sont Jacques Chirac et Dominique de Villepin alors son ministre des affaires \u00e9trang\u00e8res, en ce temps, qui eurent raison de refuser d\u2019embarquer la France dans cette Gal\u00e8re. Et se furent Nicolas Sarkozy et \u00e0 sa suite Fran\u00e7ois Hollande, qui eurent infiniment tort de se d\u00e9partir de ce cours gaullien de la diplomatie Fran\u00e7aise pour adopter celui servile et dangereux d\u2019auxiliaire de la politique internationale am\u00e9ricaine.   Mais en parlant de \u00ab crat\u00e8res \u00bb, en sugg\u00e9rant l\u2019\u00e9ruption, le V\u00e9suve et \u00ab Pomp\u00e9i \u00bb en danger, la tro\u00efka des ex recours \u00e0 une dramaturgie qui met l\u2019accent sur les r\u00e9alit\u00e9s, et plus qu\u2019\u00e0 la diplomatie des valets de pied de l\u2019Empire Am\u00e9ricain, en appelle \u00e0 la conscience des fran\u00e7ais pour stopper dans leur course folle en avant, ceux qui conduisent la France au banc des nations.  Jeudi 14 ao\u00fbt 2014.<\/p>\n","protected":false},"excerpt":{"rendered":"<p>DIPLOMATIE ET VULCANOLOGIE A propos de la lettre ouverte de 3 anciens Premiers ministres \u00e0 un Pr\u00e9sident 1 &#8211; Satisf\u00e9cit [&hellip;]<\/p>\n","protected":false},"author":1,"featured_media":0,"comment_status":"open","ping_status":"open","sticky":false,"template":"","format":"standard","meta":{"sfsi_plus_gutenberg_text_before_share":"","sfsi_plus_gutenberg_show_text_before_share":"","sfsi_plus_gutenberg_icon_type":"","sfsi_plus_gutenberg_icon_alignemt":"","sfsi_plus_gutenburg_max_per_row":"","site-sidebar-layout":"default","site-content-layout":"","ast-site-content-layout":"default","site-content-style":"default","site-sidebar-style":"default","ast-global-header-display":"","ast-banner-title-visibility":"","ast-main-header-display":"","ast-hfb-above-header-display":"","ast-hfb-below-header-display":"","ast-hfb-mobile-header-display":"","site-post-title":"","ast-breadcrumbs-content":"","ast-featured-img":"","footer-sml-layout":"","ast-disable-related-posts":"","theme-transparent-header-meta":"","adv-header-id-meta":"","stick-header-meta":"","header-above-stick-meta":"","header-main-stick-meta":"","header-below-stick-meta":"","astra-migrate-meta-layouts":"default","ast-page-background-enabled":"default","ast-page-background-meta":{"desktop":{"background-color":"var(--ast-global-color-4)","background-image":"","background-repeat":"repeat","background-position":"center center","background-size":"auto","background-attachment":"scroll","background-type":"","background-media":"","overlay-type":"","overlay-color":"","overlay-opacity":"","overlay-gradient":""},"tablet":{"background-color":"","background-image":"","background-repeat":"repeat","background-position":"center center","background-size":"auto","background-attachment":"scroll","background-type":"","background-media":"","overlay-type":"","overlay-color":"","overlay-opacity":"","overlay-gradient":""},"mobile":{"background-color":"","background-image":"","background-repeat":"repeat","background-position":"center center","background-size":"auto","background-attachment":"scroll","background-type":"","background-media":"","overlay-type":"","overlay-color":"","overlay-opacity":"","overlay-gradient":""}},"ast-content-background-meta":{"desktop":{"background-color":"var(--ast-global-color-5)","background-image":"","background-repeat":"repeat","background-position":"center center","background-size":"auto","background-attachment":"scroll","background-type":"","background-media":"","overlay-type":"","overlay-color":"","overlay-opacity":"","overlay-gradient":""},"tablet":{"background-color":"var(--ast-global-color-5)","background-image":"","background-repeat":"repeat","background-position":"center center","background-size":"auto","background-attachment":"scroll","background-type":"","background-media":"","overlay-type":"","overlay-color":"","overlay-opacity":"","overlay-gradient":""},"mobile":{"background-color":"var(--ast-global-color-5)","background-image":"","background-repeat":"repeat","background-position":"center center","background-size":"auto","background-attachment":"scroll","background-type":"","background-media":"","overlay-type":"","overlay-color":"","overlay-opacity":"","overlay-gradient":""}},"footnotes":""},"categories":[16],"tags":[],"class_list":["post-1242","post","type-post","status-publish","format-standard","hentry","category-archives-cms"],"_links":{"self":[{"href":"https:\/\/lavoiedessansvoix.fr\/lavoie\/wp-json\/wp\/v2\/posts\/1242","targetHints":{"allow":["GET"]}}],"collection":[{"href":"https:\/\/lavoiedessansvoix.fr\/lavoie\/wp-json\/wp\/v2\/posts"}],"about":[{"href":"https:\/\/lavoiedessansvoix.fr\/lavoie\/wp-json\/wp\/v2\/types\/post"}],"author":[{"embeddable":true,"href":"https:\/\/lavoiedessansvoix.fr\/lavoie\/wp-json\/wp\/v2\/users\/1"}],"replies":[{"embeddable":true,"href":"https:\/\/lavoiedessansvoix.fr\/lavoie\/wp-json\/wp\/v2\/comments?post=1242"}],"version-history":[{"count":0,"href":"https:\/\/lavoiedessansvoix.fr\/lavoie\/wp-json\/wp\/v2\/posts\/1242\/revisions"}],"wp:attachment":[{"href":"https:\/\/lavoiedessansvoix.fr\/lavoie\/wp-json\/wp\/v2\/media?parent=1242"}],"wp:term":[{"taxonomy":"category","embeddable":true,"href":"https:\/\/lavoiedessansvoix.fr\/lavoie\/wp-json\/wp\/v2\/categories?post=1242"},{"taxonomy":"post_tag","embeddable":true,"href":"https:\/\/lavoiedessansvoix.fr\/lavoie\/wp-json\/wp\/v2\/tags?post=1242"}],"curies":[{"name":"wp","href":"https:\/\/api.w.org\/{rel}","templated":true}]}}