{"id":1241,"date":"2014-08-14T17:27:00","date_gmt":"2014-08-14T15:27:00","guid":{"rendered":"https:\/\/lavoiedessansvoix.fr\/lavoie\/2014\/08\/14\/archive-l-irak-sur-le-chemin-de-la-partition\/"},"modified":"2014-08-14T17:27:00","modified_gmt":"2014-08-14T15:27:00","slug":"archive-l-irak-sur-le-chemin-de-la-partition","status":"publish","type":"post","link":"https:\/\/lavoiedessansvoix.fr\/lavoie\/2014\/08\/14\/archive-l-irak-sur-le-chemin-de-la-partition\/","title":{"rendered":"L\u2019IRAK SUR LE CHEMIN DE LA PARTITION"},"content":{"rendered":"<p>L\u2019IRAK SUR LE CHEMIN DE LA PARTITION  La partition de l\u2019Irak \u00e9tait inscrite comme une n\u00e9cessit\u00e9 imparable, au premier jour de l\u2019offensive am\u00e9ricaine de 2003. C\u2019\u00e9tait la seule chose qui pouvait r\u00e9sulter du renversement de Saddam Hussein et de la destruction du r\u00e9gime du parti Baas qui \u00e9tait le ciment la\u00efque de la soci\u00e9t\u00e9 Irakienne.  Certes, au temps de leur pr\u00e9sence massive sur le sol irakien, les am\u00e9ricains se sont employ\u00e9s \u00e0 maintenir la fiction de l\u2019unit\u00e9 de l\u2019Irak. Pour se conformer en fa\u00e7ade au respect de la charte de l\u2019ONU qui interdit de modifier les fronti\u00e8res d\u2019un pays.  Mais toutes leurs actions avaient en v\u00e9rit\u00e9 creus\u00e9es les conditions de la partition depuis l\u2019appui \u00e0 l\u2019autonomie Kurde jusqu\u2019aux gages donn\u00e9s \u00e0 la communaut\u00e9 chiite, pour ne pas parler de la mise \u00e0 feu de la guerre sunno-chiite, dont les cons\u00e9quences en Irak \u00e9taient pr\u00e9visibles.  Alors voil\u00e0 que des combattants de la communaut\u00e9 sunnite, se r\u00e9clamant d\u2019un islam radical, passent \u00e0 l\u2019offensive et cr\u00e9e un Califat. Ils exterminent ou chassent les Chr\u00e9tiens, le Yazidis. Tout \u00e0 coup, ceux qui s\u2019appellent eux m\u00eame \u00ab la communaut\u00e9 internationale \u00bb et qui n\u2019en sont en v\u00e9rit\u00e9 qu\u2019une fraction,  paraissent se r\u00e9veiller, prendre conscience d\u2019un danger. Les USA organisent des frappes a\u00e9riennes pour stopper l\u2019avance \u00ab des islamistes \u00bb qui menace la r\u00e9gion kurde (le p\u00e9trole surtout), la France se joint au mouvement et s\u2019appr\u00eate \u00e0 livrer des armes aux Kurdes, qui dit-on sont le dernier rempart pour la protection des chr\u00e9tiens.  Mais de quoi retourne-t-il en v\u00e9rit\u00e9 ?  Les chr\u00e9tiens sont en danger dans tous le Moyen-Orient, en Egypte comme au Liban, en Syrie comme en Irak. Par quoi, par qui ont-ils \u00e9t\u00e9s mis en danger. Par la guerre am\u00e9ricaine qui a instaur\u00e9 \u00ab le souk \u00bb en Irak, par les pr\u00e9tendues r\u00e9volutions d\u00e9mocratiques arabes qui ont mis la Libye et l\u2019Egypte \u00e0 feu et \u00e0 sang, par l\u2019horrible guerre civile foment\u00e9e en Syrie, en peu de mots, par l\u2019action et la volont\u00e9 m\u00eame de l\u2019imp\u00e9rialisme Occidental. Les dirigeants de celui-ci ne se sont pas alarm\u00e9s du danger o\u00f9 ils mettaient les chr\u00e9tiens de Syrie en voulant  d\u00e9truire l\u2019\u00e9quilibre communautaire dont le Baas Syrien et Bachar Al Assad sont les garants. Ils ne se sont pas inqui\u00e9t\u00e9s du danger o\u00f9 ils mettaient les chr\u00e9tiens du Liban en tentant d\u2019appuyer les milices djihadistes \u00e0 partir de son territoire. Or, allez y comprendre quelque chose, les voil\u00e0 sensibles tout \u00e0 coup au sort des chr\u00e9tiens d\u2019Irak.  Surtout amis lecteurs, ne les prenez pas au mot, ne vous laissez pas abuser par leurs larmes de crocodiles. En cette affaire comme en d\u2019autres, les cyniques,  ils sont toujours \u00e0 la man\u0153uvre. Certes les Chr\u00e9tiens d\u2019Irak ont besoin de protection, et nous approuvons qu\u2019on les prot\u00e8ge. On pourrait pour cela lancer une v\u00e9ritable offensive pour renverser le r\u00e9gime inique de  \u00ab l\u2019Etat Islamique en Irak et au Levant \u00bb. On pourrait le faire au nom m\u00eame de la d\u00e9fense de l\u2019int\u00e9grit\u00e9 territoriale et de l\u2019unit\u00e9 politique de l\u2019Irak. Ou bien encore envoyer des forces d\u2019interpositions, des casques bleus, cr\u00e9er une zone refuge sous mandat de l\u2019ONU. Mais ils ont choisi d\u2019autres options, celles qui arment les trois \u00c9tats en gestation les uns contre les autres.   La protection des chr\u00e9tiens n\u2019est en v\u00e9rit\u00e9 \u00e0 l\u2019imp\u00e9rialisme occidental qu\u2019un pr\u00e9texte pour pr\u00e9cipiter la partition de l\u2019Irak : Un \u00c9tat Kurde au Nord-Est, un \u00e9tat Chiite au sud, un \u00c9tat sunnite au centre, s\u2019appuyant sur la fronti\u00e8re Syrienne et au-del\u00e0 m\u00eame en territoire Syrien. Telle est la nouvelle carte du Moyen-Orient que projette d&rsquo;ailleurs l&rsquo;imp\u00e9rialisme am\u00e9ricain, le morcellement, \u00ab\u00a0la balkanisation\u00a0\u00bb des Etats arabes h\u00e9rit\u00e9s du pacte Sykes\/Picot, et le \u00ab\u00a0Grand Isra\u00ebl\u00a0\u00bb comme puissance r\u00e9gionale r\u00e9gulatrice.  \u00ab\u00a0l\u2019\u00c9tat islamique d&rsquo;Irak et du Levant\u00a0\u00bb est-il une menace pour les chr\u00e9tiens et l&rsquo;\u00e9quilibre r\u00e9gional? Pourquoi ne pas d\u00e9truire le monstre dans l\u2019\u0153uf ? Parce que le monstre, c\u2019est leur alli\u00e9, ce sont les m\u00eames islamistes qui conduisent la guerre en Syrie qu\u2019ils entrainent, \u00e9quipent, sustentent et financent depuis trois ans. Ils voulaient, souvenez-vous, cr\u00e9er une zone tampon, pour soutenir dans la dur\u00e9e une guerre d\u2019usure contre le r\u00e9gime syrien. Ils se t\u00e2taient : \u00e0 la fronti\u00e8re libanaise ou turque ? Ils ont tranch\u00e9, ce sera \u00e0 cheval sur l\u2019Irak et la Syrie.  Voil\u00e0 pourquoi, tenus aux yeux du monde et du Pape qui peste, de prot\u00e9ger tout de m\u00eame un minimum les chr\u00e9tiens, ils s\u2019efforcent de faire cela sans s\u2019en prendre v\u00e9ritablement \u00e0 l\u2019Etat islamiste sunnite, leur ami et alli\u00e9, qui s\u2019installe.Jeudi 14 ao\u00fbt 2014.<\/p>\n","protected":false},"excerpt":{"rendered":"<p>L\u2019IRAK SUR LE CHEMIN DE LA PARTITION La partition de l\u2019Irak \u00e9tait inscrite comme une n\u00e9cessit\u00e9 imparable, au premier jour [&hellip;]<\/p>\n","protected":false},"author":1,"featured_media":0,"comment_status":"open","ping_status":"open","sticky":false,"template":"","format":"standard","meta":{"sfsi_plus_gutenberg_text_before_share":"","sfsi_plus_gutenberg_show_text_before_share":"","sfsi_plus_gutenberg_icon_type":"","sfsi_plus_gutenberg_icon_alignemt":"","sfsi_plus_gutenburg_max_per_row":"","site-sidebar-layout":"default","site-content-layout":"","ast-site-content-layout":"default","site-content-style":"default","site-sidebar-style":"default","ast-global-header-display":"","ast-banner-title-visibility":"","ast-main-header-display":"","ast-hfb-above-header-display":"","ast-hfb-below-header-display":"","ast-hfb-mobile-header-display":"","site-post-title":"","ast-breadcrumbs-content":"","ast-featured-img":"","footer-sml-layout":"","ast-disable-related-posts":"","theme-transparent-header-meta":"","adv-header-id-meta":"","stick-header-meta":"","header-above-stick-meta":"","header-main-stick-meta":"","header-below-stick-meta":"","astra-migrate-meta-layouts":"default","ast-page-background-enabled":"default","ast-page-background-meta":{"desktop":{"background-color":"var(--ast-global-color-4)","background-image":"","background-repeat":"repeat","background-position":"center center","background-size":"auto","background-attachment":"scroll","background-type":"","background-media":"","overlay-type":"","overlay-color":"","overlay-opacity":"","overlay-gradient":""},"tablet":{"background-color":"","background-image":"","background-repeat":"repeat","background-position":"center center","background-size":"auto","background-attachment":"scroll","background-type":"","background-media":"","overlay-type":"","overlay-color":"","overlay-opacity":"","overlay-gradient":""},"mobile":{"background-color":"","background-image":"","background-repeat":"repeat","background-position":"center center","background-size":"auto","background-attachment":"scroll","background-type":"","background-media":"","overlay-type":"","overlay-color":"","overlay-opacity":"","overlay-gradient":""}},"ast-content-background-meta":{"desktop":{"background-color":"var(--ast-global-color-5)","background-image":"","background-repeat":"repeat","background-position":"center center","background-size":"auto","background-attachment":"scroll","background-type":"","background-media":"","overlay-type":"","overlay-color":"","overlay-opacity":"","overlay-gradient":""},"tablet":{"background-color":"var(--ast-global-color-5)","background-image":"","background-repeat":"repeat","background-position":"center center","background-size":"auto","background-attachment":"scroll","background-type":"","background-media":"","overlay-type":"","overlay-color":"","overlay-opacity":"","overlay-gradient":""},"mobile":{"background-color":"var(--ast-global-color-5)","background-image":"","background-repeat":"repeat","background-position":"center center","background-size":"auto","background-attachment":"scroll","background-type":"","background-media":"","overlay-type":"","overlay-color":"","overlay-opacity":"","overlay-gradient":""}},"footnotes":""},"categories":[16],"tags":[],"class_list":["post-1241","post","type-post","status-publish","format-standard","hentry","category-archives-cms"],"_links":{"self":[{"href":"https:\/\/lavoiedessansvoix.fr\/lavoie\/wp-json\/wp\/v2\/posts\/1241","targetHints":{"allow":["GET"]}}],"collection":[{"href":"https:\/\/lavoiedessansvoix.fr\/lavoie\/wp-json\/wp\/v2\/posts"}],"about":[{"href":"https:\/\/lavoiedessansvoix.fr\/lavoie\/wp-json\/wp\/v2\/types\/post"}],"author":[{"embeddable":true,"href":"https:\/\/lavoiedessansvoix.fr\/lavoie\/wp-json\/wp\/v2\/users\/1"}],"replies":[{"embeddable":true,"href":"https:\/\/lavoiedessansvoix.fr\/lavoie\/wp-json\/wp\/v2\/comments?post=1241"}],"version-history":[{"count":0,"href":"https:\/\/lavoiedessansvoix.fr\/lavoie\/wp-json\/wp\/v2\/posts\/1241\/revisions"}],"wp:attachment":[{"href":"https:\/\/lavoiedessansvoix.fr\/lavoie\/wp-json\/wp\/v2\/media?parent=1241"}],"wp:term":[{"taxonomy":"category","embeddable":true,"href":"https:\/\/lavoiedessansvoix.fr\/lavoie\/wp-json\/wp\/v2\/categories?post=1241"},{"taxonomy":"post_tag","embeddable":true,"href":"https:\/\/lavoiedessansvoix.fr\/lavoie\/wp-json\/wp\/v2\/tags?post=1241"}],"curies":[{"name":"wp","href":"https:\/\/api.w.org\/{rel}","templated":true}]}}