{"id":1239,"date":"2014-08-20T16:56:00","date_gmt":"2014-08-20T14:56:00","guid":{"rendered":"https:\/\/lavoiedessansvoix.fr\/lavoie\/2014\/08\/20\/archive-la-libre-parole\/"},"modified":"2014-08-20T16:56:00","modified_gmt":"2014-08-20T14:56:00","slug":"archive-la-libre-parole","status":"publish","type":"post","link":"https:\/\/lavoiedessansvoix.fr\/lavoie\/2014\/08\/20\/archive-la-libre-parole\/","title":{"rendered":"LA LIBRE PAROLE"},"content":{"rendered":"<p>LA LIBRE PAROLE  Apr\u00e8s Dominique De Villepin le premier, Alain Jupp\u00e9, Jean-Pierre Raffarin, et Fran\u00e7ois Fillon \u00e0 sa suite, voil\u00e0 que Philippe De Villiers se r\u00e9veille un moment de sa mort politique pour jeter un encombrant pav\u00e9 dans les jardins de l\u2019\u00c9lys\u00e9e.  Nous subodorons qu\u2019\u00e0 nous lire r\u00e9guli\u00e8rement, il en est parmi vous amis visiteurs, qui vont rester dubitatifs. Voil\u00e0 que \u00ab La voie des sans voix \u00bb fait la part belle \u00e0 cette brochette d\u2019hommes de droite, serait-elle en train de virer de bord ?   Pas le moins du monde, rassurez-vous.   Militant de la transformation sociale, nous sommes et restons plus attach\u00e9s que jamais \u00e0 ces fondamentaux dont chaque jour nous apporte, en ces temps nouveaux, mille preuves de leur bien fond\u00e9. Mais ne sommes-nous pas aussi, fran\u00e7ais, les lointains h\u00e9ritiers de l\u2019esprit de Voltaire, attach\u00e9s comme lui \u00e0 la libre parole ? Or, avez-vous en ces temps-ci entendu des hommes de gauche oser s\u2019indigner et se dresser tout droits sur les ergots de leur conscience pour dire sans d\u00e9tour leur d\u00e9go\u00fbt de la politique internationale de la France ?  Alors force nous est de faire \u00e9cho \u00e0 ceux, fussent-ils de \u00ab Droite \u00bb, qui ose encore \u00ab l\u2019ouvrir \u00bb  Oui bien s\u00fbr, nous savons, nous ne sommes pas dupes, que ces m\u00eames hommes de droites qui approuvaient et collaient \u00e0 la politique d\u2019inf\u00e9odation de la France aux USA qui fut celle de Sarkozy, sont les m\u00eames qui d\u00e9couvrent \u00e0 pr\u00e9sent et s\u2019indignent de la m\u00eame politique servile de Hollande, qui n\u2019est pourtant que le prolongement de la pr\u00e9c\u00e9dente. Qu\u2019importe ! Doit-on refuser d\u2019entendre la v\u00e9rit\u00e9 qu\u2019ils disent \u00e0 pr\u00e9sent au pr\u00e9texte qu\u2019ils l\u2019ont insult\u00e9 hier ?  Jupp\u00e9, Raffarin et Fillon, renouent avec le d\u00e9sir d\u2019un cours Gaullien de la politique internationale de la France, quand Hollande, \u00e9tiquet\u00e9 \u00ab gauche \u00bb est au pouvoir.   Inversement, c\u2019est parce que leur pr\u00e9tendue gauche occupe les marocains sous les ors des palais de la R\u00e9publique, que les hommes et femmes qui se disent eux m\u00eame de gauche, ravalent leur conscience et se taisent.   Tels sont, sur la pens\u00e9e politique du temps, les effets pervers de l\u2019alternance politique. La parole ne se lib\u00e8re que dans l\u2019opposition.  Cela commence \u00e0 dater un peu, un internaute interrogeait il y a une paire d\u2019ann\u00e9es ou un peu plus \u2018le Seignon serait-il brun-rouge \u00bb. Nous avions r\u00e9pondu clairement quoique sans acrimonie. D\u2019autres peut-\u00eatre dans les circonstances pr\u00e9sentes voudront nous taxer d\u2019\u00eatre \u00ab de droite \u00bb ou tout autre qualificatif infamant \u00e0 leur sens. Nous ne nous arr\u00eatons pas \u00e0 de telles bassesses. Laissons les imb\u00e9ciles jouir de leur m\u00e9diocrit\u00e9. N\u2019avez-vous pas remarqu\u00e9 en effet que cette mani\u00e8re de proc\u00e9der dans le d\u00e9bat politique appartient en v\u00e9rit\u00e9 \u00e0 ceux-l\u00e0 qui veulent clore la discussion qui tourne \u00e0 leur d\u00e9savantage ?  Vous savez amis lecteurs que nous n\u2019avons que faire de ces r\u00e9flexes d\u2019appartenances et de ces distributions d\u2019\u00e9tiquettes qui tuent la pens\u00e9e et le d\u00e9bat politique. Quels que soient les hommes, nous ne voulons entendre que ce qu\u2019ils disent, et si ce \u00ab cul-b\u00e9nit \u00bb de De Villiers s\u2019avise de dire des choses justes, nous ne redoutons nullement de l\u2019approuver et de lui faire \u00e9cho.  Philippe De Villiers \u00e0 raison en l\u2019occurrence lorsqu\u2019il dit :  \u00ab Tous les esprits pacifiques qui aiment l&rsquo;Europe et la Russie veulent secr\u00e8tement sortir de l&rsquo;engrenage car ils savent que les sanctions sont des humiliations qui provoquent les peuples qui ont encore une fiert\u00e9. C&rsquo;est le cas de la Russie. \u00bb  Il a raison aussi quand il ass\u00e8ne :   \u00ab L&rsquo;Am\u00e9rique ne se comporte pas d&rsquo;une mani\u00e8re raisonnable. Elle veut \u00abotaniser\u00bb le monde entier et met le feu partout. Ce qu&rsquo;elle d\u00e9sire, ce n&rsquo;est pas seulement l&rsquo;Ukraine dans l&rsquo;Otan, c&rsquo;est aussi abattre Poutine pour prendre la Russie et y installer son id\u00e9ologie multiculturaliste, mondialiste et consum\u00e9riste. Elle veut imposer son mod\u00e8le de soci\u00e9t\u00e9, en particulier aux pays enracin\u00e9s qui lui r\u00e9sistent. \u00bb  Il l\u2019a raison toujours quand il ajoute :  \u00ab Une d\u00e9put\u00e9e socialiste a dit que j&rsquo;agissais contre l&rsquo;Europe. Je lui r\u00e9ponds que j&rsquo;agis pour la paix et l&rsquo;amiti\u00e9 franco-russe, mais que h\u00e9las l&rsquo;Europe aujourd&rsquo;hui n&rsquo;agit pas pour elle-m\u00eame, mais pour la politique am\u00e9ricaine sous l&rsquo;impulsion de Jos\u00e9 Manuel Barroso, Herman Van Rompuy et Fran\u00e7ois Hollande. L&rsquo;Europe est devenue la cinquante et uni\u00e8me \u00e9toile du drapeau am\u00e9ricain. \u00bb  Et il a raison encore quand il accuse :  \u00ab \u2026. l&rsquo;Am\u00e9rique de chercher la guerre partout dans le monde parce qu&rsquo;elle y voit la seule solution d&rsquo;\u00e9cluser sa dette monstrueuse due au mondialisme de ses dirigeants.  Le Pape lui-m\u00eame, n-a-t-il pas dit r\u00e9cemment que nous \u00e9tions d\u00e9j\u00e0 rentr\u00e9 dans une troisi\u00e8me guerre mondiale diss\u00e9min\u00e9e sur la plan\u00e8te ?  Oui, l\u2019heure est grave et aucune voix n\u2019est de trop pour sonner le r\u00e9veil des consciences. Ainsi, bien que nous ne partagions pas la pr\u00e9f\u00e9rence que laisse entendre Philippe de Villiers pour le Tsarisme qu\u2019il oppose \u00e0 \u00ab la terreur sovi\u00e9tique \u00bb nous ne pouvons que nous r\u00e9jouir de sa libre parole sur les points \u00e0 propos desquels il a raison.  Mercredi 20 ao\u00fbt 2014.<\/p>\n","protected":false},"excerpt":{"rendered":"<p>LA LIBRE PAROLE Apr\u00e8s Dominique De Villepin le premier, Alain Jupp\u00e9, Jean-Pierre Raffarin, et Fran\u00e7ois Fillon \u00e0 sa suite, voil\u00e0 [&hellip;]<\/p>\n","protected":false},"author":1,"featured_media":0,"comment_status":"open","ping_status":"open","sticky":false,"template":"","format":"standard","meta":{"sfsi_plus_gutenberg_text_before_share":"","sfsi_plus_gutenberg_show_text_before_share":"","sfsi_plus_gutenberg_icon_type":"","sfsi_plus_gutenberg_icon_alignemt":"","sfsi_plus_gutenburg_max_per_row":"","site-sidebar-layout":"default","site-content-layout":"","ast-site-content-layout":"default","site-content-style":"default","site-sidebar-style":"default","ast-global-header-display":"","ast-banner-title-visibility":"","ast-main-header-display":"","ast-hfb-above-header-display":"","ast-hfb-below-header-display":"","ast-hfb-mobile-header-display":"","site-post-title":"","ast-breadcrumbs-content":"","ast-featured-img":"","footer-sml-layout":"","ast-disable-related-posts":"","theme-transparent-header-meta":"","adv-header-id-meta":"","stick-header-meta":"","header-above-stick-meta":"","header-main-stick-meta":"","header-below-stick-meta":"","astra-migrate-meta-layouts":"default","ast-page-background-enabled":"default","ast-page-background-meta":{"desktop":{"background-color":"var(--ast-global-color-4)","background-image":"","background-repeat":"repeat","background-position":"center center","background-size":"auto","background-attachment":"scroll","background-type":"","background-media":"","overlay-type":"","overlay-color":"","overlay-opacity":"","overlay-gradient":""},"tablet":{"background-color":"","background-image":"","background-repeat":"repeat","background-position":"center center","background-size":"auto","background-attachment":"scroll","background-type":"","background-media":"","overlay-type":"","overlay-color":"","overlay-opacity":"","overlay-gradient":""},"mobile":{"background-color":"","background-image":"","background-repeat":"repeat","background-position":"center center","background-size":"auto","background-attachment":"scroll","background-type":"","background-media":"","overlay-type":"","overlay-color":"","overlay-opacity":"","overlay-gradient":""}},"ast-content-background-meta":{"desktop":{"background-color":"var(--ast-global-color-5)","background-image":"","background-repeat":"repeat","background-position":"center center","background-size":"auto","background-attachment":"scroll","background-type":"","background-media":"","overlay-type":"","overlay-color":"","overlay-opacity":"","overlay-gradient":""},"tablet":{"background-color":"var(--ast-global-color-5)","background-image":"","background-repeat":"repeat","background-position":"center center","background-size":"auto","background-attachment":"scroll","background-type":"","background-media":"","overlay-type":"","overlay-color":"","overlay-opacity":"","overlay-gradient":""},"mobile":{"background-color":"var(--ast-global-color-5)","background-image":"","background-repeat":"repeat","background-position":"center center","background-size":"auto","background-attachment":"scroll","background-type":"","background-media":"","overlay-type":"","overlay-color":"","overlay-opacity":"","overlay-gradient":""}},"footnotes":""},"categories":[16],"tags":[],"class_list":["post-1239","post","type-post","status-publish","format-standard","hentry","category-archives-cms"],"_links":{"self":[{"href":"https:\/\/lavoiedessansvoix.fr\/lavoie\/wp-json\/wp\/v2\/posts\/1239","targetHints":{"allow":["GET"]}}],"collection":[{"href":"https:\/\/lavoiedessansvoix.fr\/lavoie\/wp-json\/wp\/v2\/posts"}],"about":[{"href":"https:\/\/lavoiedessansvoix.fr\/lavoie\/wp-json\/wp\/v2\/types\/post"}],"author":[{"embeddable":true,"href":"https:\/\/lavoiedessansvoix.fr\/lavoie\/wp-json\/wp\/v2\/users\/1"}],"replies":[{"embeddable":true,"href":"https:\/\/lavoiedessansvoix.fr\/lavoie\/wp-json\/wp\/v2\/comments?post=1239"}],"version-history":[{"count":0,"href":"https:\/\/lavoiedessansvoix.fr\/lavoie\/wp-json\/wp\/v2\/posts\/1239\/revisions"}],"wp:attachment":[{"href":"https:\/\/lavoiedessansvoix.fr\/lavoie\/wp-json\/wp\/v2\/media?parent=1239"}],"wp:term":[{"taxonomy":"category","embeddable":true,"href":"https:\/\/lavoiedessansvoix.fr\/lavoie\/wp-json\/wp\/v2\/categories?post=1239"},{"taxonomy":"post_tag","embeddable":true,"href":"https:\/\/lavoiedessansvoix.fr\/lavoie\/wp-json\/wp\/v2\/tags?post=1239"}],"curies":[{"name":"wp","href":"https:\/\/api.w.org\/{rel}","templated":true}]}}