{"id":1236,"date":"2014-08-25T08:20:00","date_gmt":"2014-08-25T06:20:00","guid":{"rendered":"https:\/\/lavoiedessansvoix.fr\/lavoie\/2014\/08\/25\/archive-quel-jeu-jouent-montebourg-et-hamon\/"},"modified":"2014-08-25T08:20:00","modified_gmt":"2014-08-25T06:20:00","slug":"archive-quel-jeu-jouent-montebourg-et-hamon","status":"publish","type":"post","link":"https:\/\/lavoiedessansvoix.fr\/lavoie\/2014\/08\/25\/archive-quel-jeu-jouent-montebourg-et-hamon\/","title":{"rendered":"QUEL JEU JOUENT MONTEBOURG ET HAMON ?"},"content":{"rendered":"<p>QUEL JEU JOUENT MONTEBOURG ET HAMON ?   Arnaud Montebourg, de son \u00e9tat Ministre des finances en tandem avec Benoit Hamon, Ministre de l\u2019\u00e9ducation nationale, se distinguent actuellement en militant ouvertement pour un changement de cap \u00e9conomique de Fran\u00e7ois Hollande.  Ce n\u2019est pas la premi\u00e8re fois que les deux comp\u00e8res se singularisent. Ils repr\u00e9sentent parait-il, \u00ab la gauche du PS \u00bb. Pourtant, lors de la formation du gouvernement Valls, il n\u2019y a pas plus de 5 mois, alors que de nombreux d\u00e9put\u00e9s et cadres de la gauche du PS, protestaient contre la nomination \u00ab du catalan hargneux \u00bb \u00e0 Matignon, ces deux-l\u00e0 dont on eut pu attendre qu\u2019ils soient en t\u00eate de la fronde, se ralli\u00e8rent, se couch\u00e8rent dirai-je m\u00eame, obs\u00e9quieux, devant la volont\u00e9 pr\u00e9sidentielle. Un marocain vaut bien une petite f\u00e9lonie. Montebourg aux finances, quoique flanqu\u00e9 de Sapin au budget, et Hamon \u00e0 l\u2019\u00e9ducation Nationale, s\u2019\u00e9tait une concession en forme de collet faite \u00e0 la dite gauche. En acceptant ceux-ci se faisaient complices de la politique ouvertement antisociale de Fran\u00e7ois hollande. Cela \u00e9tait on ne peut plus clair, la feuille de route que le pr\u00e9sident assignait \u00e0 Manuel Valls \u00e9tant \u00ab l\u2019acc\u00e9l\u00e9ration des r\u00e9formes et tout particuli\u00e8rement la mise en \u0153uvre du \u00ab pacte de responsabilit\u00e9 \u00bb. Alors, pourquoi, 5 Mois apr\u00e8s, Arnaud Montebourg et Benoit Hamon qui avaient accept\u00e9 le march\u00e9, pr\u00e9tendent-ils vouloir un changement de cap.  La cote de Fran\u00e7ois Hollande a chut\u00e9 ces derniers jours \u00e0 17 %, le mal-\u00eatre des fran\u00e7ais grandit et il ne fait gu\u00e8re de doute que les bilans de la saison estivale en seront de nouveaux r\u00e9v\u00e9lateurs, les chiffres du ch\u00f4mage sont toujours orient\u00e9s \u00e0 la hausse et les perspectives de \u00ab croissance \u00bb sont t\u2019elles \u00e0 la \u00ab d\u00e9croissance \u00bb. Que nous r\u00e9serve l\u2019automne au plan social ? C\u2019est sur cette trame de fond qu\u2019il convient d\u2019interpr\u00e9ter le positionnement nouveau du tandem Montebourg\/Hamon. Ne faut-il pas se pr\u00e9parer \u00e0 toutes \u00e9ventualit\u00e9s ?   Les deux comp\u00e8res qui critiquent ouvertement la politique \u00e9conomique du gouvernement, voulue par Fran\u00e7ois Hollande, et affirment carr\u00e9ment qu\u2019il faut changer de cap, n\u2019en jurent pas moins leurs grands Dieux qu\u2019ils entendent rester fid\u00e8les au Pr\u00e9sident de la r\u00e9publique. Ce serait presque \u00e0 n\u2019y rien comprendre. Qu\u2019est-ce donc que cet embrouillamini ? Comment pourrait-on faire confiance \u00e0 ces clowns versatiles ?   La cl\u00e9, c\u2019est Benoit Hamon qui la livre. \u00ab Qu\u2019aurait-on \u00e0 gagner, les uns et les autres, \u00e0 la division ? \u00bb interroge-t-il. L\u2019unit\u00e9, voil\u00e0 en effet un bien pr\u00e9cieux \u00e0 ceux qui veulent atteindre le m\u00eame but. Mais lorsque les objectifs vis\u00e9s sont totalement divergents et m\u00eame contradictoires, l\u2019unit\u00e9 est une entrave oblig\u00e9e pour l\u2019une des partie, \u00e0 d\u00e9faut une condamnation des deux \u00e0 l\u2019immobilisme. Pr\u00f4ner l\u2019unit\u00e9 quand on pr\u00eache des orientations contradictoire, c\u2019est soit vouloir trainer l\u2019autre o\u00f9 il ne veut pas aller, soit se r\u00e9soudre soi-m\u00eame \u00e0 prendre le chemin de Canossa. Dans le cas d\u2019esp\u00e8ce, les institutions de la 5\u00e8me R\u00e9publique \u00e9tant ce qu\u2019elles sont, c\u2019est le pr\u00e9sident qui d\u00e9finit l\u2019orientation de la politique du gouvernement. Pr\u00eacher l\u2019unit\u00e9 et la fid\u00e9lit\u00e9 au Pr\u00e9sident en de telles circonstances, c\u2019est accepter d\u2019aller en grognant o\u00f9 l\u2019on pr\u00e9tend vouloir ne pas aller.  En d\u00e9finitive, le \u00ab coup de gueule \u00bb du duo Montebourg Hamon, s\u2019explique de la sorte : Il pourrait y avoir du tangage \u00e0 la rentr\u00e9e sociale et le navire PS pourrait-\u00eatre fortement mal men\u00e9. Alors Montebourg et Hamon battent le rappel de leurs troupes. Nous sommes toujours \u00ab autant \u00e0 gauche \u00bb disent-ils pour les rassurer, la preuve, nous protestons contre la politique en cours et en exigeons une autre. Nous avons fait notre devoir. Mais nous n\u2019aurions rien \u00e0 gagner \u00e0 la division. Nous devons rester malgr\u00e9 tout  fid\u00e8les au Pr\u00e9sident de la r\u00e9publique.   L\u2019unit\u00e9 dont parlent Benoit Hamon et Arnaud Montebourg, leur pr\u00e9occupation, c\u2019est le maintien, co\u00fbte que co\u00fbte, de la coh\u00e9sion du PS dans la temp\u00eate qui s\u2019annonce, car tel est le gage premier et indispensable de la r\u00e9ussite du \u00ab capitaine de p\u00e9dalo \u00bb devenu commandant du navire France et qui conduit celui-ci vers une destination o\u00f9 ils pr\u00e9tendent pourtant ne pas vouloir se rendre. C\u2019est aussi se poser en recours, ou plus exactement en \u00ab roue de secours du PS \u00bb Si la contestation grandit dans le pays, il conviendra de tenter de la canaliser dans les berges imparties par le syst\u00e8me, et \u00e0 d\u00e9faut de l\u2019existence d\u2019une v\u00e9ritable opposition \u00e0 gauche de la gauche, des hommes du syst\u00e8me, comme Arnaud Montebourg et Benoit Hamon sont fond\u00e9s \u00e0 esp\u00e9rer pouvoir jouer \u00ab les recours \u00bb. Proposer en quelque sorte un nouveau changement pour ne rien changer.  Lundi 25 ao\u00fbt 2014.<\/p>\n","protected":false},"excerpt":{"rendered":"<p>QUEL JEU JOUENT MONTEBOURG ET HAMON ? Arnaud Montebourg, de son \u00e9tat Ministre des finances en tandem avec Benoit Hamon, [&hellip;]<\/p>\n","protected":false},"author":1,"featured_media":0,"comment_status":"open","ping_status":"open","sticky":false,"template":"","format":"standard","meta":{"sfsi_plus_gutenberg_text_before_share":"","sfsi_plus_gutenberg_show_text_before_share":"","sfsi_plus_gutenberg_icon_type":"","sfsi_plus_gutenberg_icon_alignemt":"","sfsi_plus_gutenburg_max_per_row":"","site-sidebar-layout":"default","site-content-layout":"","ast-site-content-layout":"default","site-content-style":"default","site-sidebar-style":"default","ast-global-header-display":"","ast-banner-title-visibility":"","ast-main-header-display":"","ast-hfb-above-header-display":"","ast-hfb-below-header-display":"","ast-hfb-mobile-header-display":"","site-post-title":"","ast-breadcrumbs-content":"","ast-featured-img":"","footer-sml-layout":"","ast-disable-related-posts":"","theme-transparent-header-meta":"","adv-header-id-meta":"","stick-header-meta":"","header-above-stick-meta":"","header-main-stick-meta":"","header-below-stick-meta":"","astra-migrate-meta-layouts":"default","ast-page-background-enabled":"default","ast-page-background-meta":{"desktop":{"background-color":"var(--ast-global-color-4)","background-image":"","background-repeat":"repeat","background-position":"center center","background-size":"auto","background-attachment":"scroll","background-type":"","background-media":"","overlay-type":"","overlay-color":"","overlay-opacity":"","overlay-gradient":""},"tablet":{"background-color":"","background-image":"","background-repeat":"repeat","background-position":"center center","background-size":"auto","background-attachment":"scroll","background-type":"","background-media":"","overlay-type":"","overlay-color":"","overlay-opacity":"","overlay-gradient":""},"mobile":{"background-color":"","background-image":"","background-repeat":"repeat","background-position":"center center","background-size":"auto","background-attachment":"scroll","background-type":"","background-media":"","overlay-type":"","overlay-color":"","overlay-opacity":"","overlay-gradient":""}},"ast-content-background-meta":{"desktop":{"background-color":"var(--ast-global-color-5)","background-image":"","background-repeat":"repeat","background-position":"center center","background-size":"auto","background-attachment":"scroll","background-type":"","background-media":"","overlay-type":"","overlay-color":"","overlay-opacity":"","overlay-gradient":""},"tablet":{"background-color":"var(--ast-global-color-5)","background-image":"","background-repeat":"repeat","background-position":"center center","background-size":"auto","background-attachment":"scroll","background-type":"","background-media":"","overlay-type":"","overlay-color":"","overlay-opacity":"","overlay-gradient":""},"mobile":{"background-color":"var(--ast-global-color-5)","background-image":"","background-repeat":"repeat","background-position":"center center","background-size":"auto","background-attachment":"scroll","background-type":"","background-media":"","overlay-type":"","overlay-color":"","overlay-opacity":"","overlay-gradient":""}},"footnotes":""},"categories":[16],"tags":[],"class_list":["post-1236","post","type-post","status-publish","format-standard","hentry","category-archives-cms"],"_links":{"self":[{"href":"https:\/\/lavoiedessansvoix.fr\/lavoie\/wp-json\/wp\/v2\/posts\/1236","targetHints":{"allow":["GET"]}}],"collection":[{"href":"https:\/\/lavoiedessansvoix.fr\/lavoie\/wp-json\/wp\/v2\/posts"}],"about":[{"href":"https:\/\/lavoiedessansvoix.fr\/lavoie\/wp-json\/wp\/v2\/types\/post"}],"author":[{"embeddable":true,"href":"https:\/\/lavoiedessansvoix.fr\/lavoie\/wp-json\/wp\/v2\/users\/1"}],"replies":[{"embeddable":true,"href":"https:\/\/lavoiedessansvoix.fr\/lavoie\/wp-json\/wp\/v2\/comments?post=1236"}],"version-history":[{"count":0,"href":"https:\/\/lavoiedessansvoix.fr\/lavoie\/wp-json\/wp\/v2\/posts\/1236\/revisions"}],"wp:attachment":[{"href":"https:\/\/lavoiedessansvoix.fr\/lavoie\/wp-json\/wp\/v2\/media?parent=1236"}],"wp:term":[{"taxonomy":"category","embeddable":true,"href":"https:\/\/lavoiedessansvoix.fr\/lavoie\/wp-json\/wp\/v2\/categories?post=1236"},{"taxonomy":"post_tag","embeddable":true,"href":"https:\/\/lavoiedessansvoix.fr\/lavoie\/wp-json\/wp\/v2\/tags?post=1236"}],"curies":[{"name":"wp","href":"https:\/\/api.w.org\/{rel}","templated":true}]}}