{"id":1235,"date":"2014-08-25T16:26:00","date_gmt":"2014-08-25T14:26:00","guid":{"rendered":"https:\/\/lavoiedessansvoix.fr\/lavoie\/2014\/08\/25\/archive-et-les-chiots-se-mordent-la-queue\/"},"modified":"2014-08-25T16:26:00","modified_gmt":"2014-08-25T14:26:00","slug":"archive-et-les-chiots-se-mordent-la-queue","status":"publish","type":"post","link":"https:\/\/lavoiedessansvoix.fr\/lavoie\/2014\/08\/25\/archive-et-les-chiots-se-mordent-la-queue\/","title":{"rendered":"ET LES CHIOTS SE MORDENT LA QUEUE"},"content":{"rendered":"<p>ET LE CHIOT SE MORD LA QUEUE   Nous avons \u00e9crit ce jour m\u00eame : \u00abLes deux comp\u00e8res qui critiquent ouvertement la politique \u00e9conomique du gouvernement, voulue par Fran\u00e7ois Hollande, et affirment carr\u00e9ment qu\u2019il faut changer de cap, n\u2019en jurent pas moins leurs grands Dieux qu\u2019ils entendent rester fid\u00e8les au Pr\u00e9sident de la r\u00e9publique. Ce serait presque \u00e0 n\u2019y rien comprendre. Qu\u2019est-ce donc que cet embrouillamini ? \u00bb  Or ce soir, invit\u00e9 au journal de 20 heures de France2, Benoit Hamon persiste dans  ce discours insipide qui se mord la queue. \u00ab\u00a0aujourd&rsquo;hui la rigueur mise en \u0153uvre pour partie sur injonction de Bruxelles ne nous permet pas d&rsquo;atteindre nos objectifs\u00a0\u00bb. Pourtant, tout de go, il ajoute qu\u2019il ne consacrera pas son temps \u00ab \u00e0 remettre en cause ce qu&rsquo;il a fait depuis 2 ans et demis\u00a0\u00bb, Beno\u00eet Hamon souhaite d\u00e9sormais se battre pour que \u00ab\u00a0le futur gouvernement r\u00e9ussisse\u00a0\u00bb. \u00ab\u00a0Pour que la France s&rsquo;en sorte il faut que la gauche r\u00e9ussisse\u00a0\u00bb.  La politique \u00e9conomique et sociale suivit par Manuel Valls \u00e0 la demande du Pr\u00e9sident de la r\u00e9publique est n\u00e9faste pour la France et pour la gauche nous explique-t-il mais il veut d\u00e9sormais se battre pour qu\u2019ils r\u00e9ussissent.  N\u2019est-ce pas \u00e0 se taper la t\u00eate contre les murs ?Nous avons mis en garde ce matin, \u00ab\u00a0il ne faut pas faire confiance \u00e0 ces clowns versatiles\u00a0\u00bbMoi Monsieur Hamon, quand je consid\u00e8re qu&rsquo;une politique est n\u00e9faste voire dangereuse, je m&rsquo;engage de toute mes forces pour la faire \u00e9chouer.    Lundi 25 ao\u00fbt 2014 ; 22 heures 30.<\/p>\n","protected":false},"excerpt":{"rendered":"<p>ET LE CHIOT SE MORD LA QUEUE Nous avons \u00e9crit ce jour m\u00eame : \u00abLes deux comp\u00e8res qui critiquent ouvertement [&hellip;]<\/p>\n","protected":false},"author":1,"featured_media":0,"comment_status":"open","ping_status":"open","sticky":false,"template":"","format":"standard","meta":{"sfsi_plus_gutenberg_text_before_share":"","sfsi_plus_gutenberg_show_text_before_share":"","sfsi_plus_gutenberg_icon_type":"","sfsi_plus_gutenberg_icon_alignemt":"","sfsi_plus_gutenburg_max_per_row":"","site-sidebar-layout":"default","site-content-layout":"","ast-site-content-layout":"default","site-content-style":"default","site-sidebar-style":"default","ast-global-header-display":"","ast-banner-title-visibility":"","ast-main-header-display":"","ast-hfb-above-header-display":"","ast-hfb-below-header-display":"","ast-hfb-mobile-header-display":"","site-post-title":"","ast-breadcrumbs-content":"","ast-featured-img":"","footer-sml-layout":"","ast-disable-related-posts":"","theme-transparent-header-meta":"","adv-header-id-meta":"","stick-header-meta":"","header-above-stick-meta":"","header-main-stick-meta":"","header-below-stick-meta":"","astra-migrate-meta-layouts":"default","ast-page-background-enabled":"default","ast-page-background-meta":{"desktop":{"background-color":"var(--ast-global-color-4)","background-image":"","background-repeat":"repeat","background-position":"center center","background-size":"auto","background-attachment":"scroll","background-type":"","background-media":"","overlay-type":"","overlay-color":"","overlay-opacity":"","overlay-gradient":""},"tablet":{"background-color":"","background-image":"","background-repeat":"repeat","background-position":"center center","background-size":"auto","background-attachment":"scroll","background-type":"","background-media":"","overlay-type":"","overlay-color":"","overlay-opacity":"","overlay-gradient":""},"mobile":{"background-color":"","background-image":"","background-repeat":"repeat","background-position":"center center","background-size":"auto","background-attachment":"scroll","background-type":"","background-media":"","overlay-type":"","overlay-color":"","overlay-opacity":"","overlay-gradient":""}},"ast-content-background-meta":{"desktop":{"background-color":"var(--ast-global-color-5)","background-image":"","background-repeat":"repeat","background-position":"center center","background-size":"auto","background-attachment":"scroll","background-type":"","background-media":"","overlay-type":"","overlay-color":"","overlay-opacity":"","overlay-gradient":""},"tablet":{"background-color":"var(--ast-global-color-5)","background-image":"","background-repeat":"repeat","background-position":"center center","background-size":"auto","background-attachment":"scroll","background-type":"","background-media":"","overlay-type":"","overlay-color":"","overlay-opacity":"","overlay-gradient":""},"mobile":{"background-color":"var(--ast-global-color-5)","background-image":"","background-repeat":"repeat","background-position":"center center","background-size":"auto","background-attachment":"scroll","background-type":"","background-media":"","overlay-type":"","overlay-color":"","overlay-opacity":"","overlay-gradient":""}},"footnotes":""},"categories":[16],"tags":[],"class_list":["post-1235","post","type-post","status-publish","format-standard","hentry","category-archives-cms"],"_links":{"self":[{"href":"https:\/\/lavoiedessansvoix.fr\/lavoie\/wp-json\/wp\/v2\/posts\/1235","targetHints":{"allow":["GET"]}}],"collection":[{"href":"https:\/\/lavoiedessansvoix.fr\/lavoie\/wp-json\/wp\/v2\/posts"}],"about":[{"href":"https:\/\/lavoiedessansvoix.fr\/lavoie\/wp-json\/wp\/v2\/types\/post"}],"author":[{"embeddable":true,"href":"https:\/\/lavoiedessansvoix.fr\/lavoie\/wp-json\/wp\/v2\/users\/1"}],"replies":[{"embeddable":true,"href":"https:\/\/lavoiedessansvoix.fr\/lavoie\/wp-json\/wp\/v2\/comments?post=1235"}],"version-history":[{"count":0,"href":"https:\/\/lavoiedessansvoix.fr\/lavoie\/wp-json\/wp\/v2\/posts\/1235\/revisions"}],"wp:attachment":[{"href":"https:\/\/lavoiedessansvoix.fr\/lavoie\/wp-json\/wp\/v2\/media?parent=1235"}],"wp:term":[{"taxonomy":"category","embeddable":true,"href":"https:\/\/lavoiedessansvoix.fr\/lavoie\/wp-json\/wp\/v2\/categories?post=1235"},{"taxonomy":"post_tag","embeddable":true,"href":"https:\/\/lavoiedessansvoix.fr\/lavoie\/wp-json\/wp\/v2\/tags?post=1235"}],"curies":[{"name":"wp","href":"https:\/\/api.w.org\/{rel}","templated":true}]}}