{"id":1234,"date":"2014-08-26T16:13:00","date_gmt":"2014-08-26T14:13:00","guid":{"rendered":"https:\/\/lavoiedessansvoix.fr\/lavoie\/2014\/08\/26\/archive-quand-arnaud-montebourg-tousse-le-gouvernement-valse\/"},"modified":"2014-08-26T16:13:00","modified_gmt":"2014-08-26T14:13:00","slug":"archive-quand-arnaud-montebourg-tousse-le-gouvernement-valse","status":"publish","type":"post","link":"https:\/\/lavoiedessansvoix.fr\/lavoie\/2014\/08\/26\/archive-quand-arnaud-montebourg-tousse-le-gouvernement-valse\/","title":{"rendered":"QUAND ARNAUD MONTEBOURG TOUSSE LE GOUVERNEMENT VALSE"},"content":{"rendered":"<p>QUAND ARNAUD MONTEBOURG TOUSSE LE GOUVERNEMENT VALSE  1 &#8211; RENDEZ-VOUS AVEC LA L\u00c9GENDE  Avant-hier, \u00e0 l\u2019occasion de la f\u00eate de la rose \u00e0 Frangy en Bresse, Arnaud Montebourg lance une nouvelle charge dont il est coutumier, contre le gouvernement Valls et Fran\u00e7ois Hollande. \u00c7a passe ou \u00e7a casse ? Ca a cass\u00e9 bien s\u00fbr. Mais croyez-vous vraiment que ce soit une surprise pour les \u00ab coalis\u00e9s \u00bb ? Non, pas vraiment, ils voulaient prendre date, se positionner pour la gestion d\u2019un \u00e0-venir plus ou moins imminent. Ils l\u2019ont fait. C\u2019est ce qu\u2019ils appellent eux m\u00eame avoir fait leur devoir. Arnaud Montebourg a utilis\u00e9 la formule hier 25 ao\u00fbt. Mais ne l\u2019avons-nous pas devanc\u00e9 dans notre article du matin ? Ils voulaient prendre date. En r\u00e9agissant comme ils l\u2019ont fait, par la \u00ab dissolution \u00bb du gouvernement, Fran\u00e7ois Hollande et Manuel Valls ont amplifi\u00e9 leur message au-del\u00e0 de toute esp\u00e9rance. De ce jour Arnaud Montebourg est entr\u00e9 dans \u00ab la l\u00e9gende \u00bb politicienne. Ne dira-t-on pas \u00e0 dor\u00e9navant : \u00ab Quand Arnaud Montebourg tousse le gouvernement valse \u00bb ?  2 &#8211; L\u2019ARNAQUE TAUBIRA  Nous avons entendu ce soir sur France2, entre autres commentaires concernant la formation du nouveau gouvernement (Valls 2), celui-ci, concernant le maintien \u00e0 son poste de la garde des sceaux : \u00ab Par son lyrisme et sa pugnacit\u00e9 dans le d\u00e9bat parlementaire sur la loi \u00ab du mariage pour tous \u00bb, Suzanne Taubira a acquis ses lettres de noblesse, elle est devenue l\u2019\u00e9g\u00e9rie de \u00ab la gauche progressiste \u00bb.   Ainsi avec le maintien de ce \u00bb symbole \u00bb dans le gouvernement, Valls et Hollande, dans le m\u00eame temps o\u00f9 ils clarifient, forc\u00e9s, leur positions au profit du capital et de la finance, ils  ne rechignent pas \u00e0 se pr\u00e9valoir d\u2019\u00eatre, eux, \u00ab la gauche progressiste \u00bb  Voil\u00e0 \u00e0 quoi devait servir la loi sur le mariage gay, \u00e0 colorier des couleurs de \u00ab la tol\u00e9rance \u00bb, de l\u2019ouverture \u00bb et du progr\u00e8s social \u00bb une politique r\u00e9trograde en v\u00e9rit\u00e9 tourn\u00e9e vers la r\u00e9gression sociale la plus brutale.  Fran\u00e7ois Mitterrand en son temps avait us\u00e9 d\u2019un stratag\u00e8me \u00e9quivalent. Si bien que 30 ans apr\u00e8s, quand vous rappelez tout le mal que celui-ci \u00e0 fait aux classes populaires, d\u00e9sindexation des salaires, aust\u00e9rit\u00e9, d\u00e9mant\u00e8lement des mines de la sid\u00e9rurgie de l\u2019automobile de la construction navale etc, il y a toujours un petit malin pour vous prouver qu\u2019il \u00e9tait de gauche malgr\u00e9 tout : \u00ab n\u2019a\u2014t-il pas abolie la peine de mort \u00bb.  Suzanne Taubira est devenue une ic\u00f4ne ? Gardez-vous d\u2019en user trop. Elle pourrait devenir \u00ab l\u2019ic\u00f4ne de l\u2019arnaque politique.  3 &#8211; LA MACRON-\u00c9CONOMIE  \u00c9lectron, proton, m\u00e9son, macron, un nom de particule \u00e0 moins que \u00e7a ne soit un nouveau  concept math\u00e9matique. Fran\u00e7ois Hollande et Manuel Valls ne pouvaient pas mieux choisir leur nouveau ministre de l\u2019\u00e9conomie. Ils ne pouvaient pas mieux clarifier leur choix de la finance contre le peuple. Nous avions signal\u00e9 dans un pass\u00e9 encore r\u00e9cent le cynisme du chef de l\u2019\u00c9tat tirant les le\u00e7ons de son revers \u00e9lectoral aux municipales. Il r\u00e9it\u00e8re dans la m\u00eame veine m\u00e9prisante. La nomination de Manuel Macron, un andro\u00efde recommand\u00e9 par la banque Rothschild comme Georges Pompidou en son temps, au minist\u00e8re de l\u2019\u00e9conomie, est un nouveau crachat que l\u2019homme de l\u2019\u00c9lys\u00e9e adresse aux fran\u00e7ais qui souffrent. Changez de politique \u00e9conomique ont sugg\u00e9r\u00e9 Montebourg et Hamon. Nous n&rsquo;en changerons pas ont r\u00e9pondu Hollande et Valls, notre ligne c&rsquo;est \u00ab\u00a0la macron-\u00e9conomie\u00a0\u00bb.  Mardi 26 ao\u00fbt 2914.<\/p>\n","protected":false},"excerpt":{"rendered":"<p>QUAND ARNAUD MONTEBOURG TOUSSE LE GOUVERNEMENT VALSE 1 &#8211; RENDEZ-VOUS AVEC LA L\u00c9GENDE Avant-hier, \u00e0 l\u2019occasion de la f\u00eate de [&hellip;]<\/p>\n","protected":false},"author":1,"featured_media":0,"comment_status":"open","ping_status":"open","sticky":false,"template":"","format":"standard","meta":{"sfsi_plus_gutenberg_text_before_share":"","sfsi_plus_gutenberg_show_text_before_share":"","sfsi_plus_gutenberg_icon_type":"","sfsi_plus_gutenberg_icon_alignemt":"","sfsi_plus_gutenburg_max_per_row":"","site-sidebar-layout":"default","site-content-layout":"","ast-site-content-layout":"default","site-content-style":"default","site-sidebar-style":"default","ast-global-header-display":"","ast-banner-title-visibility":"","ast-main-header-display":"","ast-hfb-above-header-display":"","ast-hfb-below-header-display":"","ast-hfb-mobile-header-display":"","site-post-title":"","ast-breadcrumbs-content":"","ast-featured-img":"","footer-sml-layout":"","ast-disable-related-posts":"","theme-transparent-header-meta":"","adv-header-id-meta":"","stick-header-meta":"","header-above-stick-meta":"","header-main-stick-meta":"","header-below-stick-meta":"","astra-migrate-meta-layouts":"default","ast-page-background-enabled":"default","ast-page-background-meta":{"desktop":{"background-color":"var(--ast-global-color-4)","background-image":"","background-repeat":"repeat","background-position":"center center","background-size":"auto","background-attachment":"scroll","background-type":"","background-media":"","overlay-type":"","overlay-color":"","overlay-opacity":"","overlay-gradient":""},"tablet":{"background-color":"","background-image":"","background-repeat":"repeat","background-position":"center center","background-size":"auto","background-attachment":"scroll","background-type":"","background-media":"","overlay-type":"","overlay-color":"","overlay-opacity":"","overlay-gradient":""},"mobile":{"background-color":"","background-image":"","background-repeat":"repeat","background-position":"center center","background-size":"auto","background-attachment":"scroll","background-type":"","background-media":"","overlay-type":"","overlay-color":"","overlay-opacity":"","overlay-gradient":""}},"ast-content-background-meta":{"desktop":{"background-color":"var(--ast-global-color-5)","background-image":"","background-repeat":"repeat","background-position":"center center","background-size":"auto","background-attachment":"scroll","background-type":"","background-media":"","overlay-type":"","overlay-color":"","overlay-opacity":"","overlay-gradient":""},"tablet":{"background-color":"var(--ast-global-color-5)","background-image":"","background-repeat":"repeat","background-position":"center center","background-size":"auto","background-attachment":"scroll","background-type":"","background-media":"","overlay-type":"","overlay-color":"","overlay-opacity":"","overlay-gradient":""},"mobile":{"background-color":"var(--ast-global-color-5)","background-image":"","background-repeat":"repeat","background-position":"center center","background-size":"auto","background-attachment":"scroll","background-type":"","background-media":"","overlay-type":"","overlay-color":"","overlay-opacity":"","overlay-gradient":""}},"footnotes":""},"categories":[16],"tags":[],"class_list":["post-1234","post","type-post","status-publish","format-standard","hentry","category-archives-cms"],"_links":{"self":[{"href":"https:\/\/lavoiedessansvoix.fr\/lavoie\/wp-json\/wp\/v2\/posts\/1234","targetHints":{"allow":["GET"]}}],"collection":[{"href":"https:\/\/lavoiedessansvoix.fr\/lavoie\/wp-json\/wp\/v2\/posts"}],"about":[{"href":"https:\/\/lavoiedessansvoix.fr\/lavoie\/wp-json\/wp\/v2\/types\/post"}],"author":[{"embeddable":true,"href":"https:\/\/lavoiedessansvoix.fr\/lavoie\/wp-json\/wp\/v2\/users\/1"}],"replies":[{"embeddable":true,"href":"https:\/\/lavoiedessansvoix.fr\/lavoie\/wp-json\/wp\/v2\/comments?post=1234"}],"version-history":[{"count":0,"href":"https:\/\/lavoiedessansvoix.fr\/lavoie\/wp-json\/wp\/v2\/posts\/1234\/revisions"}],"wp:attachment":[{"href":"https:\/\/lavoiedessansvoix.fr\/lavoie\/wp-json\/wp\/v2\/media?parent=1234"}],"wp:term":[{"taxonomy":"category","embeddable":true,"href":"https:\/\/lavoiedessansvoix.fr\/lavoie\/wp-json\/wp\/v2\/categories?post=1234"},{"taxonomy":"post_tag","embeddable":true,"href":"https:\/\/lavoiedessansvoix.fr\/lavoie\/wp-json\/wp\/v2\/tags?post=1234"}],"curies":[{"name":"wp","href":"https:\/\/api.w.org\/{rel}","templated":true}]}}