{"id":1232,"date":"2014-08-30T15:53:00","date_gmt":"2014-08-30T13:53:00","guid":{"rendered":"https:\/\/lavoiedessansvoix.fr\/lavoie\/2014\/08\/30\/archive-delirium-tremens-a-propos-de-la-situation-en-ukraine\/"},"modified":"2014-08-30T15:53:00","modified_gmt":"2014-08-30T13:53:00","slug":"archive-delirium-tremens-a-propos-de-la-situation-en-ukraine","status":"publish","type":"post","link":"https:\/\/lavoiedessansvoix.fr\/lavoie\/2014\/08\/30\/archive-delirium-tremens-a-propos-de-la-situation-en-ukraine\/","title":{"rendered":"DELIRIUM TREMENS  (A propos de la situation en Ukraine)"},"content":{"rendered":"<p>DELIRIUM TREMENS  (A propos de la situation en Ukraine)  Voil\u00e0 que le Landernau politico-m\u00e9diatique s\u2019enflamme \u00e0 nouveau, \u00ab les Russes auraient envahi l\u2019Ukraine \u00bb, enfin pas tout \u00e0 fait, il y en aurait 2000 engag\u00e9s dans les combats aupr\u00e8s des insurg\u00e9s du Donbass, entendait-on jeudi. Hier vendredi, c\u2019\u00e9tait 1000 selon Obama. Fran\u00e7ois Hollande, mal men\u00e9 ces jours-ci par la fronde des Montebourg\/Hamon, retrouve l\u00e0 l\u2019occasion de briller dans un domaine r\u00e9serv\u00e9 du Pr\u00e9sident de la r\u00e9publique o\u00f9 il s\u2019est distingu\u00e9 ces derniers mois, par l\u2019agressivit\u00e9 et l\u2019usage de la menace sans discernement. Briller ? Peut-\u00eatre, ou se perdre un peu plus. \u00ab S\u2019il s\u2019av\u00e8re que la Russie intervient militairement dans le conflit Ukrainien, se serait grave et m\u00eame inacceptable. \u00bb disait-il \u00e0 peu pr\u00e8s hier soir. Ce serait inacceptable ! Qu\u2019est-ce \u00e0 dire, que nous allons entrer en guerre contre la Russie ? Mais les observateurs attentifs et les experts en communication l\u2019auront remarqu\u00e9, les mouvements du corps et la direction du regard traduisaient un profond mal-\u00eatre de l\u2019orateur. Fran\u00e7ois Hollande baigne dans le mensonge l\u2019outrance et le non-dit et sa gestuelle le trahit.  Mensonge : Des combattants de nationalit\u00e9 Russe sont engag\u00e9s aux cot\u00e9 de leurs camarades du Donbass. En quoi la Russie serait-elle plus  impliqu\u00e9e dans cette affaire que n\u2019est par exemple l\u2019OTAN en Syrie du fait de la pr\u00e9sence de combattants de nationalit\u00e9 Fran\u00e7aise, Britannique ou am\u00e9ricaine tous trois membres imminents de l\u2019Alliance atlantique.? Et enfin, quoi de plus naturel quand on prend en compte les proximit\u00e9s g\u00e9ographiques, Historiques, culturelles et sociales de l\u2019Ukraine et de la Russie.    Des blind\u00e9s russes, pensez un peu, en Ukraine, il y en a probablement. L\u2019arm\u00e9e Ukrainienne ne faisait-elle pas partie int\u00e9grante de l\u2019arm\u00e9e rouge aux temps de l\u2019URSS ? Non pas bien s\u00fbr des blind\u00e9s de l\u2019arm\u00e9e russe mais des blind\u00e9s de fabrication russe. Or, de nombreux soldats ukrainiens sont pass\u00e9s d\u00e9j\u00e0, avec armes et bagages et blind\u00e9s, du c\u00f4t\u00e9 de la r\u00e9bellion, d\u2019autres ont d\u00e9sert\u00e9 o\u00f9 ce sont rendus en remettant leur arsenal aux insurg\u00e9s. Alors des colonnes de chars de fabrication russe, il est possible qu\u2019il y en ait, ce sont celle des insurg\u00e9s.  Outrance : Lorsqu\u2019il affirme que c\u2019est cette \u00ab invasion russe \u00bb suppos\u00e9e qui constituerait un fait nouveau ouvrant une grave crise internationale entre l\u2019Europe alli\u00e9e des USA et la Russie. Mais n\u2019est-ce pas l\u2019Europe en v\u00e9rit\u00e9 qui a ouvert les hostilit\u00e9s, avec les USA aux commandes comme on l\u2019a vu, en tentant, avec le sommet de Vilnius et \u00ab l\u2019accord de partenariat oriental \u00bb d\u2019avancer plus pr\u00e8s de la fronti\u00e8re russe l\u2019influence occidentale et la pr\u00e9sence de l\u2019OTAN  Non-dit : (qui est une autre forme du mensonge) : Des soldats de nationalit\u00e9 Russe combattent aupr\u00e8s des insurg\u00e9s du Donbass, et cela serait r\u00e9dhibitoire. Mais combien d\u2019encadrements, conseillers militaires, commandos \u00e9trangers, milices mercantiles et mercenaires de diverses nationalit\u00e9s, combattent aupr\u00e8s de l\u2019arm\u00e9e Ukrainienne ? Sans cette aide, sans cette pr\u00e9sence, celle-ci qui ce serait effondr\u00e9e depuis bien longtemps, n\u2019aurait pu entreprendre l\u2019offensive qu\u2019elle a lanc\u00e9 contre les insurg\u00e9s de l\u2019Est, apr\u00e8s l\u2019\u00e9lection de Porochenko.  La v\u00e9rit\u00e9 est plus prosa\u00efque. Depuis quelques jours, \u00e0 la date symbole d\u2019ind\u00e9pendance de l\u2019Ukraine, les insurg\u00e9s du Donbass ont lanc\u00e9 \u00e0 leur tour une contre-offensive qui c\u2019est d\u00e9j\u00e0 sold\u00e9e par quelques succ\u00e8s pour les insurg\u00e9s et autant de revers pour l\u2019arm\u00e9e \u00ab officielle \u00bb. Mais le pire pour cette derni\u00e8re, et le r\u00e9gime de Kiev, est peut-\u00eatre \u00e0 venir. En v\u00e9rit\u00e9 les seules troupes vraiment fid\u00e8les qui veulent se battre sont celles form\u00e9es par les milices fascistes de \u00ab Praviy Sektor \u00bb et autres, et les troupes mercenaires. L\u2019arm\u00e9e Ukrainienne dans sa grande majorit\u00e9 ne veut pas se battre contre ses fr\u00e8res, ses compatriotes, fussent-ils \u00ab pro-russes \u00bb. Si la pression militaire des insurg\u00e9s se confirme, on pourrait assister bient\u00f4t au d\u00e9bandage total de l\u2019arm\u00e9e ukrainienne qui pr\u00e9cipiterait le r\u00e9gime de Kiev dans les abysses de l\u2019Histoire. C\u2019est ce que redoutent \u00e0 pr\u00e9sent les occidentaux. C\u2019est ce qui les rend f\u00e9briles, ils hallucinent, ils voient des colonnes de blind\u00e9s russes franchir la fronti\u00e8re avec l\u2019Ukraine comme dans leurs crises de d\u00e9lirium tremens les alcooliques graves voient des colonnes de gros cafards franchir les fronti\u00e8res de leur raison.  Samedi 30 ao\u00fbt 2014.<\/p>\n","protected":false},"excerpt":{"rendered":"<p>DELIRIUM TREMENS (A propos de la situation en Ukraine) Voil\u00e0 que le Landernau politico-m\u00e9diatique s\u2019enflamme \u00e0 nouveau, \u00ab les Russes [&hellip;]<\/p>\n","protected":false},"author":1,"featured_media":0,"comment_status":"open","ping_status":"open","sticky":false,"template":"","format":"standard","meta":{"sfsi_plus_gutenberg_text_before_share":"","sfsi_plus_gutenberg_show_text_before_share":"","sfsi_plus_gutenberg_icon_type":"","sfsi_plus_gutenberg_icon_alignemt":"","sfsi_plus_gutenburg_max_per_row":"","site-sidebar-layout":"default","site-content-layout":"","ast-site-content-layout":"default","site-content-style":"default","site-sidebar-style":"default","ast-global-header-display":"","ast-banner-title-visibility":"","ast-main-header-display":"","ast-hfb-above-header-display":"","ast-hfb-below-header-display":"","ast-hfb-mobile-header-display":"","site-post-title":"","ast-breadcrumbs-content":"","ast-featured-img":"","footer-sml-layout":"","ast-disable-related-posts":"","theme-transparent-header-meta":"","adv-header-id-meta":"","stick-header-meta":"","header-above-stick-meta":"","header-main-stick-meta":"","header-below-stick-meta":"","astra-migrate-meta-layouts":"default","ast-page-background-enabled":"default","ast-page-background-meta":{"desktop":{"background-color":"var(--ast-global-color-4)","background-image":"","background-repeat":"repeat","background-position":"center center","background-size":"auto","background-attachment":"scroll","background-type":"","background-media":"","overlay-type":"","overlay-color":"","overlay-opacity":"","overlay-gradient":""},"tablet":{"background-color":"","background-image":"","background-repeat":"repeat","background-position":"center center","background-size":"auto","background-attachment":"scroll","background-type":"","background-media":"","overlay-type":"","overlay-color":"","overlay-opacity":"","overlay-gradient":""},"mobile":{"background-color":"","background-image":"","background-repeat":"repeat","background-position":"center center","background-size":"auto","background-attachment":"scroll","background-type":"","background-media":"","overlay-type":"","overlay-color":"","overlay-opacity":"","overlay-gradient":""}},"ast-content-background-meta":{"desktop":{"background-color":"var(--ast-global-color-5)","background-image":"","background-repeat":"repeat","background-position":"center center","background-size":"auto","background-attachment":"scroll","background-type":"","background-media":"","overlay-type":"","overlay-color":"","overlay-opacity":"","overlay-gradient":""},"tablet":{"background-color":"var(--ast-global-color-5)","background-image":"","background-repeat":"repeat","background-position":"center center","background-size":"auto","background-attachment":"scroll","background-type":"","background-media":"","overlay-type":"","overlay-color":"","overlay-opacity":"","overlay-gradient":""},"mobile":{"background-color":"var(--ast-global-color-5)","background-image":"","background-repeat":"repeat","background-position":"center center","background-size":"auto","background-attachment":"scroll","background-type":"","background-media":"","overlay-type":"","overlay-color":"","overlay-opacity":"","overlay-gradient":""}},"footnotes":""},"categories":[16],"tags":[],"class_list":["post-1232","post","type-post","status-publish","format-standard","hentry","category-archives-cms"],"_links":{"self":[{"href":"https:\/\/lavoiedessansvoix.fr\/lavoie\/wp-json\/wp\/v2\/posts\/1232","targetHints":{"allow":["GET"]}}],"collection":[{"href":"https:\/\/lavoiedessansvoix.fr\/lavoie\/wp-json\/wp\/v2\/posts"}],"about":[{"href":"https:\/\/lavoiedessansvoix.fr\/lavoie\/wp-json\/wp\/v2\/types\/post"}],"author":[{"embeddable":true,"href":"https:\/\/lavoiedessansvoix.fr\/lavoie\/wp-json\/wp\/v2\/users\/1"}],"replies":[{"embeddable":true,"href":"https:\/\/lavoiedessansvoix.fr\/lavoie\/wp-json\/wp\/v2\/comments?post=1232"}],"version-history":[{"count":0,"href":"https:\/\/lavoiedessansvoix.fr\/lavoie\/wp-json\/wp\/v2\/posts\/1232\/revisions"}],"wp:attachment":[{"href":"https:\/\/lavoiedessansvoix.fr\/lavoie\/wp-json\/wp\/v2\/media?parent=1232"}],"wp:term":[{"taxonomy":"category","embeddable":true,"href":"https:\/\/lavoiedessansvoix.fr\/lavoie\/wp-json\/wp\/v2\/categories?post=1232"},{"taxonomy":"post_tag","embeddable":true,"href":"https:\/\/lavoiedessansvoix.fr\/lavoie\/wp-json\/wp\/v2\/tags?post=1232"}],"curies":[{"name":"wp","href":"https:\/\/api.w.org\/{rel}","templated":true}]}}