{"id":1231,"date":"2014-09-03T16:13:00","date_gmt":"2014-09-03T14:13:00","guid":{"rendered":"https:\/\/lavoiedessansvoix.fr\/lavoie\/2014\/09\/03\/archive-toutes-hontes-bues\/"},"modified":"2014-09-03T16:13:00","modified_gmt":"2014-09-03T14:13:00","slug":"archive-toutes-hontes-bues","status":"publish","type":"post","link":"https:\/\/lavoiedessansvoix.fr\/lavoie\/2014\/09\/03\/archive-toutes-hontes-bues\/","title":{"rendered":"TOUTES HONTES BUES"},"content":{"rendered":"<p>TOUTES HONTES BUES   Ceux d\u2019entre vous qui rendent r\u00e9guli\u00e8rement visite \u00e0 \u00ab la voie des sans voix \u00bb, le savent, nous sommes de ceux qui ne se faisaient aucune illusion sur \u00ab le retour de la gauche \u00bb en 2012, incarn\u00e9e par Fran\u00e7ois Hollande. Nous avons \u00e9crits de nombreux articles sur le sujet que nous nous garderons de citer une nouvelle fois. Libre \u00e0 vous d\u2019aller les consulter.   Au regard des r\u00e9alit\u00e9s nous pourrions nous d\u00e9cerner des \u00ab Auto satisf\u00e9cits \u00bb : \u00ab Nous l\u2019avions dit ! \u00bb \u00ab Nous l\u2019avions pr\u00e9vu ! \u00bb \u00ab C\u2019\u00e9tait \u00e9crit ! \u00bb etc. Or, en tout premier lieu, nous n\u2019en avons pas le c\u0153ur. Comment se r\u00e9jouir quand les faits qui nous donnent raison provoque tant de mal-\u00eatre de mis\u00e8re et de malheur alentour ? Mais surtout, au-del\u00e0 des apparences qui disent tant notre perspicacit\u00e9, ne nous sommes-nous pas en v\u00e9rit\u00e9 tromp\u00e9 ? Ces gens-l\u00e0 qui se pr\u00e9tendent \u00ab la gauche \u00bb ne sont pas seulement les alter-egos de \u00ab la droite \u00bb, Hollande n\u2019est pas qu\u2019un clone de Sarkozy. Ils ne font pas seulement la m\u00eame politique avec un peu de vaseline. La vaseline \u00e0 pr\u00e9sent co\u00fbte trop cher \u00e0 leurs sens. Ils sont pires, ils sont odieux,  ils ne se connaissent plus de limites dans l\u2019ignominie.  Avec le remaniement minist\u00e9riel provoqu\u00e9 par les derni\u00e8res \u00ab sorties \u00bb du couple Montebourg\/Hamon, tout se passe comme si Hollande et Valls s\u2019\u00e9tant lib\u00e9r\u00e9 \u00ab des boulets \u00bb qui les entravaient encore avaient d\u00e9cid\u00e9s de l\u00e2cher la bonde de leur r\u00e9alit\u00e9 contenue. Les voil\u00e0 \u00ab nus \u00bb, plus vrai que nature, terriblement r\u00e9trogrades  r\u00e9actionnaires et m\u00e9prisants. Valls, le lendemain du remaniement minist\u00e9riel est all\u00e9 se pavaner et se faire applaudir \u00e0 l\u2019universit\u00e9 d\u2019\u00e9t\u00e9 du Medef. Macron qui a dit lorsqu\u2019il n\u2019\u00e9tait pas encore ministre, mais d\u00e9j\u00e0 conseiller du pr\u00e9sident de la r\u00e9publique tout de m\u00eame, qu\u2019il allait falloir remettre en cause la loi des 35 heures, s\u2019empresse de r\u00e9it\u00e9rer sa proposition. Et voil\u00e0 que Fran\u00e7ois Rebsamen se met de la partie. Ils se l\u00e2chent vous dis-je. Plus de faux-semblants, plus de pudeur, plus de respect. Ils se croient tout permis. Ils n\u2019ont plus de retenue. Ils tombent le masque.  Le Ministre du travail a lanc\u00e9 hier \u00ab mardi matin Sur i-T\u00e9l\u00e9, une nouvelle bombe politique. Il aurait demand\u00e9  \u00ab \u00e0 P\u00f4le emploi de renforcer les contr\u00f4les pour v\u00e9rifier que les gens cherchent bien un emploi\u00bb. Et quand \u00e7a n&rsquo;est pas vraiment le cas: \u00abIl faut qu&rsquo;il y ait, \u00e0 un moment, une sanction.\u00bb\u2026..  \u00ab Secr\u00e9taire d&rsquo;\u00c9tat \u00e0 la R\u00e9forme de l&rsquo;\u00c9tat et \u00e0 la Simplification, Thierry Mandon a tent\u00e9 de justifier ce midi sur RMC la sortie de son coll\u00e8gue. \u00abMettez-vous \u00e0 la place du ministre du Travail, qui voit le ch\u00f4mage augmenter, \u2026\u2026 \u00bb  Oui, c\u2019est bien \u00e7a. Et Thierry Mandon en voulant le justifier ne r\u00e9ussit qu\u2019\u00e0 mettre en \u00e9vidence toute la perversit\u00e9 de son coll\u00e8gue et de cette \u00e9quipe qui constatant l\u2019\u00e9chec de sa politique tente de \u00ab botter en touche \u00bb en incriminant \u00ab les mauvais ch\u00f4meurs \u00bb.  Fran\u00e7ois Hollande durant deux ans, niant les r\u00e9alit\u00e9s et insultant les faits, nonobstant cyniquement les r\u00e9sultats n\u00e9cessaires de sa politique, pr\u00e9tendait que \u00ab la courbe du ch\u00f4mage allait s\u2019inverser. Il mentait effront\u00e9ment. Sauf \u00e0 \u00eatre carr\u00e9ment idiot, il n\u2019en pouvait rien croire. Mais voil\u00e0, c\u2019est dans la nature du mensonge de devoir \u00eatre un jour d\u00e9couvert. Le temps vient toujours o\u00f9 la r\u00e9alit\u00e9 le rend impraticable. Il faut bien alors trouver une explication, allumer un contre feu pour disperser la critique, trouver des responsables \u00e0 l\u2019\u00e9chec devenu incontestable. Pas question bien entendu de remettre en cause la politique \u00ab r\u00e9cessionniste \u00bb de \u00ab d\u00e9flation \u00bb salariale, n\u2019est-ce pas celle-l\u00e0 m\u00eame qui est cens\u00e9 \u00ab am\u00e9liorer la comp\u00e9titivit\u00e9 des entreprises ? Pas question non plus de remettre en cause les orientations mondialistes de l\u2019\u00e9conomie et les d\u00e9localisations, n\u2019est-ce pas celle-ci qui justifie pr\u00e9cis\u00e9ment le \u00ab grand bond social en arri\u00e8re \u00bb au pr\u00e9texte de \u00ab la comp\u00e9titivit\u00e9 n\u00e9cessaire dans la jungle du march\u00e9 mondial ? Pas question non plus d\u2019incriminer les Patrons et les entreprises dans le temps o\u00f9 leur fait des d\u00e9clarations d\u2019amour dithyrambiques. Quand on affirme qu\u2019elles sont les garantes de l\u2019activit\u00e9 \u00e9conomique et la cl\u00e9 des emplois futurs. Alors, vieille recette r\u00e9actionnaire, ce sont les victimes qui seront d\u00e9sign\u00e9es responsables. Ceux qui ne prennent aucunes part aux d\u00e9cisions mais les subissent. Non, pas m\u00eame les salari\u00e9s qui bien qu\u2019affaiblis par le contexte et t\u00e9tanis\u00e9s par la peur du ch\u00f4mage, poss\u00e8dent encore un emploi, mais leurs fr\u00e8res et s\u0153urs les plus vuln\u00e9rables car priv\u00e9s d\u2019emploi et de salaire, les exclus du \u00ab droits au travail \u00bb, les \u00ab assist\u00e9s \u00bb, en un mot \u00ab les ch\u00f4meurs \u00bb     Le proc\u00e9d\u00e9 est terrible, honteux. Ignominieusement insultant, profond\u00e9ment d\u00e9go\u00fbtant. Ouvriers, techniciens, cadres, agriculteurs, commer\u00e7ants, employ\u00e9s, salari\u00e9s, et ch\u00f4meurs bien entendu, vous tous, mes fr\u00e8res, mes camarades, qui aspiraient simplement \u00e0 gagner honn\u00eatement et d\u00e9cemment vos vies par le salaire de votre travail, souvenez-vous \u00e0 jamais de l\u2019innommable  m\u00e9pris pour le monde du travail, de ces gens qui se disent \u00ab sociaux-d\u00e9mocrates \u00bb ou plus fr\u00e9quemment de \u00ab Gauche \u00bb   Mercredi 3 septembre 2014.<\/p>\n","protected":false},"excerpt":{"rendered":"<p>TOUTES HONTES BUES Ceux d\u2019entre vous qui rendent r\u00e9guli\u00e8rement visite \u00e0 \u00ab la voie des sans voix \u00bb, le savent, [&hellip;]<\/p>\n","protected":false},"author":1,"featured_media":0,"comment_status":"open","ping_status":"open","sticky":false,"template":"","format":"standard","meta":{"sfsi_plus_gutenberg_text_before_share":"","sfsi_plus_gutenberg_show_text_before_share":"","sfsi_plus_gutenberg_icon_type":"","sfsi_plus_gutenberg_icon_alignemt":"","sfsi_plus_gutenburg_max_per_row":"","site-sidebar-layout":"default","site-content-layout":"","ast-site-content-layout":"default","site-content-style":"default","site-sidebar-style":"default","ast-global-header-display":"","ast-banner-title-visibility":"","ast-main-header-display":"","ast-hfb-above-header-display":"","ast-hfb-below-header-display":"","ast-hfb-mobile-header-display":"","site-post-title":"","ast-breadcrumbs-content":"","ast-featured-img":"","footer-sml-layout":"","ast-disable-related-posts":"","theme-transparent-header-meta":"","adv-header-id-meta":"","stick-header-meta":"","header-above-stick-meta":"","header-main-stick-meta":"","header-below-stick-meta":"","astra-migrate-meta-layouts":"default","ast-page-background-enabled":"default","ast-page-background-meta":{"desktop":{"background-color":"var(--ast-global-color-4)","background-image":"","background-repeat":"repeat","background-position":"center center","background-size":"auto","background-attachment":"scroll","background-type":"","background-media":"","overlay-type":"","overlay-color":"","overlay-opacity":"","overlay-gradient":""},"tablet":{"background-color":"","background-image":"","background-repeat":"repeat","background-position":"center center","background-size":"auto","background-attachment":"scroll","background-type":"","background-media":"","overlay-type":"","overlay-color":"","overlay-opacity":"","overlay-gradient":""},"mobile":{"background-color":"","background-image":"","background-repeat":"repeat","background-position":"center center","background-size":"auto","background-attachment":"scroll","background-type":"","background-media":"","overlay-type":"","overlay-color":"","overlay-opacity":"","overlay-gradient":""}},"ast-content-background-meta":{"desktop":{"background-color":"var(--ast-global-color-5)","background-image":"","background-repeat":"repeat","background-position":"center center","background-size":"auto","background-attachment":"scroll","background-type":"","background-media":"","overlay-type":"","overlay-color":"","overlay-opacity":"","overlay-gradient":""},"tablet":{"background-color":"var(--ast-global-color-5)","background-image":"","background-repeat":"repeat","background-position":"center center","background-size":"auto","background-attachment":"scroll","background-type":"","background-media":"","overlay-type":"","overlay-color":"","overlay-opacity":"","overlay-gradient":""},"mobile":{"background-color":"var(--ast-global-color-5)","background-image":"","background-repeat":"repeat","background-position":"center center","background-size":"auto","background-attachment":"scroll","background-type":"","background-media":"","overlay-type":"","overlay-color":"","overlay-opacity":"","overlay-gradient":""}},"footnotes":""},"categories":[16],"tags":[],"class_list":["post-1231","post","type-post","status-publish","format-standard","hentry","category-archives-cms"],"_links":{"self":[{"href":"https:\/\/lavoiedessansvoix.fr\/lavoie\/wp-json\/wp\/v2\/posts\/1231","targetHints":{"allow":["GET"]}}],"collection":[{"href":"https:\/\/lavoiedessansvoix.fr\/lavoie\/wp-json\/wp\/v2\/posts"}],"about":[{"href":"https:\/\/lavoiedessansvoix.fr\/lavoie\/wp-json\/wp\/v2\/types\/post"}],"author":[{"embeddable":true,"href":"https:\/\/lavoiedessansvoix.fr\/lavoie\/wp-json\/wp\/v2\/users\/1"}],"replies":[{"embeddable":true,"href":"https:\/\/lavoiedessansvoix.fr\/lavoie\/wp-json\/wp\/v2\/comments?post=1231"}],"version-history":[{"count":0,"href":"https:\/\/lavoiedessansvoix.fr\/lavoie\/wp-json\/wp\/v2\/posts\/1231\/revisions"}],"wp:attachment":[{"href":"https:\/\/lavoiedessansvoix.fr\/lavoie\/wp-json\/wp\/v2\/media?parent=1231"}],"wp:term":[{"taxonomy":"category","embeddable":true,"href":"https:\/\/lavoiedessansvoix.fr\/lavoie\/wp-json\/wp\/v2\/categories?post=1231"},{"taxonomy":"post_tag","embeddable":true,"href":"https:\/\/lavoiedessansvoix.fr\/lavoie\/wp-json\/wp\/v2\/tags?post=1231"}],"curies":[{"name":"wp","href":"https:\/\/api.w.org\/{rel}","templated":true}]}}