{"id":1230,"date":"2014-09-03T16:53:00","date_gmt":"2014-09-03T14:53:00","guid":{"rendered":"https:\/\/lavoiedessansvoix.fr\/lavoie\/2014\/09\/03\/archive-une-balle-dans-le-pied\/"},"modified":"2014-09-03T16:53:00","modified_gmt":"2014-09-03T14:53:00","slug":"archive-une-balle-dans-le-pied","status":"publish","type":"post","link":"https:\/\/lavoiedessansvoix.fr\/lavoie\/2014\/09\/03\/archive-une-balle-dans-le-pied\/","title":{"rendered":"UNE BALLE DANS LE PIED"},"content":{"rendered":"<p>UNE BALLE DANS LE PIED  Fran\u00e7ois Hollande, Pr\u00e9sident de la r\u00e9publique, a d\u00e9cid\u00e9 aujourd\u2019hui que la France n\u2019honorerait pas la livraison des navires \u00ab mistral \u00bb \u00e0 la Russie.  Voil\u00e0 un pr\u00e9sident qui fait de la sant\u00e9 des entreprises la v\u00e9ritable priorit\u00e9 de son quinquennat, qui part en guerre contre les salari\u00e9s au nom de la n\u00e9cessaire comp\u00e9titivit\u00e9 des entreprises fran\u00e7aises. La comp\u00e9titivit\u00e9, \u00e0 quoi donc que c\u2019est cens\u00e9 servir ? A gagner des parts de march\u00e9 dans le commerce mondial !  Alors, voil\u00e0 le m\u00eame pr\u00e9sident qui en d\u00e9non\u00e7ant les engagements commerciaux de la France ruine sa cr\u00e9dibilit\u00e9 et d\u00e9shonore sa parole dans le traitement des grands march\u00e9s internationaux. Certes Obama se r\u00e9jouit, les march\u00e9s que perdra la France les USA les r\u00e9cup\u00e9reront. Quant aux buts politiques ou militaires \u00e0 atteindre, croyez-vous qu\u2019ils le seront. Cela changera-t-il la moindre chose \u00e0 la politique de Vladimir Poutine ? Pas le moins du monde. Et cela changera-t-il quelque chose de vraiment substantiel dans les rapports de force militaire ? Pas d\u2019avantage.  Non, la d\u00e9cision de Hollande, une idiotie, juste une balle que la France se tire elle-m\u00eame dans le pied.  Mercredi 3 septembre 2014. 22 heures 45.<\/p>\n","protected":false},"excerpt":{"rendered":"<p>UNE BALLE DANS LE PIED Fran\u00e7ois Hollande, Pr\u00e9sident de la r\u00e9publique, a d\u00e9cid\u00e9 aujourd\u2019hui que la France n\u2019honorerait pas la [&hellip;]<\/p>\n","protected":false},"author":1,"featured_media":0,"comment_status":"open","ping_status":"open","sticky":false,"template":"","format":"standard","meta":{"sfsi_plus_gutenberg_text_before_share":"","sfsi_plus_gutenberg_show_text_before_share":"","sfsi_plus_gutenberg_icon_type":"","sfsi_plus_gutenberg_icon_alignemt":"","sfsi_plus_gutenburg_max_per_row":"","site-sidebar-layout":"default","site-content-layout":"","ast-site-content-layout":"default","site-content-style":"default","site-sidebar-style":"default","ast-global-header-display":"","ast-banner-title-visibility":"","ast-main-header-display":"","ast-hfb-above-header-display":"","ast-hfb-below-header-display":"","ast-hfb-mobile-header-display":"","site-post-title":"","ast-breadcrumbs-content":"","ast-featured-img":"","footer-sml-layout":"","ast-disable-related-posts":"","theme-transparent-header-meta":"","adv-header-id-meta":"","stick-header-meta":"","header-above-stick-meta":"","header-main-stick-meta":"","header-below-stick-meta":"","astra-migrate-meta-layouts":"default","ast-page-background-enabled":"default","ast-page-background-meta":{"desktop":{"background-color":"var(--ast-global-color-4)","background-image":"","background-repeat":"repeat","background-position":"center center","background-size":"auto","background-attachment":"scroll","background-type":"","background-media":"","overlay-type":"","overlay-color":"","overlay-opacity":"","overlay-gradient":""},"tablet":{"background-color":"","background-image":"","background-repeat":"repeat","background-position":"center center","background-size":"auto","background-attachment":"scroll","background-type":"","background-media":"","overlay-type":"","overlay-color":"","overlay-opacity":"","overlay-gradient":""},"mobile":{"background-color":"","background-image":"","background-repeat":"repeat","background-position":"center center","background-size":"auto","background-attachment":"scroll","background-type":"","background-media":"","overlay-type":"","overlay-color":"","overlay-opacity":"","overlay-gradient":""}},"ast-content-background-meta":{"desktop":{"background-color":"var(--ast-global-color-5)","background-image":"","background-repeat":"repeat","background-position":"center center","background-size":"auto","background-attachment":"scroll","background-type":"","background-media":"","overlay-type":"","overlay-color":"","overlay-opacity":"","overlay-gradient":""},"tablet":{"background-color":"var(--ast-global-color-5)","background-image":"","background-repeat":"repeat","background-position":"center center","background-size":"auto","background-attachment":"scroll","background-type":"","background-media":"","overlay-type":"","overlay-color":"","overlay-opacity":"","overlay-gradient":""},"mobile":{"background-color":"var(--ast-global-color-5)","background-image":"","background-repeat":"repeat","background-position":"center center","background-size":"auto","background-attachment":"scroll","background-type":"","background-media":"","overlay-type":"","overlay-color":"","overlay-opacity":"","overlay-gradient":""}},"footnotes":""},"categories":[16],"tags":[],"class_list":["post-1230","post","type-post","status-publish","format-standard","hentry","category-archives-cms"],"_links":{"self":[{"href":"https:\/\/lavoiedessansvoix.fr\/lavoie\/wp-json\/wp\/v2\/posts\/1230","targetHints":{"allow":["GET"]}}],"collection":[{"href":"https:\/\/lavoiedessansvoix.fr\/lavoie\/wp-json\/wp\/v2\/posts"}],"about":[{"href":"https:\/\/lavoiedessansvoix.fr\/lavoie\/wp-json\/wp\/v2\/types\/post"}],"author":[{"embeddable":true,"href":"https:\/\/lavoiedessansvoix.fr\/lavoie\/wp-json\/wp\/v2\/users\/1"}],"replies":[{"embeddable":true,"href":"https:\/\/lavoiedessansvoix.fr\/lavoie\/wp-json\/wp\/v2\/comments?post=1230"}],"version-history":[{"count":0,"href":"https:\/\/lavoiedessansvoix.fr\/lavoie\/wp-json\/wp\/v2\/posts\/1230\/revisions"}],"wp:attachment":[{"href":"https:\/\/lavoiedessansvoix.fr\/lavoie\/wp-json\/wp\/v2\/media?parent=1230"}],"wp:term":[{"taxonomy":"category","embeddable":true,"href":"https:\/\/lavoiedessansvoix.fr\/lavoie\/wp-json\/wp\/v2\/categories?post=1230"},{"taxonomy":"post_tag","embeddable":true,"href":"https:\/\/lavoiedessansvoix.fr\/lavoie\/wp-json\/wp\/v2\/tags?post=1230"}],"curies":[{"name":"wp","href":"https:\/\/api.w.org\/{rel}","templated":true}]}}