{"id":1229,"date":"2014-09-04T16:41:00","date_gmt":"2014-09-04T14:41:00","guid":{"rendered":"https:\/\/lavoiedessansvoix.fr\/lavoie\/2014\/09\/04\/archive-le-larbin-pathetique\/"},"modified":"2014-09-04T16:41:00","modified_gmt":"2014-09-04T14:41:00","slug":"archive-le-larbin-pathetique","status":"publish","type":"post","link":"https:\/\/lavoiedessansvoix.fr\/lavoie\/2014\/09\/04\/archive-le-larbin-pathetique\/","title":{"rendered":"LE LARBIN PATH\u00c9TIQUE"},"content":{"rendered":"<p>LE LARBIN PATH\u00c9TIQUE  Il y a dans la litt\u00e9rature (Sganarelle, Ruy Blas) comme dans la r\u00e9alit\u00e9 des valets malins. Mais il y en a d\u2019autres qui allient l\u2019idiotie \u00e0 la servilit\u00e9. C\u2019est dans cette deuxi\u00e8me cat\u00e9gorie que se place le premier valet de pied qui cire les pompes d\u2019Obama.  Nous avons eu l\u2019occasion, il y a quelques jours seulement, d\u2019ouvrir nos colonnes, ou de faire \u00e9cho, aux propos de plusieurs figures de la droite fran\u00e7aise qui s\u2019indignaient du cours \u00ab suiviste \u00bb de la politique internationale de notre pays sous la direction de Fran\u00e7ois Hollande. Nous avons approuv\u00e9s leurs propos en ce qu\u2019ils revendiquaient un cours plus ind\u00e9pendant \u00ab plus gaullien \u00bb de la diplomatie fran\u00e7aise. Nous les avons rectifi\u00e9s en ce qu\u2019ils dataient \u00ab malicieusement \u00bb l\u2019av\u00e8nement de ce cours de l\u2019\u00e9lection pr\u00e9sidentielle de 2012, alors qu\u2019il date en v\u00e9rit\u00e9 de celle de 2007 et de \u00ab l\u2019hommage \u00bb consentie par Sarkozy au vassal am\u00e9ricain. Nous les avons gentiment \u00e9peronn\u00e9 en leur rappelant, qu\u2019alors aux affaires, \u00e0 divers postes de responsabilit\u00e9s, aux affaires \u00e9trang\u00e8res m\u00eame pour certains, ils n\u2019avaient rien trouv\u00e9 \u00e0 redire et avaient aval\u00e9es les plus monstrueuses couleuvres. Mais nous avons dit surtout notre accord avec leurs propos du moment et le souci que nous partageons de voir la France revenir \u00e0 une diplomatie ind\u00e9pendante. Alors, nous nous interrogeons, que doivent penser et dire ces hommes \u00e0 l\u2019heure actuelle quand ils voient le Pr\u00e9sident de la r\u00e9publique, qui loin de prendre en compte toutes ces r\u00e9serves et mises en gardes venues des horizons politique les plus divers, fait un pas suppl\u00e9mentaire dans la n\u00e9gation de la France, obtemp\u00e8re aux injonctions d\u2019un chef d\u2019Etat \u00e9tranger au d\u00e9triment de ses propres int\u00e9r\u00eats, fait de la France l\u2019essuie-pieds de Barak Obama et de son chef de l\u2019Etat le larbin de l\u2019Empereur du monde.  La servilit\u00e9 de Fran\u00e7ois Hollande \u00e0 l\u2019\u00e9gard des USA est si grande qu\u2019il parait y perdre ses facult\u00e9s intellectuelles et toute vision de la France.  Nous \u00e9tions \u00e0 la veille d\u2019un possible effondrement de l\u2019arm\u00e9e ukrainienne face aux insurg\u00e9s du Donbass, sans l\u2019ombre d\u2019une quelconque intervention russe, sinon dans la rh\u00e9torique occidentale, et c\u2019est le moment que \u00ab le d\u00e9ficient intellectuel \u00bb choisit pour annoncer la suspension de la livraison du premier navire \u00ab Mistral \u00bb \u00e0 la Russie. Or, comme pr\u00e9cis\u00e9ment la Russie n\u2019est pas en v\u00e9rit\u00e9, militairement engag\u00e9 dans ce conflit ukraino-ukrainien, il va de soi que sanction ou pas, \u00ab Mistral \u00bb ou pas, cela ne changerait rien au sort des armes sur le terrain.   Et comme de bien entendu, \u00e7a y est, c\u2019est fait. Les deux ou trois derniers jours qui ont pr\u00e9c\u00e9d\u00e9s l\u2019\u00e9v\u00e8nement nos t\u00e9l\u00e9visions, l\u2019aubaine de la rentr\u00e9e scolaire aidant, ne dirent pas un mot de la situation en Ukraine. Mensonge par omission. Quand l\u2019actualit\u00e9 les embarrasse ils n\u2019en disent rien. \u00c7a n\u2019a jamais emp\u00eacher l\u2019Histoire d\u2019avancer. Et aujourd\u2019hui la v\u00e9rit\u00e9 incontournable \u00e9clate enfin. Alors que le sommet de l\u2019OTAN se r\u00e9unit en Ecosse avec la participation de Piotr Porochenko, le Pr\u00e9sident ukrainien, celui-ci annonce l\u2019imminence d\u2019un accord de cessez-le-feu entre le pouvoir de Kiev et les rebelles du Donbass. Or, c\u2019est David Pujadas lui-m\u00eame qui a d\u00e9cid\u00e9 de nous livrer les cl\u00e9s de cette \u00e9volution. Si le Pr\u00e9sident ukrainien, disait-il ce soir au journal de 20 heures de France 2, d\u00e9sire \u00e0 pr\u00e9sent un cessez le feu, c\u2019est que l\u2019Ukraine a perdu la guerre. Et images a l\u2019appui de dizaines de chars mis hors d\u2019usage, c\u2019est un effondrement une v\u00e9ritable d\u00e9bandade \u00bb. Nous l\u2019avions annonc\u00e9 (\u00ab D\u00e9lirium tremens \u00bb 30 ao\u00fbt 2014) La situation militaire sur le terrain rebat les cartes. Le pouvoir de Kiev tient \u00e0 un cheveu. Il ne peut plus se pr\u00eater \u00e0 des rodomontades, c\u2019est sa survit qui est en jeu, il devra d\u00e8s-lors en passer par les fourches caudines de la r\u00e9bellion militairement victorieuse.  24 heures avant que la r\u00e9bellion du Donbass n\u2019est achev\u00e9e de mettre la p\u00e2t\u00e9e \u00e0 l\u2019arm\u00e9e ukrainienne, Fran\u00e7ois Hollande suspendait la livraison du premier \u00ab Mistral \u00bb \u00e0 la Russie. Un coup pour rien. Une balle dans le pied pour la gloriole. La d\u00e9cision politique la plus absurde que n\u2019ait jamais prise jusque-l\u00e0 un pr\u00e9sident de la 5\u00e8me R\u00e9publique.    Jeudi 4 septembre 2014.  D\u00e9lirium tremens (extrait)  \u00ab La v\u00e9rit\u00e9 est plus prosa\u00efque. Depuis quelques jours, \u00e0 la date symbole d\u2019ind\u00e9pendance de l\u2019Ukraine, les insurg\u00e9s du Donbass ont lanc\u00e9 \u00e0 leur tour une contre-offensive qui c\u2019est d\u00e9j\u00e0 sold\u00e9e par quelques succ\u00e8s pour les insurg\u00e9s et autant de revers pour l\u2019arm\u00e9e \u00ab officielle \u00bb. Mais le pire pour cette derni\u00e8re, et le r\u00e9gime de Kiev, est peut-\u00eatre \u00e0 venir. En v\u00e9rit\u00e9 les seules troupes vraiment fid\u00e8les qui veulent se battre sont celles form\u00e9es par les milices fascistes de \u00ab Praviy Sektor \u00bb et autres, et les troupes mercenaires. L\u2019arm\u00e9e Ukrainienne dans sa grande majorit\u00e9 ne veut pas se battre contre ses fr\u00e8res, ses compatriotes, fussent-ils \u00ab pro-russes \u00bb. Si la pression militaire des insurg\u00e9s se confirme, on pourrait assister bient\u00f4t au d\u00e9bandage total de l\u2019arm\u00e9e ukrainienne qui pr\u00e9cipiterait le r\u00e9gime de Kiev dans les abysses de l\u2019Histoire. C\u2019est ce que redoutent \u00e0 pr\u00e9sent les occidentaux. C\u2019est ce qui les rend f\u00e9briles, ils hallucinent, ils voient des colonnes de blind\u00e9s russes franchir la fronti\u00e8re avec l\u2019Ukraine comme dans leurs crises de d\u00e9lirium tremens les alcooliques graves voient des colonnes de gros cafards franchir les fronti\u00e8res de leur raison. \u00bb (Samedi 30 ao\u00fbt 2014.)<\/p>\n","protected":false},"excerpt":{"rendered":"<p>LE LARBIN PATH\u00c9TIQUE Il y a dans la litt\u00e9rature (Sganarelle, Ruy Blas) comme dans la r\u00e9alit\u00e9 des valets malins. Mais [&hellip;]<\/p>\n","protected":false},"author":1,"featured_media":0,"comment_status":"open","ping_status":"open","sticky":false,"template":"","format":"standard","meta":{"sfsi_plus_gutenberg_text_before_share":"","sfsi_plus_gutenberg_show_text_before_share":"","sfsi_plus_gutenberg_icon_type":"","sfsi_plus_gutenberg_icon_alignemt":"","sfsi_plus_gutenburg_max_per_row":"","site-sidebar-layout":"default","site-content-layout":"","ast-site-content-layout":"default","site-content-style":"default","site-sidebar-style":"default","ast-global-header-display":"","ast-banner-title-visibility":"","ast-main-header-display":"","ast-hfb-above-header-display":"","ast-hfb-below-header-display":"","ast-hfb-mobile-header-display":"","site-post-title":"","ast-breadcrumbs-content":"","ast-featured-img":"","footer-sml-layout":"","ast-disable-related-posts":"","theme-transparent-header-meta":"","adv-header-id-meta":"","stick-header-meta":"","header-above-stick-meta":"","header-main-stick-meta":"","header-below-stick-meta":"","astra-migrate-meta-layouts":"default","ast-page-background-enabled":"default","ast-page-background-meta":{"desktop":{"background-color":"var(--ast-global-color-4)","background-image":"","background-repeat":"repeat","background-position":"center center","background-size":"auto","background-attachment":"scroll","background-type":"","background-media":"","overlay-type":"","overlay-color":"","overlay-opacity":"","overlay-gradient":""},"tablet":{"background-color":"","background-image":"","background-repeat":"repeat","background-position":"center center","background-size":"auto","background-attachment":"scroll","background-type":"","background-media":"","overlay-type":"","overlay-color":"","overlay-opacity":"","overlay-gradient":""},"mobile":{"background-color":"","background-image":"","background-repeat":"repeat","background-position":"center center","background-size":"auto","background-attachment":"scroll","background-type":"","background-media":"","overlay-type":"","overlay-color":"","overlay-opacity":"","overlay-gradient":""}},"ast-content-background-meta":{"desktop":{"background-color":"var(--ast-global-color-5)","background-image":"","background-repeat":"repeat","background-position":"center center","background-size":"auto","background-attachment":"scroll","background-type":"","background-media":"","overlay-type":"","overlay-color":"","overlay-opacity":"","overlay-gradient":""},"tablet":{"background-color":"var(--ast-global-color-5)","background-image":"","background-repeat":"repeat","background-position":"center center","background-size":"auto","background-attachment":"scroll","background-type":"","background-media":"","overlay-type":"","overlay-color":"","overlay-opacity":"","overlay-gradient":""},"mobile":{"background-color":"var(--ast-global-color-5)","background-image":"","background-repeat":"repeat","background-position":"center center","background-size":"auto","background-attachment":"scroll","background-type":"","background-media":"","overlay-type":"","overlay-color":"","overlay-opacity":"","overlay-gradient":""}},"footnotes":""},"categories":[16],"tags":[],"class_list":["post-1229","post","type-post","status-publish","format-standard","hentry","category-archives-cms"],"_links":{"self":[{"href":"https:\/\/lavoiedessansvoix.fr\/lavoie\/wp-json\/wp\/v2\/posts\/1229","targetHints":{"allow":["GET"]}}],"collection":[{"href":"https:\/\/lavoiedessansvoix.fr\/lavoie\/wp-json\/wp\/v2\/posts"}],"about":[{"href":"https:\/\/lavoiedessansvoix.fr\/lavoie\/wp-json\/wp\/v2\/types\/post"}],"author":[{"embeddable":true,"href":"https:\/\/lavoiedessansvoix.fr\/lavoie\/wp-json\/wp\/v2\/users\/1"}],"replies":[{"embeddable":true,"href":"https:\/\/lavoiedessansvoix.fr\/lavoie\/wp-json\/wp\/v2\/comments?post=1229"}],"version-history":[{"count":0,"href":"https:\/\/lavoiedessansvoix.fr\/lavoie\/wp-json\/wp\/v2\/posts\/1229\/revisions"}],"wp:attachment":[{"href":"https:\/\/lavoiedessansvoix.fr\/lavoie\/wp-json\/wp\/v2\/media?parent=1229"}],"wp:term":[{"taxonomy":"category","embeddable":true,"href":"https:\/\/lavoiedessansvoix.fr\/lavoie\/wp-json\/wp\/v2\/categories?post=1229"},{"taxonomy":"post_tag","embeddable":true,"href":"https:\/\/lavoiedessansvoix.fr\/lavoie\/wp-json\/wp\/v2\/tags?post=1229"}],"curies":[{"name":"wp","href":"https:\/\/api.w.org\/{rel}","templated":true}]}}