{"id":1228,"date":"2014-09-12T03:54:00","date_gmt":"2014-09-12T01:54:00","guid":{"rendered":"https:\/\/lavoiedessansvoix.fr\/lavoie\/2014\/09\/12\/archive-obama-bandit-international\/"},"modified":"2014-09-12T03:54:00","modified_gmt":"2014-09-12T01:54:00","slug":"archive-obama-bandit-international","status":"publish","type":"post","link":"https:\/\/lavoiedessansvoix.fr\/lavoie\/2014\/09\/12\/archive-obama-bandit-international\/","title":{"rendered":"OBAMA, BANDIT INTERNATIONAL"},"content":{"rendered":"<p>OBAMA, BANDIT INTERNATIONAL   Alli\u00e9s du Qatar et le l\u2019Arabie Saoudite dans la guerre qu\u2019ils m\u00e8nent contre les r\u00e9gimes la\u00efques arabes et contre la R\u00e9publique Islamique chiite d\u2019Iran, les USA n\u2019ont pas rechign\u00e9, sous la banni\u00e8re du grand califat, \u00e0 enr\u00f4ler les mouvements islamistes sunnite radicaux. Les coupeurs de t\u00eates de l\u2019EI (en Irak et au levant) sont les m\u00eames qui s\u00e9vissent encore contre la Syrie Baasiste du pr\u00e9sident Bachar Al Assad. Ces fous ont r\u00e9cemment coup\u00e9es, crime de l\u00e8se-majest\u00e9, quelques t\u00eates de journalistes am\u00e9ricains ou Britanniques. Alors l\u2019Occident s\u2019offusque enfin et promet de les punir. La raison, sinon la logique, voudrait que \u00ab d\u00e9couvrant \u00bb le caract\u00e8re criminel de leur cr\u00e9ature, les occidentaux cessent de vouloir d\u00e9stabiliser le pouvoir syrien qui lui se bat depuis trois ans contre ces guerriers de la terreur. Ne conviendrait-il pas plut\u00f4t de soutenir celui-ci dans sa lutte contre les Frankenstein en djellaba. Or ce n\u2019est pas le chemin qu\u2019ils prennent.  Ils ont jou\u00e9 les apprentis sorciers et leur cr\u00e9ature leur \u00e9chappe ? Ils se proposent de l\u2019ex\u00e9cuter ? Soit ! Nous avons dit cela de longtemps, que les Islamistes radicaux alli\u00e9s de l\u2019Occident connaitraient \u00ab leur nuit des longs couteaux \u00bb, nous l\u2019avons m\u00eame r\u00e9p\u00e9t\u00e9 r\u00e9cemment : \u00ab Cet homme est dangereux \u00bb (9 ao\u00fbt 2014) \u00ab \u2026le triumvirat Occidental (USA, Royaume-Uni, France) a d\u00e9cid\u00e9, non pas en Syrie, mais bien avant, en Lybie d\u00e9j\u00e0, en parfaite collusion avec l\u2019Arabie Saoudite et le Qatar, d\u2019instrumentaliser les mouvements islamistes radicaux en les embrigadant dans une guerre qui n\u2019\u00e9tait pas la leur, au profit de la r\u00e9alisation des desseins imp\u00e9rialistes de l\u2019Am\u00e9rique, et avec l\u2019id\u00e9e qu\u2019ils ex\u00e9cuteraient cette arm\u00e9e de janissaires quand ils n\u2019auraient plus besoin d\u2019elle. \u00bb. Mais voil\u00e0 que de l\u2019action contre leur cr\u00e9ature folle ils entendent faire un pr\u00e9texte pour relancer la charge contre la Syrie de Bachar Al Assad, pourtant premi\u00e8re victime de leur monstrueuse machine \u00e0 tuer.  \u00ab Obama pr\u00eat \u00e0 frapper l&rsquo;Etat islamique en SyrieA la veille du 13e anniversaire des attentats du 11-septembre, le pr\u00e9sident am\u00e9ricain a promis de frapper l&rsquo;EI \u00ab\u00a0o\u00f9 qu&rsquo;il soit\u00a0\u00bb, gr\u00e2ce \u00e0 la puissance a\u00e9rienne des \u00c9tats-Unis mais aussi en renfor\u00e7ant le soutien aux forces irakiennes d&rsquo;une part et \u00e0 l&rsquo;opposition syrienne mod\u00e9r\u00e9e d&rsquo;autre part. \u00bb \u2018Le Figaro)  Analyse :  L\u2019\u00e9t\u00e9 2013, ils ont \u00e9t\u00e9 contraints de renoncer \u00e0 leurs desseins de frappes directes contre le r\u00e9gime, aux raisons mont\u00e9es de toutes pi\u00e8ces, de pr\u00e9tendues attaques chimiques par les forces arm\u00e9es syriennes. La Russie en proposant la mise sous s\u00e9questre international de l\u2019armement chimique syrien leur a \u00f4t\u00e9 ce pr\u00e9texte fallacieux. Interdits il y a un an d\u2019entrer par la porte, ils se proposent aujourd\u2019hui d\u2019entrer par la fen\u00eatre.  Bien entendu, ils misent pour se justifier sur l\u2019horreur internationale provoqu\u00e9 par les coupeurs de t\u00eates. La Russie et la Chine voudront-elles s\u2019opposer \u00e0 l\u2019intrusion occidentale dans l\u2019espace a\u00e9riens syrien ? J\u2019entends d\u00e9j\u00e0 leurs cris d\u2019orfraie. Ils hurleront alors \u00e0 l\u2019horreur et \u00e0 l\u2019amoralisme de la position russo-chinoise. Ils n\u2019h\u00e9siteront pas \u00e0 pr\u00e9tendre, eux, les g\u00e9niteurs du monstre que la Russie et la Chine se font ainsi complices des coupeurs de t\u00eates.  Mais l\u2019amoralisme est bien, et d\u00e9finitivement de leur c\u00f4t\u00e9.   En 2001, Al Qa\u00efda dit-on, et son chef Ben-Laden, font tomber les tours jumelles du World-Trade-center de New-York. C\u2019est le pr\u00e9texte que prend Georges W Bush pour d\u00e9clencher, sous l\u2019\u00e9tendard de la lutte contre le terrorisme, la guerre des civilisations nord\/sud. Paradoxalement, l\u2019un de ses premiers objectifs sera l\u2019Irak la\u00efque Baasiste de Saddam Hussein. Quel lien entre Ben Laden et Saddam Hussein ? Aucun ! Ben-Laden \u00e9tait un ap\u00f4tre de l\u2019Islam radical, de la guerre sainte et de la charia. Saddam Hussein \u00e9tait un dirigeant la\u00efc qui avait lutt\u00e9 toute sa vie contre l\u2019Islam radical. C\u2019est m\u00eame par crainte des d\u00e9bordements en terre arabe de la \u00ab R\u00e9volution Iranienne \u00bb que les puissances occidentales alli\u00e9s des monarchies arabes, avaient confi\u00e9 quelques ann\u00e9es plus t\u00f4t \u00e0 l\u2019Irak de Saddam Hussein la lourde t\u00e2che d\u2019endiguer par la guerre la pouss\u00e9e r\u00e9volutionnaire de l\u2019islamisme radical chiite. Insigne service rendu \u00e0 l\u2019imp\u00e9rialisme et aux p\u00e9tromonarchies. Qu\u2019\u00e0 cela ne tienne. On ne va pas tout de m\u00eame quand on est le pr\u00e9sident des USA, s\u2019embarrasser de pareils d\u00e9tails. Ben-Laden \u00e9tait une cr\u00e9ature diabolique des USA qui servit dans la lutte contre la pr\u00e9sence russe en Afghanistan. L\u2019ex\u00e9cution de leur cr\u00e9ature diabolique leur servit de pr\u00e9texte grossier \u00e0 l\u2019ex\u00e9cution dans la foul\u00e9e du r\u00e9gime de Saddam Hussein et \u00e0 l\u2019abaissement de l\u2019Irak en v\u00e9rit\u00e9 programm\u00e9e dix ans en avance.   Dans la guerre qu\u2019ils m\u00e8nent contre les r\u00e9gimes la\u00efques arabes et la R\u00e9publique Islamiste chiite d\u2019Iran, cyniquement baptis\u00e9s \u00ab printemps arabes \u00bb pour en dissimuler les buts v\u00e9ritables, ils ont enr\u00f4l\u00e9 au service de leurs desseins criminels, par l\u2019entremise, bien s\u00fbr, du Qatar et des Al Saoud \u00ab gardiens des lieux saints de l\u2019Islam \u00bb, les mouvements islamistes les plus radicaux. Durant trois longues ann\u00e9es de cauchemar ceux-ci ont \u00e9t\u00e9 le fer de lance de la lutte pr\u00e9tendument d\u00e9mocratique contre Bachar Al Assad et la Syrie baasiste. Cette arm\u00e9e des sicaires \u00ab de Dieu \u00bb, r\u00e9tribu\u00e9e par les puissances temporelles du \u00ab grand Satan \u00bb a pris le contr\u00f4le de portions de territoires \u00e0 l\u2019Est de la Syrie et au nord de l\u2019Irak jouxtant la fronti\u00e8re Syrienne. C\u2019est-\u00e0-dire qu\u2019elle a cr\u00e9\u00e9 cette fameuse zone tampon que les occidentaux et leurs alli\u00e9s r\u00e9gionaux projetaient depuis deux ans, tant\u00f4t \u00e0 la fronti\u00e8re Turque, tant\u00f4t au nord du Liban, quand ils durent se r\u00e9soudre \u00e0 l\u2019id\u00e9e que la guerre contre le r\u00e9gime syrien s\u2019installait dans la longueur ?  Les Islamistes de l\u2019EI, sont les cr\u00e9atures et les alli\u00e9s des puissances occidentales. La t\u00e2che qu\u2019ils ont accomplie en cr\u00e9ant \u00ab l\u2019\u00c9tat Islamiste \u00bb, n\u2019est rien moins que celle qui correspond aux dol\u00e9ances des occidentaux. Ils ont fait le boulot, la zone tampon existe, et c\u2019est leur fait. A pr\u00e9sent les USA veulent les remercier \u00e0 leur mani\u00e8re et prendre eux-m\u00eames, avec des alli\u00e9s \u00ab relook\u00e9s \u00bb, plus pr\u00e9sentables, le plein contr\u00f4le de cette zone, afin de relancer l\u2019offensive contre la Syrie de Bachar Al Assad.  Par qui qu\u2019elles aient \u00e9t\u00e9 commises, (Anglais convertis \u00e0 l\u2019Islam ou provocateurs des services secrets, ne faut-il pas y songer ?) les d\u00e9capitations en \u00ab mondiovision \u00bb ne sont \u00e0 cet \u00e9gard que des provocations cens\u00e9s justifier le d\u00e9clenchement de cette nouvelle offensive.  Et, comme au d\u00e9but des ann\u00e9es 2000, l\u2019ex\u00e9cution des Talibans, d\u2019Al Qa\u00efda et de Ben Laden, la guerre contre \u00ab le terrorisme \u00bb des fous de Dieu en peu de mots, avait servi \u00e0 justifier l\u2019attaque contre le r\u00e9gime la\u00efc de Saddam Hussein, \u00e0 pr\u00e9sent l\u2019ex\u00e9cution de l\u2019EI, le nouveau monstre des fous d\u2019Allah qu\u2019ils ont engendr\u00e9, les USA veulent s\u2019en servir de pr\u00e9texte pour ex\u00e9cuter le r\u00e9gime la\u00efc de Bachar Al Assad.   C\u2019est ainsi d\u2019ailleurs que la diplomatie russe a interpr\u00e9t\u00e9e la d\u00e9claration solennelle hier de Barak Obama.  Alexandre Loukachevitch, porte-parole du minist\u00e8re russe des affaires \u00e9trang\u00e8res,  a d\u00e9clar\u00e9 en effet : \u00ab\u00a0Le pr\u00e9sident am\u00e9ricain a annonc\u00e9 la possibilit\u00e9 de frappes sur les positions de l\u2019\u00c9tat islamique en Syrie sans l\u2019accord du gouvernement l\u00e9gal (le r\u00e9gime de Bachar al-Assad)\u00a0\u00bb.  \u00ab\u00a0Une telle initiative en absence de r\u00e9solution du Conseil de s\u00e9curit\u00e9 de l\u2019ONU constituerait un acte d\u2019agression, une violation grossi\u00e8re du droit international\u00a0\u00bb.  Il a enti\u00e8rement raison Voil\u00e0 qui nous rassure un peu. Nous ne pouvons que souhaiter en effet que les vrais amis de la Syrie, qui ont \u00e9t\u00e9 fermes jusque-l\u00e0 contre les men\u00e9es et provocations occidentales, le resterons tout autant dans cette affaire. Qu\u2019ils ne se laisseront pas polluer, duper ou impressionner par la question des coupeurs de t\u00eates. Amis syriens, amis Iraniens, amis russes et chinois, nous nous en prions, ne pr\u00eatez pas la moindre bonne intention \u00e0 ces gens. Ne leur ouvraient pas la moindre parcelle de l\u2019espace a\u00e9rien de la Syrie. Souvenez-vous de la r\u00e9solution 1973 du Conseil de S\u00e9curit\u00e9 de l\u2019ONU. Si vous leur pr\u00eatez un doigt ils vous arracheront le bras ou pire peut-\u00eatre.  Ils n\u2019ont ni limites ni honneur, ce sont de vulgaires bandits internationaux qu\u2019il convient de neutraliser au plus vite.  Vendredi 12 septembre 2014.<\/p>\n","protected":false},"excerpt":{"rendered":"<p>OBAMA, BANDIT INTERNATIONAL Alli\u00e9s du Qatar et le l\u2019Arabie Saoudite dans la guerre qu\u2019ils m\u00e8nent contre les r\u00e9gimes la\u00efques arabes [&hellip;]<\/p>\n","protected":false},"author":1,"featured_media":0,"comment_status":"open","ping_status":"open","sticky":false,"template":"","format":"standard","meta":{"sfsi_plus_gutenberg_text_before_share":"","sfsi_plus_gutenberg_show_text_before_share":"","sfsi_plus_gutenberg_icon_type":"","sfsi_plus_gutenberg_icon_alignemt":"","sfsi_plus_gutenburg_max_per_row":"","site-sidebar-layout":"default","site-content-layout":"","ast-site-content-layout":"default","site-content-style":"default","site-sidebar-style":"default","ast-global-header-display":"","ast-banner-title-visibility":"","ast-main-header-display":"","ast-hfb-above-header-display":"","ast-hfb-below-header-display":"","ast-hfb-mobile-header-display":"","site-post-title":"","ast-breadcrumbs-content":"","ast-featured-img":"","footer-sml-layout":"","ast-disable-related-posts":"","theme-transparent-header-meta":"","adv-header-id-meta":"","stick-header-meta":"","header-above-stick-meta":"","header-main-stick-meta":"","header-below-stick-meta":"","astra-migrate-meta-layouts":"default","ast-page-background-enabled":"default","ast-page-background-meta":{"desktop":{"background-color":"var(--ast-global-color-4)","background-image":"","background-repeat":"repeat","background-position":"center center","background-size":"auto","background-attachment":"scroll","background-type":"","background-media":"","overlay-type":"","overlay-color":"","overlay-opacity":"","overlay-gradient":""},"tablet":{"background-color":"","background-image":"","background-repeat":"repeat","background-position":"center center","background-size":"auto","background-attachment":"scroll","background-type":"","background-media":"","overlay-type":"","overlay-color":"","overlay-opacity":"","overlay-gradient":""},"mobile":{"background-color":"","background-image":"","background-repeat":"repeat","background-position":"center center","background-size":"auto","background-attachment":"scroll","background-type":"","background-media":"","overlay-type":"","overlay-color":"","overlay-opacity":"","overlay-gradient":""}},"ast-content-background-meta":{"desktop":{"background-color":"var(--ast-global-color-5)","background-image":"","background-repeat":"repeat","background-position":"center center","background-size":"auto","background-attachment":"scroll","background-type":"","background-media":"","overlay-type":"","overlay-color":"","overlay-opacity":"","overlay-gradient":""},"tablet":{"background-color":"var(--ast-global-color-5)","background-image":"","background-repeat":"repeat","background-position":"center center","background-size":"auto","background-attachment":"scroll","background-type":"","background-media":"","overlay-type":"","overlay-color":"","overlay-opacity":"","overlay-gradient":""},"mobile":{"background-color":"var(--ast-global-color-5)","background-image":"","background-repeat":"repeat","background-position":"center center","background-size":"auto","background-attachment":"scroll","background-type":"","background-media":"","overlay-type":"","overlay-color":"","overlay-opacity":"","overlay-gradient":""}},"footnotes":""},"categories":[16],"tags":[],"class_list":["post-1228","post","type-post","status-publish","format-standard","hentry","category-archives-cms"],"_links":{"self":[{"href":"https:\/\/lavoiedessansvoix.fr\/lavoie\/wp-json\/wp\/v2\/posts\/1228","targetHints":{"allow":["GET"]}}],"collection":[{"href":"https:\/\/lavoiedessansvoix.fr\/lavoie\/wp-json\/wp\/v2\/posts"}],"about":[{"href":"https:\/\/lavoiedessansvoix.fr\/lavoie\/wp-json\/wp\/v2\/types\/post"}],"author":[{"embeddable":true,"href":"https:\/\/lavoiedessansvoix.fr\/lavoie\/wp-json\/wp\/v2\/users\/1"}],"replies":[{"embeddable":true,"href":"https:\/\/lavoiedessansvoix.fr\/lavoie\/wp-json\/wp\/v2\/comments?post=1228"}],"version-history":[{"count":0,"href":"https:\/\/lavoiedessansvoix.fr\/lavoie\/wp-json\/wp\/v2\/posts\/1228\/revisions"}],"wp:attachment":[{"href":"https:\/\/lavoiedessansvoix.fr\/lavoie\/wp-json\/wp\/v2\/media?parent=1228"}],"wp:term":[{"taxonomy":"category","embeddable":true,"href":"https:\/\/lavoiedessansvoix.fr\/lavoie\/wp-json\/wp\/v2\/categories?post=1228"},{"taxonomy":"post_tag","embeddable":true,"href":"https:\/\/lavoiedessansvoix.fr\/lavoie\/wp-json\/wp\/v2\/tags?post=1228"}],"curies":[{"name":"wp","href":"https:\/\/api.w.org\/{rel}","templated":true}]}}