{"id":1227,"date":"2014-09-14T04:19:00","date_gmt":"2014-09-14T02:19:00","guid":{"rendered":"https:\/\/lavoiedessansvoix.fr\/lavoie\/2014\/09\/14\/archive-la-strategie-du-laisse-faire-ou-mais-veulent-vraiment-les-frondeurs-du-ps\/"},"modified":"2014-09-14T04:19:00","modified_gmt":"2014-09-14T02:19:00","slug":"archive-la-strategie-du-laisse-faire-ou-mais-veulent-vraiment-les-frondeurs-du-ps","status":"publish","type":"post","link":"https:\/\/lavoiedessansvoix.fr\/lavoie\/2014\/09\/14\/archive-la-strategie-du-laisse-faire-ou-mais-veulent-vraiment-les-frondeurs-du-ps\/","title":{"rendered":"LA STRAT\u00c9GIE DU LAISSE FAIRE  ou  MAIS VEULENT VRAIMENT LES FRONDEURS DU PS ?"},"content":{"rendered":"<p>LA STRAT\u00c9GIE DU \u00ab\u00a0LAISSE FAIRE\u00a0\u00bbouQUE VEULENT VRAIMENT  LES FRONDEURS DU PS ?  La f\u00eate de l\u2019Humanit\u00e9 \u00bb pourra s\u2019enorgueillir  cette ann\u00e9e d\u2019avoir \u00e9t\u00e9 le lieu de rencontre de toute \u00ab la vraie gauche \u00bb. G\u00e9rard Lavilliers s\u2019y produisait pour la huiti\u00e8me fois, mais il y avait aussi Jean-Luc M\u00e9lenchon revenu semble-t-il de ses \u00e9tats d\u2019\u00e2mes de l\u2019\u00e9t\u00e9, J\u00e9r\u00f4me Kerviel avec son bracelet \u00e9lectronique juste n\u00e9cessaire \u00e0 l\u2019humilier puisque par les temps qui courent ils peuvent tout aussi bien le suivre \u00e0 la trace \u00e0 l\u2019aide de son t\u00e9l\u00e9phone mobile. On y vit aussi tout le \u00ab staff des frondeurs du PS \u00bb cela donnait au rendez-vous annuel du journal du PCF des parfums de nostalgie, \u00ab\u00a0d\u2019Union de la Gauche refond\u00e9e\u00a0\u00bb  pour les moins hardis, d\u2019\u00e9v\u00e8nement fondateur d\u2019un \u00ab Nouveau Parti Anticapitaliste \u00bb pour les plus imaginatifs.   Nous en sommes loin en v\u00e9rit\u00e9\u00a8  Pierre Laurent a affirm\u00e9 que \u00ab\u00a0cette union en marche il ne voulait pas la compromettre en posant des ultimatums\u00a0\u00bb. Il voulait dire par l\u00e0 qu\u2019il respectait le choix des \u00ab frondeurs du PS \u00bb qui  veulent seulement s\u2019abstenir lors du vote de confiance que Manuel Valls sollicitera pour son nouveau gouvernement le mardi 16 septembre. Encore en d\u00e9saccord avec M\u00e9lenchon, Pierre Laurent s\u2019accommode on le voit de la position pusillanime \u00ab des frondeurs \u00bb pour ne \u00ab pas compromettre \u00ab l\u2019Union \u00bb. L\u2019union ! Oui mais l\u2019union de qui, sur quoi, pourquoi ? En clair  le PCF comme \u00e0 son habitude veut l\u2019union pour l\u2019union m\u00eame si \u00e7a ne sert \u00e0 rien.   Jean-Luc M\u00e9lenchon lui haussait le ton \u00ab Assez de bavardages, si l\u2019on est contre la politique du gouvernement on doit voter contre ! \u00bb a-t-il dit \u00e0 peu pr\u00e8s. A quoi J\u00e9r\u00f4me Guedj r\u00e9pondait du tac au tac \u00ab assez de   tintamarre, nous nous abstiendrons pour dire qu\u2019une autre politique est possible, nous ne voulons pas faire tomber le gouvernement\u00bb (cit\u00e9s de m\u00e9moire)  Si on est contre on vote contre. C\u2019est une question d\u2019\u00e9thique et d\u2019honn\u00eatet\u00e9 intellectuelle. Encore une fois, c\u2019est Jean-Luc M\u00e9lenchon qui a raison, m\u00eame si \u00e7a blesse les susceptibilit\u00e9s. On vote contre, et si on ne le fait pas c\u2019est que l\u2019on est objectivement pour, malgr\u00e9 toutes ses protestations et ses cris d\u2019Orfraie. Car il est bien clair que l\u2019abstention d\u2019un certain nombre de d\u00e9put\u00e9s socialistes, ne fera pas changer le cap de la politique d\u00e9cid\u00e9e par Fran\u00e7ois Hollande. S\u2019abstenir, c\u2019est donc laisser faire. Peut-on laisser faire, est-ce bien moral de laisser faire une politique aussi n\u00e9faste pour la grande majorit\u00e9 des fran\u00e7ais  quand on a les moyens de s\u2019y opposer ? Quel jugement les fran\u00e7ais, victimes de cette politique brutale de r\u00e9gression sociale, porteront-ils un jour sur ceux qui pouvaient voter \u00ab NON \u00bb et qui ont vot\u00e9 \u00ab laiss\u00e9 faire \u00bb ?  D\u00e8s-lors la question se pose, que veulent vraiment \u00ab les frondeurs du PS \u00bb et quel sens faut-il donner \u00e0 leur parade dans les all\u00e9es et les forums de la f\u00eate de l\u2019Humanit\u00e9 \u00bb ?  La destruction du potentiel industriel se poursuit et s\u2019aggrave. \u00ab Le march\u00e9 \u00bb du  travail se d\u00e9t\u00e9riore : augmentation du ch\u00f4mage et explosion des emplois pr\u00e9caires, les salaires r\u00e9gressent, la pauvret\u00e9 s\u2019accroit. La pression fiscale devient douloureuse Et cela va s\u2019aggraver encore dans les trois ann\u00e9es qui viennent, au moins. Car telle est la perspective induite par le \u00ab pacte de responsabilit\u00e9 \u00bb voulu par Fran\u00e7ois hollande pour le plus grand profit du grand capital contre les salari\u00e9s et au-del\u00e0, tout le tissu macro-\u00e9conomique du pays. Alors le m\u00e9contentement social grandit. Un des moindres signes n\u2019en est pas l\u2019envol\u00e9e de Marine Le Pen dans les sondages d\u2019opinion. Les mat\u00e9riaux d\u2019un embrasement social sont accumul\u00e9s. Et malgr\u00e9 la grande servilit\u00e9 des partis de gauche et du mouvement syndical pi\u00e9g\u00e9e par la \u00ab logique de la gauche et du bipartisme \u00bb, l\u2019explosion peut d\u00e8s-lors se produire \u00e0 tout moment. Alors bien s\u00fbr, l\u2019id\u00e9e que se constitue une n\u00e9cessaire v\u00e9ritable opposition de gauche au gouvernement \u00ab Social-Lib\u00e9ral \u00bb, s\u2019empare d\u2019esprits et de cercles de plus en plus nombreux. Emp\u00eacher que ne se constitue une telle v\u00e9ritable opposition de gauche qui \u00e9chapperait au contr\u00f4le du PS et donc aux tenailles de \u00ab l\u2019alternance \u00bb, telle est la probl\u00e9matique \u00ab des frondeurs \u00bb : Constatant qu\u2019elle devient in\u00e9vitable, pi\u00e9ger la contestation qui monte dans une nouvelle mouture de la gauche rassembl\u00e9e, \u00ab Union de la gauche, \u00ab Gauche plurielle \u00bb, ou tout autre nom de bapt\u00eame. Prendre le parti de la canaliser dans le cadre constitutionnel du bipartisme et de l\u2019alternance.  Je pense m\u00eame que Hollande, peut-\u00eatre, secr\u00e8tement bien s\u00fbr, mais aussi toute l\u2019amicale des \u00e9narques du PS \u00bb de la \u00ab franc ma\u00e7onnerie \u00bb et du \u00ab Nouvel Observateur \u00bb, s\u2019ils ne la conseillent pas eux-m\u00eames,   se sentent pour le moins en phase avec l\u2019initiative des frondeurs. Fran\u00e7ois Hollande a entrepris une politique antisociale brutale. Il n\u2019en changera pas. C\u2019est celle pour laquelle l\u2019a mandat\u00e9e \u00ab le syst\u00e8me \u00bb. Il ira jusqu\u2019au bout et cela, chacun le sais d\u00e9j\u00e0, sera extr\u00eamement dommageable pour le PS qui subira aux termes venus une d\u00e9route \u00e9lectorale annonc\u00e9e. Alors, ne faut-il pas en effet pr\u00e9parer l\u2019\u00e0 venir ?  1)   Pour \u00e9viter qu\u2019elle n\u2019entrave la marche du gouvernement et n\u2019engendre une grave crise politique, canaliser la grogne interne au PS et \u00e0 la gauche dans l\u2019attitude mutilante du \u00ab laiss\u00e9 faire \u00bb  2)   Limiter les d\u00e9g\u00e2ts \u00e9lectoraux dans les prochains scrutins qui pourraient se pr\u00e9senter avant la pr\u00e9sidentielle de 2017, en redonnant des illusions \u00ab de gauche \u00bb \u00e0 la base \u00e9lectorale du Parti  3)   Pr\u00e9parer le r\u00e9armement de \u00ab la gauche d\u2019alternance \u00bb pour la reconqu\u00eate \u00e9lectorale du pouvoir en 2022 apr\u00e8s qu\u2019elle aura     \u00e9t\u00e9 s\u00e9v\u00e8rement d\u00e9faite par la droite en 2017.  Voil\u00e0 pourquoi \u00ab les frondeurs peuvent s\u2019abstenir \u00bb. Leur probl\u00e8me \u00e0 eux n\u2019est pas tellement la politique lib\u00e9rale du gouvernement et le mal-\u00eatre social dont elle est porteuse. Leur probl\u00e8me \u00e0 eux c\u2019est la d\u00e9fection \u00e9lectorale et le risque que cela fait courir aux institutions, au bipartisme et \u00e0 l\u2019alternance politique. Leur objectif .c\u2019est de pr\u00e9server les institutions et le bon fonctionnement de l\u2019alternance et du bipartisme.  Leur souci c\u2019est de canaliser le m\u00e9contentement dans le cadre institutionnel pour \u00e9viter qu\u2019il ne provoque une crise sans pr\u00e9c\u00e9dent de la cinqui\u00e8me r\u00e9publique.  Ce n\u2019est pas nous l\u2019avons dit maintes fois, d\u2019une nouvelle mouture de \u00ab l\u2019union de la gauche, quel que soit son nom de bapt\u00eame, dont on a besoin. Ce n\u2019est pas d\u2019une nouvelle machinerie politique a duper le populaire dont on a besoin. C\u2019est d\u2019une v\u00e9ritable opposition de gauche au gouvernement \u00ab socialiste \u2013 social-lib\u00e9ral \u00bb, c\u2019est-\u00e0-dire d\u2019une opposition qui vote Non quand elle pense Non, et ne redoute pas de faire tomber le gouvernement quand cela est n\u00e9cessaire.  Dimanche 14 septembre 2014.<\/p>\n","protected":false},"excerpt":{"rendered":"<p>LA STRAT\u00c9GIE DU \u00ab\u00a0LAISSE FAIRE\u00a0\u00bbouQUE VEULENT VRAIMENT LES FRONDEURS DU PS ? La f\u00eate de l\u2019Humanit\u00e9 \u00bb pourra s\u2019enorgueillir cette [&hellip;]<\/p>\n","protected":false},"author":1,"featured_media":0,"comment_status":"open","ping_status":"open","sticky":false,"template":"","format":"standard","meta":{"sfsi_plus_gutenberg_text_before_share":"","sfsi_plus_gutenberg_show_text_before_share":"","sfsi_plus_gutenberg_icon_type":"","sfsi_plus_gutenberg_icon_alignemt":"","sfsi_plus_gutenburg_max_per_row":"","site-sidebar-layout":"default","site-content-layout":"","ast-site-content-layout":"default","site-content-style":"default","site-sidebar-style":"default","ast-global-header-display":"","ast-banner-title-visibility":"","ast-main-header-display":"","ast-hfb-above-header-display":"","ast-hfb-below-header-display":"","ast-hfb-mobile-header-display":"","site-post-title":"","ast-breadcrumbs-content":"","ast-featured-img":"","footer-sml-layout":"","ast-disable-related-posts":"","theme-transparent-header-meta":"","adv-header-id-meta":"","stick-header-meta":"","header-above-stick-meta":"","header-main-stick-meta":"","header-below-stick-meta":"","astra-migrate-meta-layouts":"default","ast-page-background-enabled":"default","ast-page-background-meta":{"desktop":{"background-color":"var(--ast-global-color-4)","background-image":"","background-repeat":"repeat","background-position":"center center","background-size":"auto","background-attachment":"scroll","background-type":"","background-media":"","overlay-type":"","overlay-color":"","overlay-opacity":"","overlay-gradient":""},"tablet":{"background-color":"","background-image":"","background-repeat":"repeat","background-position":"center center","background-size":"auto","background-attachment":"scroll","background-type":"","background-media":"","overlay-type":"","overlay-color":"","overlay-opacity":"","overlay-gradient":""},"mobile":{"background-color":"","background-image":"","background-repeat":"repeat","background-position":"center center","background-size":"auto","background-attachment":"scroll","background-type":"","background-media":"","overlay-type":"","overlay-color":"","overlay-opacity":"","overlay-gradient":""}},"ast-content-background-meta":{"desktop":{"background-color":"var(--ast-global-color-5)","background-image":"","background-repeat":"repeat","background-position":"center center","background-size":"auto","background-attachment":"scroll","background-type":"","background-media":"","overlay-type":"","overlay-color":"","overlay-opacity":"","overlay-gradient":""},"tablet":{"background-color":"var(--ast-global-color-5)","background-image":"","background-repeat":"repeat","background-position":"center center","background-size":"auto","background-attachment":"scroll","background-type":"","background-media":"","overlay-type":"","overlay-color":"","overlay-opacity":"","overlay-gradient":""},"mobile":{"background-color":"var(--ast-global-color-5)","background-image":"","background-repeat":"repeat","background-position":"center center","background-size":"auto","background-attachment":"scroll","background-type":"","background-media":"","overlay-type":"","overlay-color":"","overlay-opacity":"","overlay-gradient":""}},"footnotes":""},"categories":[16],"tags":[],"class_list":["post-1227","post","type-post","status-publish","format-standard","hentry","category-archives-cms"],"_links":{"self":[{"href":"https:\/\/lavoiedessansvoix.fr\/lavoie\/wp-json\/wp\/v2\/posts\/1227","targetHints":{"allow":["GET"]}}],"collection":[{"href":"https:\/\/lavoiedessansvoix.fr\/lavoie\/wp-json\/wp\/v2\/posts"}],"about":[{"href":"https:\/\/lavoiedessansvoix.fr\/lavoie\/wp-json\/wp\/v2\/types\/post"}],"author":[{"embeddable":true,"href":"https:\/\/lavoiedessansvoix.fr\/lavoie\/wp-json\/wp\/v2\/users\/1"}],"replies":[{"embeddable":true,"href":"https:\/\/lavoiedessansvoix.fr\/lavoie\/wp-json\/wp\/v2\/comments?post=1227"}],"version-history":[{"count":0,"href":"https:\/\/lavoiedessansvoix.fr\/lavoie\/wp-json\/wp\/v2\/posts\/1227\/revisions"}],"wp:attachment":[{"href":"https:\/\/lavoiedessansvoix.fr\/lavoie\/wp-json\/wp\/v2\/media?parent=1227"}],"wp:term":[{"taxonomy":"category","embeddable":true,"href":"https:\/\/lavoiedessansvoix.fr\/lavoie\/wp-json\/wp\/v2\/categories?post=1227"},{"taxonomy":"post_tag","embeddable":true,"href":"https:\/\/lavoiedessansvoix.fr\/lavoie\/wp-json\/wp\/v2\/tags?post=1227"}],"curies":[{"name":"wp","href":"https:\/\/api.w.org\/{rel}","templated":true}]}}