{"id":1226,"date":"2014-09-17T09:13:00","date_gmt":"2014-09-17T07:13:00","guid":{"rendered":"https:\/\/lavoiedessansvoix.fr\/lavoie\/2014\/09\/17\/archive-difference-ou-collusion-la-preuve-et-son-contraire\/"},"modified":"2014-09-17T09:13:00","modified_gmt":"2014-09-17T07:13:00","slug":"archive-difference-ou-collusion-la-preuve-et-son-contraire","status":"publish","type":"post","link":"https:\/\/lavoiedessansvoix.fr\/lavoie\/2014\/09\/17\/archive-difference-ou-collusion-la-preuve-et-son-contraire\/","title":{"rendered":"DIFFERENCE OU COLLUSION ?  LA PREUVE ET SON CONTRAIRE"},"content":{"rendered":"<p>DIFF\u00c9RENCE OU COLLUSION ?  LA PREUVE ET SON CONTRAIRE  Le groupe des d\u00e9put\u00e9s du PS que la presse nome \u00ab les Frondeurs \u00bb voulait en s\u2019abstenant hier, lors du vote de \u00ab confiance au gouvernement Valls 2 \u00bb, marquer sa diff\u00e9rence, dire, ainsi qu\u2019ils l\u2019ont formul\u00e9 eux m\u00eame en toute clart\u00e9 \u00ab qu\u2019une autre politique de gauche \u00e9tait possible \u00bb.  Or, qu\u2019ont-ils prouv\u00e9, qu\u2019ont-ils dit en r\u00e9alit\u00e9 ?  Le vote, 259 voix pour, 244 contre et 32 abstentions. Si les 32 d\u00e9put\u00e9s PS et Verts qui se sont abstenus, parce qu\u2019ils \u00e9taient \u00ab contre \u00bb, avaient vot\u00e9 \u00ab contre \u00bb comme l\u2019exige un certain sens de l\u2019\u00e9thique et de l\u2019honn\u00eatet\u00e9 intellectuelle,  le r\u00e9sultat du vote eut \u00e9t\u00e9 : 259 pour et 276 contre.  Ah bon, le vote de confiance que le premier ministre sollicite \u00e0 l\u2019Assembl\u00e9e Nationale, n\u2019a qu\u2019une valeur indicative et ne l\u2019aurait oblig\u00e9 \u00e0 rien ? Dr\u00f4le de d\u00e9mocratie. Ne ressemble-t-elle pas \u00ab comme une s\u0153ur t\u00eate coup\u00e9e, t\u00eate coup\u00e9e, \u00e0 sa poup\u00e9e \u00e0 sa poup\u00e9e \u00bb : la dictature ?  Le vote de confiance est indicatif certes. \u00c7a c\u2019est la loi constitutionnelle, c\u2019est le principe. Mais il y a aussi la vie et la r\u00e9alit\u00e9 concr\u00e8te. Dans la vraie vie, Manuel Valls serait all\u00e9 se rhabiller quand m\u00eame, et Fran\u00e7ois hollande aurait-eu le choix, soit de nommer un autre premier ministre charg\u00e9 d\u2019une \u00ab feuille de route \u00bb diff\u00e9rente, soit de dissoudre l\u2019Assembl\u00e9e Nationale et de provoquer des \u00e9lections l\u00e9gislatives anticip\u00e9es.  Dans tous les cas la politique socialement et \u00e9conomiquement catastrophique pour la France et les Fran\u00e7ais (sauf quelques-uns il est vrai), intitul\u00e9e \u00ab pacte de responsabilit\u00e9 \u00bb, eut \u00e9t\u00e9 mise en \u00e9chec. En s\u2019abstenant les \u00ab gentils frondeurs \u00bb, ont donc en v\u00e9rit\u00e9 sauv\u00e9 cette politique qu\u2019ils jugent pourtant n\u00e9faste. Les Fran\u00e7ais vont donc la subir et souffrir encore d\u2019avantage. C\u2019est bien l\u00e0 semble-t-il le moindre de leur soucis.  Ne sont-ils pas quelque part pire que les autres ceux qui pr\u00e9tendent \u00eatre contre pour ne pas en assumer la responsabilit\u00e9 politique jusqu\u2019au bout, mais qui sont pour objectivement, puisqu\u2019ils refusent de faire ce qui est en leur pouvoir pour la stopper ?  \u00ab Les frondeurs \u00bb du PS, en s\u2019abstenant voulaient marquer leur diff\u00e9rence ils n\u2019ont r\u00e9ussi qu\u2019\u00e0 souligner leur similitudes et leur grande duplicit\u00e9 politicienne.  Leur pr\u00e9occupation ce n\u2019est pas tant le caract\u00e8re n\u00e9faste pour la France et les Fran\u00e7ais de la politique en cours, se sont ses cons\u00e9quences \u00e9lectorales et la d\u00e9culott\u00e9e g\u00e9antes qui attend le PS en 2017. Alors comme nous l\u2019avons expliqu\u00e9 (\u2026.. \u00ab La strat\u00e9gie du laiss\u00e9 faire\u00bb), ils se positionnent pour l\u2019\u00e0-venir, quand le PS revenu dans l\u2019opposition le probl\u00e8me lui sera pos\u00e9 de \u00ab La reconqu\u00eate \u00bb du pouvoir. C\u2019est alors qu\u2019ils seront peut-\u00eatre les hommes cl\u00e9s de la situation : une pr\u00e9tendue \u00ab vraie gauche du PS \u00bb qui pourra inviter les \u00e9lecteurs \u00e0 les suivre dans  une nouvelle aventure qui ne pourra-t-\u00eatre qu\u2019une nouvelle grande duperie, vue que la politique de la France, ce ne sont pas les partis qui en d\u00e9cide, mais le Pr\u00e9sident de la R\u00e9publique, qui en est le seul maitre, et qui \u00e9chappe au contr\u00f4le des partis.  Que la politique n\u00e9faste Hollande\/Valls soit appliqu\u00e9e cela ne les \u00e9meut donc pas d\u2019avantage. Leurs soucis politiciens c\u2019est de limiter la d\u00e9culott\u00e9e du PS lors des prochains scrutins et surtout de celui de 2017 et de se pr\u00e9parer pour l\u2019\u00e0-venir. Alors pensez-le bien, plus important que les cons\u00e9quences dommageables sur la vie des fran\u00e7ais du \u00ab Pacte de responsabilit\u00e9 \u00bb  \u00e9taient \u00e0 leur sens d\u2019\u00e9viter de se retrouver devant les \u00e9lecteurs tout de suite.Sachant pertinemment qu\u2019un grand nombre d\u2019entre eux y perdraient leur place de d\u00e9put\u00e9s  ils n\u2019allaient tout de m\u00eame pas prendre d\u00e9lib\u00e9r\u00e9ment le risque de pr\u00e9cipiter eux-m\u00eames les \u00e9ch\u00e9ances expr\u00e8s pour perde \u00ab leur place \u00bb deux ans et demi trop t\u00f4t ? Autant \u00ab laiss\u00e9 faire \u00bb et conserver \u00ab l\u2019emploi \u00bb encore un peu,  les deux ans et demi qui reste.   L\u2019autre d\u00e9monstration que voulaient faire \u00ab les frondeurs \u00bb est \u00ab qu\u2019une autre politique, de gauche, est possible \u00bb. Mais l\u00e0 aussi ils n\u2019ont r\u00e9ussi qu\u2019\u00e0 faire la preuve du contraire.  Comment dire qu\u2019une autre politique de gauche est possible quand ceux qui pr\u00e9tendent en \u00eatre les porteurs, se couchent en v\u00e9rit\u00e9, pour des raisons partisanes politiciennes ou institutionnelles, devant \u00ab la politique \u00bb de droite voulu par le Pr\u00e9sident de la R\u00e9publique ? Comment une politique de gauche serait-elle possible quand en r\u00e9alit\u00e9, ainsi que nous venons de le \u00ab re redire \u00bb, la politique de la France est d\u00e9cid\u00e9e par le Pr\u00e9sident de la r\u00e9publique et non par le PS, et que comme chacun sait \u00e0 pr\u00e9sent, le pr\u00e9sident de la R\u00e9publique est \u00ab l\u2019\u00e9lu du syst\u00e8me mandat\u00e9 pour faire la politique du syst\u00e8me \u00bb.  Une politique favorable aux couches populaires est certes possible, mais \u00e0 la condition expresse que l\u2019on en finisse avec l\u2019\u00e9lection du Pr\u00e9sident de la r\u00e9publique au suffrage universel, avec  l\u2019Alternance et le bipartisme, en peu de mots avec la cinqui\u00e8me r\u00e9publique.  C\u2019est ce qui \u00e9tait possible-l\u00e0. Un vote majoritaire contre le gouvernement aurait provoqu\u00e9 une crise institutionnelle dont la cinqui\u00e8me r\u00e9publique ne se serait pas relev\u00e9e.  En s\u2019abstenant les frondeurs pusillanimes  ont donc voulu sauver, outre leurs chers si\u00e8ges, pour deux ans et demi encore, mais aussi la cinqui\u00e8me r\u00e9publique et la calamiteuse politique Social-lib\u00e9rale de Hollande\/Valls. Ils ont recul\u00e9, ce n\u2019est que pour mieux sauter dans les Abysses de l\u2019Histoire.  Mercredi 16 septembre 2014.<\/p>\n","protected":false},"excerpt":{"rendered":"<p>DIFF\u00c9RENCE OU COLLUSION ? LA PREUVE ET SON CONTRAIRE Le groupe des d\u00e9put\u00e9s du PS que la presse nome \u00ab [&hellip;]<\/p>\n","protected":false},"author":1,"featured_media":0,"comment_status":"open","ping_status":"open","sticky":false,"template":"","format":"standard","meta":{"sfsi_plus_gutenberg_text_before_share":"","sfsi_plus_gutenberg_show_text_before_share":"","sfsi_plus_gutenberg_icon_type":"","sfsi_plus_gutenberg_icon_alignemt":"","sfsi_plus_gutenburg_max_per_row":"","site-sidebar-layout":"default","site-content-layout":"","ast-site-content-layout":"default","site-content-style":"default","site-sidebar-style":"default","ast-global-header-display":"","ast-banner-title-visibility":"","ast-main-header-display":"","ast-hfb-above-header-display":"","ast-hfb-below-header-display":"","ast-hfb-mobile-header-display":"","site-post-title":"","ast-breadcrumbs-content":"","ast-featured-img":"","footer-sml-layout":"","ast-disable-related-posts":"","theme-transparent-header-meta":"","adv-header-id-meta":"","stick-header-meta":"","header-above-stick-meta":"","header-main-stick-meta":"","header-below-stick-meta":"","astra-migrate-meta-layouts":"default","ast-page-background-enabled":"default","ast-page-background-meta":{"desktop":{"background-color":"var(--ast-global-color-4)","background-image":"","background-repeat":"repeat","background-position":"center center","background-size":"auto","background-attachment":"scroll","background-type":"","background-media":"","overlay-type":"","overlay-color":"","overlay-opacity":"","overlay-gradient":""},"tablet":{"background-color":"","background-image":"","background-repeat":"repeat","background-position":"center center","background-size":"auto","background-attachment":"scroll","background-type":"","background-media":"","overlay-type":"","overlay-color":"","overlay-opacity":"","overlay-gradient":""},"mobile":{"background-color":"","background-image":"","background-repeat":"repeat","background-position":"center center","background-size":"auto","background-attachment":"scroll","background-type":"","background-media":"","overlay-type":"","overlay-color":"","overlay-opacity":"","overlay-gradient":""}},"ast-content-background-meta":{"desktop":{"background-color":"var(--ast-global-color-5)","background-image":"","background-repeat":"repeat","background-position":"center center","background-size":"auto","background-attachment":"scroll","background-type":"","background-media":"","overlay-type":"","overlay-color":"","overlay-opacity":"","overlay-gradient":""},"tablet":{"background-color":"var(--ast-global-color-5)","background-image":"","background-repeat":"repeat","background-position":"center center","background-size":"auto","background-attachment":"scroll","background-type":"","background-media":"","overlay-type":"","overlay-color":"","overlay-opacity":"","overlay-gradient":""},"mobile":{"background-color":"var(--ast-global-color-5)","background-image":"","background-repeat":"repeat","background-position":"center center","background-size":"auto","background-attachment":"scroll","background-type":"","background-media":"","overlay-type":"","overlay-color":"","overlay-opacity":"","overlay-gradient":""}},"footnotes":""},"categories":[16],"tags":[],"class_list":["post-1226","post","type-post","status-publish","format-standard","hentry","category-archives-cms"],"_links":{"self":[{"href":"https:\/\/lavoiedessansvoix.fr\/lavoie\/wp-json\/wp\/v2\/posts\/1226","targetHints":{"allow":["GET"]}}],"collection":[{"href":"https:\/\/lavoiedessansvoix.fr\/lavoie\/wp-json\/wp\/v2\/posts"}],"about":[{"href":"https:\/\/lavoiedessansvoix.fr\/lavoie\/wp-json\/wp\/v2\/types\/post"}],"author":[{"embeddable":true,"href":"https:\/\/lavoiedessansvoix.fr\/lavoie\/wp-json\/wp\/v2\/users\/1"}],"replies":[{"embeddable":true,"href":"https:\/\/lavoiedessansvoix.fr\/lavoie\/wp-json\/wp\/v2\/comments?post=1226"}],"version-history":[{"count":0,"href":"https:\/\/lavoiedessansvoix.fr\/lavoie\/wp-json\/wp\/v2\/posts\/1226\/revisions"}],"wp:attachment":[{"href":"https:\/\/lavoiedessansvoix.fr\/lavoie\/wp-json\/wp\/v2\/media?parent=1226"}],"wp:term":[{"taxonomy":"category","embeddable":true,"href":"https:\/\/lavoiedessansvoix.fr\/lavoie\/wp-json\/wp\/v2\/categories?post=1226"},{"taxonomy":"post_tag","embeddable":true,"href":"https:\/\/lavoiedessansvoix.fr\/lavoie\/wp-json\/wp\/v2\/tags?post=1226"}],"curies":[{"name":"wp","href":"https:\/\/api.w.org\/{rel}","templated":true}]}}