{"id":1224,"date":"2014-09-19T07:26:00","date_gmt":"2014-09-19T05:26:00","guid":{"rendered":"https:\/\/lavoiedessansvoix.fr\/lavoie\/2014\/09\/19\/archive-un-bravo-merite-pour-marine-le-pen\/"},"modified":"2014-09-19T07:26:00","modified_gmt":"2014-09-19T05:26:00","slug":"archive-un-bravo-merite-pour-marine-le-pen","status":"publish","type":"post","link":"https:\/\/lavoiedessansvoix.fr\/lavoie\/2014\/09\/19\/archive-un-bravo-merite-pour-marine-le-pen\/","title":{"rendered":"UN BRAVO M\u00c9RIT\u00c9 POUR MARINE LE PEN."},"content":{"rendered":"<p>UN BRAVO M\u00c9RIT\u00c9 POUR MARINE LE PEN.   Nous en avons d\u00e9j\u00e0 administr\u00e9e la preuve plusieurs fois. Nous ne sommes pas de ceux que leur pens\u00e9e \u00e9triqu\u00e9e et leur sectarisme rendent imperm\u00e9ables \u00e0 la pens\u00e9e et \u00e0 la raison d\u2019autrui. Nous avons r\u00e9cemment encore, dans nos pages, ouvert notre espace \u00e0 Dominique de Villepin, Philippe de Villiers, Fran\u00e7ois Fillon Alain Jupp\u00e9 et Jean-Pierre Raffarin.  Nous ne partageons pas plus de choses avec ces gens-l\u00e0 que nous n\u2019en partageons avec Marine Le Pen. Pourquoi ne ferions-nous pas \u00e9cho \u00e0 celle-ci, lorsqu\u2019elle se distingue par l\u2019esprit et une certaine hauteur de pens\u00e9e ?  C\u2019est ce qu\u2019elle a fait hier soir, lors de l\u2019\u00e9mission de David Pujadas, \u00ab des paroles et des actes \u00bb sur France 2, qui faisait suite \u00e0 la conf\u00e9rence de presse de Fran\u00e7ois Hollande. David Pujadas se r\u00e9f\u00e9rant au mot utilis\u00e9 par le chef de l\u2019\u00c9tat parle de \u00ab Daesh \u00bb pour d\u00e9signer l\u2019organisation qui a \u00e9tabli son autorit\u00e9 sur des portions des territoires Syriens et Irakiens. Marine Le Pen l\u2019interrompt : \u00ab\u00a0Daesh\u00a0\u00bb pourquoi dites-vous \u00ab\u00a0Daesh\u00a0\u00bb ? \u00ab\u00a0Parce que Fran\u00e7ois Hollande l\u2019a dit ainsi\u00a0\u00bb r\u00e9plique David Pujadas surpris. Et madame Le Pen reprends : \u00ab il y a quelques jours s\u2019\u00e9tait l\u2019\u00c9tat Islamique \u00bb pourquoi dites-vous tous ici, Daesh \u00bb \u00e0 pr\u00e9sent, parce que vous en avez re\u00e7u la consigne ?\u00a0\u00bb David Pujadas explique alors qu\u2019en effet, il y a quelques jours, Laurent Fabius a souhait\u00e9 bannir le terme \u00ab \u00c9tat Islamique \u00bb car il ne reconnait pas le statut d\u2019\u00c9tat \u00e0 ce qui n\u2019est qu\u2019une organisation terroriste. Et c\u2019est lui qui a souhait\u00e9 qu\u2019elle soit d\u00e9sign\u00e9e pr\u00e9f\u00e9rentiellement par l\u2019acronyme arabe de \u00ab Daesh \u00bb, mais il certifie que sur sa chaine de t\u00e9l\u00e9vision ils n\u2019appliquent pas de consigne et continueront de l\u2019appeler comme bon leur semble. \u00bb. \u00a0\u00bb Alors il ne faut pas l\u2019appeler Etat Islamique ? Mais au fait \u00ab Daesh \u00bb \u00e7a veut dire quoi ?\u00a0\u00bb Lance alors Marine Le Pen en se donnant l\u2019air de ne pas savoir. On lui r\u00e9pond que cela veut dire \u2018\u00c9tat Islamique etc. En arabe. \u00ab Ah bon alors, vous ne dites pas \u00ab \u00c9tat Islamique en Fran\u00e7ais, vous pr\u00e9f\u00e9rez le dire en arabe \u00bb !    Et l\u00e0, stupeur, c\u2019est comme si elle avait pr\u00e9sent\u00e9 le miroir de la b\u00eatise \u00e0 cette assembl\u00e9e grima\u00e7ante. Quelques-uns, peu nombreux furent \u00e9pargn\u00e9s. Mais la plupart y virent leur reflet effar\u00e9s. Car ce miroir a des vertus semblables \u00e0 celui de la salle de bal du ch\u00e2teau dans \u00ab le bal des vampires \u00bb. Ce dernier ne refl\u00e9tait que les vivants, le miroir de la b\u00eatise lui ne refl\u00e8te que les imb\u00e9ciles.    Vendredi 19 septembre 2014.<\/p>\n","protected":false},"excerpt":{"rendered":"<p>UN BRAVO M\u00c9RIT\u00c9 POUR MARINE LE PEN. Nous en avons d\u00e9j\u00e0 administr\u00e9e la preuve plusieurs fois. Nous ne sommes pas [&hellip;]<\/p>\n","protected":false},"author":1,"featured_media":0,"comment_status":"open","ping_status":"open","sticky":false,"template":"","format":"standard","meta":{"sfsi_plus_gutenberg_text_before_share":"","sfsi_plus_gutenberg_show_text_before_share":"","sfsi_plus_gutenberg_icon_type":"","sfsi_plus_gutenberg_icon_alignemt":"","sfsi_plus_gutenburg_max_per_row":"","site-sidebar-layout":"default","site-content-layout":"","ast-site-content-layout":"default","site-content-style":"default","site-sidebar-style":"default","ast-global-header-display":"","ast-banner-title-visibility":"","ast-main-header-display":"","ast-hfb-above-header-display":"","ast-hfb-below-header-display":"","ast-hfb-mobile-header-display":"","site-post-title":"","ast-breadcrumbs-content":"","ast-featured-img":"","footer-sml-layout":"","ast-disable-related-posts":"","theme-transparent-header-meta":"","adv-header-id-meta":"","stick-header-meta":"","header-above-stick-meta":"","header-main-stick-meta":"","header-below-stick-meta":"","astra-migrate-meta-layouts":"default","ast-page-background-enabled":"default","ast-page-background-meta":{"desktop":{"background-color":"var(--ast-global-color-4)","background-image":"","background-repeat":"repeat","background-position":"center center","background-size":"auto","background-attachment":"scroll","background-type":"","background-media":"","overlay-type":"","overlay-color":"","overlay-opacity":"","overlay-gradient":""},"tablet":{"background-color":"","background-image":"","background-repeat":"repeat","background-position":"center center","background-size":"auto","background-attachment":"scroll","background-type":"","background-media":"","overlay-type":"","overlay-color":"","overlay-opacity":"","overlay-gradient":""},"mobile":{"background-color":"","background-image":"","background-repeat":"repeat","background-position":"center center","background-size":"auto","background-attachment":"scroll","background-type":"","background-media":"","overlay-type":"","overlay-color":"","overlay-opacity":"","overlay-gradient":""}},"ast-content-background-meta":{"desktop":{"background-color":"var(--ast-global-color-5)","background-image":"","background-repeat":"repeat","background-position":"center center","background-size":"auto","background-attachment":"scroll","background-type":"","background-media":"","overlay-type":"","overlay-color":"","overlay-opacity":"","overlay-gradient":""},"tablet":{"background-color":"var(--ast-global-color-5)","background-image":"","background-repeat":"repeat","background-position":"center center","background-size":"auto","background-attachment":"scroll","background-type":"","background-media":"","overlay-type":"","overlay-color":"","overlay-opacity":"","overlay-gradient":""},"mobile":{"background-color":"var(--ast-global-color-5)","background-image":"","background-repeat":"repeat","background-position":"center center","background-size":"auto","background-attachment":"scroll","background-type":"","background-media":"","overlay-type":"","overlay-color":"","overlay-opacity":"","overlay-gradient":""}},"footnotes":""},"categories":[16],"tags":[],"class_list":["post-1224","post","type-post","status-publish","format-standard","hentry","category-archives-cms"],"_links":{"self":[{"href":"https:\/\/lavoiedessansvoix.fr\/lavoie\/wp-json\/wp\/v2\/posts\/1224","targetHints":{"allow":["GET"]}}],"collection":[{"href":"https:\/\/lavoiedessansvoix.fr\/lavoie\/wp-json\/wp\/v2\/posts"}],"about":[{"href":"https:\/\/lavoiedessansvoix.fr\/lavoie\/wp-json\/wp\/v2\/types\/post"}],"author":[{"embeddable":true,"href":"https:\/\/lavoiedessansvoix.fr\/lavoie\/wp-json\/wp\/v2\/users\/1"}],"replies":[{"embeddable":true,"href":"https:\/\/lavoiedessansvoix.fr\/lavoie\/wp-json\/wp\/v2\/comments?post=1224"}],"version-history":[{"count":0,"href":"https:\/\/lavoiedessansvoix.fr\/lavoie\/wp-json\/wp\/v2\/posts\/1224\/revisions"}],"wp:attachment":[{"href":"https:\/\/lavoiedessansvoix.fr\/lavoie\/wp-json\/wp\/v2\/media?parent=1224"}],"wp:term":[{"taxonomy":"category","embeddable":true,"href":"https:\/\/lavoiedessansvoix.fr\/lavoie\/wp-json\/wp\/v2\/categories?post=1224"},{"taxonomy":"post_tag","embeddable":true,"href":"https:\/\/lavoiedessansvoix.fr\/lavoie\/wp-json\/wp\/v2\/tags?post=1224"}],"curies":[{"name":"wp","href":"https:\/\/api.w.org\/{rel}","templated":true}]}}