{"id":1222,"date":"2014-09-20T08:10:00","date_gmt":"2014-09-20T06:10:00","guid":{"rendered":"https:\/\/lavoiedessansvoix.fr\/lavoie\/2014\/09\/20\/archive-elise-lucet-au-service-de-la-verite-officielle\/"},"modified":"2014-09-20T08:10:00","modified_gmt":"2014-09-20T06:10:00","slug":"archive-elise-lucet-au-service-de-la-verite-officielle","status":"publish","type":"post","link":"https:\/\/lavoiedessansvoix.fr\/lavoie\/2014\/09\/20\/archive-elise-lucet-au-service-de-la-verite-officielle\/","title":{"rendered":"\u00c9LISE LUCET AU SERVICE DE \u00ab LA V\u00c9RIT\u00c9 \u00bb OFFICIELLE."},"content":{"rendered":"<p>\u00c9LISE LUCET AU SERVICE DE \u00ab LA V\u00c9RIT\u00c9 \u00bb OFFICIELLE.  Lors du Journal de 13 heures de France 2, avant la derni\u00e8re conf\u00e9rence de presse du Pr\u00e9sident de la r\u00e9publique, \u00c9lise Lucet qui faisait \u00e9tat de sa situation calamiteuse dans l\u2019opinion, nous annon\u00e7ait que lors de cette conf\u00e9rence, Fran\u00e7ois Hollande entendait se centrer surtout sur la politique internationale \u00ab le seul domaine, affirmait-elle, o\u00f9 il n\u2019est pas critiqu\u00e9.  C\u2019est cela m\u00eame le mensonge officiel. Il est convenu dans la France de la 5\u00e8me r\u00e9publique que la politique internationale est le domaine r\u00e9serv\u00e9 du Pr\u00e9sident de la R\u00e9publique. \u00ab La France doit parler d\u2019une seule voix \u00bb nous dit-on, sur la sc\u00e8ne internationale, et il est mal venu, pour \u00ab l\u2019int\u00e9r\u00eat national \u00bb, de laisser transparaitre ses d\u00e9saccords \u00e9ventuels. De l\u00e0 donc on d\u00e9duit, puisque la politique internationale ne doit pas \u00eatre critiqu\u00e9e, qu\u2019elle ne l\u2019est pas. Mais c\u2019est une contre v\u00e9rit\u00e9 indigne de l\u2019\u00e9thique \u00e0 laquelle devrait s\u2019astreindre tout journaliste.  Foin de ne pas \u00eatre critiqu\u00e9e, la politique internationale de Fran\u00e7ois Hollande fait en v\u00e9rit\u00e9 l\u2019objet, depuis longtemps pour certains comme nous m\u00eame bien s\u00fbr, plus r\u00e9cemment il est vrais pour d\u2019autres, d\u2019un flot continu de critiques extr\u00eamement s\u00e9v\u00e8res. Ainsi nous sommes nous fait l\u2019\u00e9cho ici m\u00eame des vol\u00e9es de bois verts que lui ont d\u00e9cocher ces derni\u00e8res semaines et jours, des gens tels que Edwy Plenel, Dominique De Villepin, Fran\u00e7ois Fillon, Alain Jupp\u00e9, Jean-Pierre Raffarin, Philippe De Villiers, auxquels il faut ajouter, Jean-Luc M\u00e9lenchon, Pierre Laurent, et Marine Le Pen Bien s\u00fbr qui \u00e0 eux tous repr\u00e9sentent , que cela plaise ou non,  l\u2019opinion d\u2019un grand nombre d\u2019\u00e9lecteurs fran\u00e7ais, mais aussi Luc Ferry, et bien d\u2019autres qui \u00e9chappent \u00e0 notre vigilance. Oh certes, ces critiques ne vont pas toutes dans le m\u00eame sens. Mais pr\u00e9tendre que la politique internationale de la France voulu par Fran\u00e7ois Hollande ne suscite pas la critique, est un mensonge honteux qui n\u2019honore pas la journaliste qui s\u2019en est rendue coupable.  Samedi 20 septembre 2014.<\/p>\n","protected":false},"excerpt":{"rendered":"<p>\u00c9LISE LUCET AU SERVICE DE \u00ab LA V\u00c9RIT\u00c9 \u00bb OFFICIELLE. Lors du Journal de 13 heures de France 2, avant [&hellip;]<\/p>\n","protected":false},"author":1,"featured_media":0,"comment_status":"open","ping_status":"open","sticky":false,"template":"","format":"standard","meta":{"sfsi_plus_gutenberg_text_before_share":"","sfsi_plus_gutenberg_show_text_before_share":"","sfsi_plus_gutenberg_icon_type":"","sfsi_plus_gutenberg_icon_alignemt":"","sfsi_plus_gutenburg_max_per_row":"","site-sidebar-layout":"default","site-content-layout":"","ast-site-content-layout":"default","site-content-style":"default","site-sidebar-style":"default","ast-global-header-display":"","ast-banner-title-visibility":"","ast-main-header-display":"","ast-hfb-above-header-display":"","ast-hfb-below-header-display":"","ast-hfb-mobile-header-display":"","site-post-title":"","ast-breadcrumbs-content":"","ast-featured-img":"","footer-sml-layout":"","ast-disable-related-posts":"","theme-transparent-header-meta":"","adv-header-id-meta":"","stick-header-meta":"","header-above-stick-meta":"","header-main-stick-meta":"","header-below-stick-meta":"","astra-migrate-meta-layouts":"default","ast-page-background-enabled":"default","ast-page-background-meta":{"desktop":{"background-color":"var(--ast-global-color-4)","background-image":"","background-repeat":"repeat","background-position":"center center","background-size":"auto","background-attachment":"scroll","background-type":"","background-media":"","overlay-type":"","overlay-color":"","overlay-opacity":"","overlay-gradient":""},"tablet":{"background-color":"","background-image":"","background-repeat":"repeat","background-position":"center center","background-size":"auto","background-attachment":"scroll","background-type":"","background-media":"","overlay-type":"","overlay-color":"","overlay-opacity":"","overlay-gradient":""},"mobile":{"background-color":"","background-image":"","background-repeat":"repeat","background-position":"center center","background-size":"auto","background-attachment":"scroll","background-type":"","background-media":"","overlay-type":"","overlay-color":"","overlay-opacity":"","overlay-gradient":""}},"ast-content-background-meta":{"desktop":{"background-color":"var(--ast-global-color-5)","background-image":"","background-repeat":"repeat","background-position":"center center","background-size":"auto","background-attachment":"scroll","background-type":"","background-media":"","overlay-type":"","overlay-color":"","overlay-opacity":"","overlay-gradient":""},"tablet":{"background-color":"var(--ast-global-color-5)","background-image":"","background-repeat":"repeat","background-position":"center center","background-size":"auto","background-attachment":"scroll","background-type":"","background-media":"","overlay-type":"","overlay-color":"","overlay-opacity":"","overlay-gradient":""},"mobile":{"background-color":"var(--ast-global-color-5)","background-image":"","background-repeat":"repeat","background-position":"center center","background-size":"auto","background-attachment":"scroll","background-type":"","background-media":"","overlay-type":"","overlay-color":"","overlay-opacity":"","overlay-gradient":""}},"footnotes":""},"categories":[16],"tags":[],"class_list":["post-1222","post","type-post","status-publish","format-standard","hentry","category-archives-cms"],"_links":{"self":[{"href":"https:\/\/lavoiedessansvoix.fr\/lavoie\/wp-json\/wp\/v2\/posts\/1222","targetHints":{"allow":["GET"]}}],"collection":[{"href":"https:\/\/lavoiedessansvoix.fr\/lavoie\/wp-json\/wp\/v2\/posts"}],"about":[{"href":"https:\/\/lavoiedessansvoix.fr\/lavoie\/wp-json\/wp\/v2\/types\/post"}],"author":[{"embeddable":true,"href":"https:\/\/lavoiedessansvoix.fr\/lavoie\/wp-json\/wp\/v2\/users\/1"}],"replies":[{"embeddable":true,"href":"https:\/\/lavoiedessansvoix.fr\/lavoie\/wp-json\/wp\/v2\/comments?post=1222"}],"version-history":[{"count":0,"href":"https:\/\/lavoiedessansvoix.fr\/lavoie\/wp-json\/wp\/v2\/posts\/1222\/revisions"}],"wp:attachment":[{"href":"https:\/\/lavoiedessansvoix.fr\/lavoie\/wp-json\/wp\/v2\/media?parent=1222"}],"wp:term":[{"taxonomy":"category","embeddable":true,"href":"https:\/\/lavoiedessansvoix.fr\/lavoie\/wp-json\/wp\/v2\/categories?post=1222"},{"taxonomy":"post_tag","embeddable":true,"href":"https:\/\/lavoiedessansvoix.fr\/lavoie\/wp-json\/wp\/v2\/tags?post=1222"}],"curies":[{"name":"wp","href":"https:\/\/api.w.org\/{rel}","templated":true}]}}