{"id":1220,"date":"2014-09-25T05:40:00","date_gmt":"2014-09-25T03:40:00","guid":{"rendered":"https:\/\/lavoiedessansvoix.fr\/lavoie\/2014\/09\/25\/archive-mort-d-herve-gourdel-oser-le-dire-la-responsabilite-de-la-france\/"},"modified":"2014-09-25T05:40:00","modified_gmt":"2014-09-25T03:40:00","slug":"archive-mort-d-herve-gourdel-oser-le-dire-la-responsabilite-de-la-france","status":"publish","type":"post","link":"https:\/\/lavoiedessansvoix.fr\/lavoie\/2014\/09\/25\/archive-mort-d-herve-gourdel-oser-le-dire-la-responsabilite-de-la-france\/","title":{"rendered":"MORT D\u2019HERV\u00c9 GOURDEL :  OSER LE DIRE LA RESPONSABILIT\u00c9 DE LA FRANCE !"},"content":{"rendered":"<p>MORT D\u2019HERV\u00c9 GOURDEL :  OSER DIRE LA RESPONSABILIT\u00c9 DE LA FRANCE !     Comme le monde entier nous avons appris hier la mise \u00e0 ex\u00e9cution imm\u00e9diate des menaces \u00ab des soldats du califat \u00bb. Herv\u00e9 Gourdel, un brave homme qui n\u2019y \u00e9tait pour rien a \u00e9t\u00e9 d\u00e9capit\u00e9 par ses bourreaux. Nous ne nous \u00e9tendrons pas sur la m\u00e9thode d\u2019ex\u00e9cution que nos m\u00e9dias et les cercles de pouvoir occidentaux, veulent identifier \u00e0 l\u2019horreur pure. Nous avons d\u00e9j\u00e0 \u00e0 ce propos d\u00e9nonc\u00e9 ailleurs (\u00ab L\u2019\u00e9chelle Ducon \u00bb 22 ao\u00fbt 2014) la terrible inhumanit\u00e9 qu\u2019il y avait \u00e0 vouloir \u00e9tablir \u00ab une \u00e9chelle de l\u2019horreur \u00bb. Nous r\u00e9it\u00e9rons. L\u2019assassinat \u00ab hyper sophistiqu\u00e9 \u00bb, par des drones venus du ciel, de dirigeants du Hamas ou de responsables du programme nucl\u00e9aire iranien, ne nous apparait pas moins barbare.    Ces derni\u00e8res semaines, de nombreuses voix ont fait entendre (nous leur avons fait \u00e9cho) leur diff\u00e9rence, voire leurs d\u00e9saccords avec l\u2019actuelle  politique \u00e9trang\u00e8re de la France, d\u2019inf\u00e9odation totale \u00e0 celle des Etats-Unis, inaugur\u00e9e sous l\u2019\u00e8re Sarkozy. Et c\u2019est l\u00e0 pr\u00e9cis\u00e9ment, quand les cons\u00e9quences terriblement douloureuses et n\u00e9fastes d\u2019une politique brutale et aveugle se font sentir, qu\u2019il faudrait jeter l\u2019\u00e9ponge, se taire au lieu de hurler la v\u00e9rit\u00e9 cruelle : la part de responsabilit\u00e9 de la France et de ses \u00e9quipes dirigeantes, \u00e0 la situation o\u00f9 nous voil\u00e0 ? Ce serait trop facile Messieurs Hollande Fabius ou Valls. Le docteur Frankenstein peut-il s\u2019exon\u00e9rer des crimes de sa cr\u00e9ature monstrueuse ? Le \u00ab monstre \u00bb que la France aux cot\u00e9s des USA, a maintenant d\u00e9cid\u00e9 d\u2019ex\u00e9cuter, et qui se rebiffe et le lui fait ch\u00e8rement payer, n\u2019est-il pas sa cr\u00e9ature pour une bonne part ? Ne sont-ce pas ses fous d\u2019Allah que les USA, la France, l\u2019Angleterre et Isra\u00ebl, en association \u00e9troite avec le Qatar, l\u2019Arabie Saoudite et la Jordanie, apr\u00e8s avoir ex\u00e9cut\u00e9e la Jamahiriya libyenne du colonel Kadhafi ont recrut\u00e9s, arm\u00e9s, entrain\u00e9s et financ\u00e9s depuis deux \u00e0 trois ans, pour mener leur injuste et horrible guerre contre le r\u00e9gime la\u00efc du pr\u00e9sident Bachar Al Assad ?  Certes, il y a plus fou que \u00ab les fous d\u2019Allah \u00bb, il y a l\u2019\u00e9quipe des \u00ab fous obstin\u00e9s \u00bb, les Hollande Fabius qui voudraient \u00e0 pr\u00e9sent sugg\u00e9rer que la faute en revient \u00e0 Bachar Al Assad. S\u2019il avait accept\u00e9 de mourir tout de suite comme le lui ordonnait Fran\u00e7ois Hollande et Laurent Fabius, ceux-l\u00e0 n\u2019auraient pas \u00e9t\u00e9 contraints de cr\u00e9er et sustenter cette cr\u00e9ature criminelle qui se rebiffe \u00e0 pr\u00e9sent contre ses maitres.     \u00ab Consensus national au parlement, nous dit-on, \u00ab sauf le \u00ab Front de Gauche \u00bb*. Face \u00e0 l\u2019adversit\u00e9 les critiques devraient \u00eatre raval\u00e9es, et nous voil\u00e0 somm\u00e9s en quelques sortes, \u00e0 cette raison, d\u2019\u00eatre tout \u00e0 coup solidaires. La d\u00e9capitation serait l\u2019horreur pure, et t\u00e9tanis\u00e9s par celle-ci il parait que l\u2019on devrait se taire et serrer les coudes entre \u00ab fran\u00e7ais \u00bb. C\u2019est le contraire qui nous apparait vrai. N\u2019est-ce pas le moment au contraire de hurler toute notre col\u00e8re et notre indignation contre la politique \u00e9trang\u00e8re criminelle de notre pays,  que nous d\u00e9non\u00e7ons depuis plusieurs ann\u00e9es et dont nous avons dit longtemps en avance les cons\u00e9quences dommageables auxquelles elle ne manquerait pas de conduire.    Eh bien non ! Non et non ! Nous refusons la logique du consensus qui est celle des imb\u00e9ciles. Quand arrive les temp\u00eates dont ils ont sem\u00e9s les vents, ce n\u2019est pas le moment de se taire mais de dire haut et fort combien nous avions raison et d\u2019exiger des comptes.  Jeudi 24 septembre 2014.  * il est \u00e0 noter tout de m\u00eame, et cela milite \u00e0 l\u2019avantage du \u00ab Front de Gauche \u00bb, qu\u2019un consensus \u00ab sauf \u00bb n\u2019est plus tout \u00e0 fait, voire plus  un consensus du tout.<\/p>\n","protected":false},"excerpt":{"rendered":"<p>MORT D\u2019HERV\u00c9 GOURDEL : OSER DIRE LA RESPONSABILIT\u00c9 DE LA FRANCE ! Comme le monde entier nous avons appris hier [&hellip;]<\/p>\n","protected":false},"author":1,"featured_media":0,"comment_status":"open","ping_status":"open","sticky":false,"template":"","format":"standard","meta":{"sfsi_plus_gutenberg_text_before_share":"","sfsi_plus_gutenberg_show_text_before_share":"","sfsi_plus_gutenberg_icon_type":"","sfsi_plus_gutenberg_icon_alignemt":"","sfsi_plus_gutenburg_max_per_row":"","site-sidebar-layout":"default","site-content-layout":"","ast-site-content-layout":"default","site-content-style":"default","site-sidebar-style":"default","ast-global-header-display":"","ast-banner-title-visibility":"","ast-main-header-display":"","ast-hfb-above-header-display":"","ast-hfb-below-header-display":"","ast-hfb-mobile-header-display":"","site-post-title":"","ast-breadcrumbs-content":"","ast-featured-img":"","footer-sml-layout":"","ast-disable-related-posts":"","theme-transparent-header-meta":"","adv-header-id-meta":"","stick-header-meta":"","header-above-stick-meta":"","header-main-stick-meta":"","header-below-stick-meta":"","astra-migrate-meta-layouts":"default","ast-page-background-enabled":"default","ast-page-background-meta":{"desktop":{"background-color":"var(--ast-global-color-4)","background-image":"","background-repeat":"repeat","background-position":"center center","background-size":"auto","background-attachment":"scroll","background-type":"","background-media":"","overlay-type":"","overlay-color":"","overlay-opacity":"","overlay-gradient":""},"tablet":{"background-color":"","background-image":"","background-repeat":"repeat","background-position":"center center","background-size":"auto","background-attachment":"scroll","background-type":"","background-media":"","overlay-type":"","overlay-color":"","overlay-opacity":"","overlay-gradient":""},"mobile":{"background-color":"","background-image":"","background-repeat":"repeat","background-position":"center center","background-size":"auto","background-attachment":"scroll","background-type":"","background-media":"","overlay-type":"","overlay-color":"","overlay-opacity":"","overlay-gradient":""}},"ast-content-background-meta":{"desktop":{"background-color":"var(--ast-global-color-5)","background-image":"","background-repeat":"repeat","background-position":"center center","background-size":"auto","background-attachment":"scroll","background-type":"","background-media":"","overlay-type":"","overlay-color":"","overlay-opacity":"","overlay-gradient":""},"tablet":{"background-color":"var(--ast-global-color-5)","background-image":"","background-repeat":"repeat","background-position":"center center","background-size":"auto","background-attachment":"scroll","background-type":"","background-media":"","overlay-type":"","overlay-color":"","overlay-opacity":"","overlay-gradient":""},"mobile":{"background-color":"var(--ast-global-color-5)","background-image":"","background-repeat":"repeat","background-position":"center center","background-size":"auto","background-attachment":"scroll","background-type":"","background-media":"","overlay-type":"","overlay-color":"","overlay-opacity":"","overlay-gradient":""}},"footnotes":""},"categories":[16],"tags":[],"class_list":["post-1220","post","type-post","status-publish","format-standard","hentry","category-archives-cms"],"_links":{"self":[{"href":"https:\/\/lavoiedessansvoix.fr\/lavoie\/wp-json\/wp\/v2\/posts\/1220","targetHints":{"allow":["GET"]}}],"collection":[{"href":"https:\/\/lavoiedessansvoix.fr\/lavoie\/wp-json\/wp\/v2\/posts"}],"about":[{"href":"https:\/\/lavoiedessansvoix.fr\/lavoie\/wp-json\/wp\/v2\/types\/post"}],"author":[{"embeddable":true,"href":"https:\/\/lavoiedessansvoix.fr\/lavoie\/wp-json\/wp\/v2\/users\/1"}],"replies":[{"embeddable":true,"href":"https:\/\/lavoiedessansvoix.fr\/lavoie\/wp-json\/wp\/v2\/comments?post=1220"}],"version-history":[{"count":0,"href":"https:\/\/lavoiedessansvoix.fr\/lavoie\/wp-json\/wp\/v2\/posts\/1220\/revisions"}],"wp:attachment":[{"href":"https:\/\/lavoiedessansvoix.fr\/lavoie\/wp-json\/wp\/v2\/media?parent=1220"}],"wp:term":[{"taxonomy":"category","embeddable":true,"href":"https:\/\/lavoiedessansvoix.fr\/lavoie\/wp-json\/wp\/v2\/categories?post=1220"},{"taxonomy":"post_tag","embeddable":true,"href":"https:\/\/lavoiedessansvoix.fr\/lavoie\/wp-json\/wp\/v2\/tags?post=1220"}],"curies":[{"name":"wp","href":"https:\/\/api.w.org\/{rel}","templated":true}]}}