{"id":1218,"date":"2014-09-27T08:46:00","date_gmt":"2014-09-27T06:46:00","guid":{"rendered":"https:\/\/lavoiedessansvoix.fr\/lavoie\/2014\/09\/27\/archive-vive-la-greve-des-pilotes\/"},"modified":"2014-09-27T08:46:00","modified_gmt":"2014-09-27T06:46:00","slug":"archive-vive-la-greve-des-pilotes","status":"publish","type":"post","link":"https:\/\/lavoiedessansvoix.fr\/lavoie\/2014\/09\/27\/archive-vive-la-greve-des-pilotes\/","title":{"rendered":"VIVE LA GR\u00c9VE DES PILOTES"},"content":{"rendered":"<p>VIVE LA GR\u00c9VE DES PILOTES   Manuel Valls trouve insupportable la gr\u00e8ve des pilotes d\u2019air France. Nous la trouvons au contraire rafraichissante et salutaire. A cette \u00e9poque o\u00f9 tant de salari\u00e9s courbent l\u2019\u00e9chine, se plient, parce qu\u2019ils croient ne pas pouvoir faire diff\u00e9remment aux mauvaises raisons des patrons, il est encourageant de voir que certains l\u00e8vent le gant, brandissent l\u2019\u00e9tendard de la r\u00e9sistance et du refus de la logique \u00ab financiariste \u00bb qui veut tirer vers le bas tous les revenus du travail.    Les pilotes sont des gens honorables qui tirent leurs revenus de leur travail, d\u2019un service r\u00e9el rendu \u00e0 la collectivit\u00e9, non d\u2019une rente. Bac plus six ou sept pour la plupart, ils assument une t\u00e2che complexe, difficile et de haute responsabilit\u00e9. Ils gagnent bien leurs vies. Nous ne sommes pas jaloux, nous en sommes m\u00eame ravis pour eux.  Pour notre part, si nous avons \u00ab des comptes \u00bb \u00e0 demander ou \u00e0 \u00ab r\u00e9gler \u00bb, ce n\u2019est c\u2019est \u00e0 ceux-l\u00e0 que nous adresserions des griefs, quand d\u2019autres, \u00ab actionnaires \u00bb, encaissent des dividendes c\u2019est-\u00e0-dire les b\u00e9n\u00e9fices du travail et des efforts d\u2019autrui sans rien faire, uniquement parce que \u00ab leurs parts du capital \u00bb leur arrogent le droit inique de pr\u00e9lever leur quotit\u00e9 de la richesse sociale directement dans les caisses de la collectivit\u00e9 ?    Samedi 27 septembre 2016.<\/p>\n","protected":false},"excerpt":{"rendered":"<p>VIVE LA GR\u00c9VE DES PILOTES Manuel Valls trouve insupportable la gr\u00e8ve des pilotes d\u2019air France. Nous la trouvons au contraire [&hellip;]<\/p>\n","protected":false},"author":1,"featured_media":0,"comment_status":"open","ping_status":"open","sticky":false,"template":"","format":"standard","meta":{"sfsi_plus_gutenberg_text_before_share":"","sfsi_plus_gutenberg_show_text_before_share":"","sfsi_plus_gutenberg_icon_type":"","sfsi_plus_gutenberg_icon_alignemt":"","sfsi_plus_gutenburg_max_per_row":"","site-sidebar-layout":"default","site-content-layout":"","ast-site-content-layout":"default","site-content-style":"default","site-sidebar-style":"default","ast-global-header-display":"","ast-banner-title-visibility":"","ast-main-header-display":"","ast-hfb-above-header-display":"","ast-hfb-below-header-display":"","ast-hfb-mobile-header-display":"","site-post-title":"","ast-breadcrumbs-content":"","ast-featured-img":"","footer-sml-layout":"","ast-disable-related-posts":"","theme-transparent-header-meta":"","adv-header-id-meta":"","stick-header-meta":"","header-above-stick-meta":"","header-main-stick-meta":"","header-below-stick-meta":"","astra-migrate-meta-layouts":"default","ast-page-background-enabled":"default","ast-page-background-meta":{"desktop":{"background-color":"var(--ast-global-color-4)","background-image":"","background-repeat":"repeat","background-position":"center center","background-size":"auto","background-attachment":"scroll","background-type":"","background-media":"","overlay-type":"","overlay-color":"","overlay-opacity":"","overlay-gradient":""},"tablet":{"background-color":"","background-image":"","background-repeat":"repeat","background-position":"center center","background-size":"auto","background-attachment":"scroll","background-type":"","background-media":"","overlay-type":"","overlay-color":"","overlay-opacity":"","overlay-gradient":""},"mobile":{"background-color":"","background-image":"","background-repeat":"repeat","background-position":"center center","background-size":"auto","background-attachment":"scroll","background-type":"","background-media":"","overlay-type":"","overlay-color":"","overlay-opacity":"","overlay-gradient":""}},"ast-content-background-meta":{"desktop":{"background-color":"var(--ast-global-color-5)","background-image":"","background-repeat":"repeat","background-position":"center center","background-size":"auto","background-attachment":"scroll","background-type":"","background-media":"","overlay-type":"","overlay-color":"","overlay-opacity":"","overlay-gradient":""},"tablet":{"background-color":"var(--ast-global-color-5)","background-image":"","background-repeat":"repeat","background-position":"center center","background-size":"auto","background-attachment":"scroll","background-type":"","background-media":"","overlay-type":"","overlay-color":"","overlay-opacity":"","overlay-gradient":""},"mobile":{"background-color":"var(--ast-global-color-5)","background-image":"","background-repeat":"repeat","background-position":"center center","background-size":"auto","background-attachment":"scroll","background-type":"","background-media":"","overlay-type":"","overlay-color":"","overlay-opacity":"","overlay-gradient":""}},"footnotes":""},"categories":[16],"tags":[],"class_list":["post-1218","post","type-post","status-publish","format-standard","hentry","category-archives-cms"],"_links":{"self":[{"href":"https:\/\/lavoiedessansvoix.fr\/lavoie\/wp-json\/wp\/v2\/posts\/1218","targetHints":{"allow":["GET"]}}],"collection":[{"href":"https:\/\/lavoiedessansvoix.fr\/lavoie\/wp-json\/wp\/v2\/posts"}],"about":[{"href":"https:\/\/lavoiedessansvoix.fr\/lavoie\/wp-json\/wp\/v2\/types\/post"}],"author":[{"embeddable":true,"href":"https:\/\/lavoiedessansvoix.fr\/lavoie\/wp-json\/wp\/v2\/users\/1"}],"replies":[{"embeddable":true,"href":"https:\/\/lavoiedessansvoix.fr\/lavoie\/wp-json\/wp\/v2\/comments?post=1218"}],"version-history":[{"count":0,"href":"https:\/\/lavoiedessansvoix.fr\/lavoie\/wp-json\/wp\/v2\/posts\/1218\/revisions"}],"wp:attachment":[{"href":"https:\/\/lavoiedessansvoix.fr\/lavoie\/wp-json\/wp\/v2\/media?parent=1218"}],"wp:term":[{"taxonomy":"category","embeddable":true,"href":"https:\/\/lavoiedessansvoix.fr\/lavoie\/wp-json\/wp\/v2\/categories?post=1218"},{"taxonomy":"post_tag","embeddable":true,"href":"https:\/\/lavoiedessansvoix.fr\/lavoie\/wp-json\/wp\/v2\/tags?post=1218"}],"curies":[{"name":"wp","href":"https:\/\/api.w.org\/{rel}","templated":true}]}}