{"id":1217,"date":"2014-09-28T03:53:00","date_gmt":"2014-09-28T01:53:00","guid":{"rendered":"https:\/\/lavoiedessansvoix.fr\/lavoie\/2014\/09\/28\/archive-une-lecon-de-correction-honte-a-ces-salaries-d-air-france-qui-manifestent-contre\/"},"modified":"2014-09-28T03:53:00","modified_gmt":"2014-09-28T01:53:00","slug":"archive-une-lecon-de-correction-honte-a-ces-salaries-d-air-france-qui-manifestent-contre","status":"publish","type":"post","link":"https:\/\/lavoiedessansvoix.fr\/lavoie\/2014\/09\/28\/archive-une-lecon-de-correction-honte-a-ces-salaries-d-air-france-qui-manifestent-contre\/","title":{"rendered":"UNE LE\u00c7ON DE CORRECTION HONTE A CES \u00ab SALARIES \u00bb D\u2019AIR FRANCE QUI MANIFESTENT CONTRE LA GR\u00c9VE"},"content":{"rendered":"<p>UNE LE\u00c7ON DE CORRECTIONHONTE A CES \u00ab SALARIES \u00bb D\u2019AIR FRANCE QUI MANIFESTENT CONTRE LA GR\u00c9VE   Nous avons dit hier notre soutien aux pilotes en gr\u00e8ve comme nous l\u2019avions fait concernant la gr\u00e8ve des cheminots. Et nous nous en sommes expliqu\u00e9s. \u00ab Ce dont on manque le plus dans ce pays actuellement, c\u2019est de r\u00e9sistance sociale. Alors, quand les cheminots, \u00e9crivions-nous le 13 juin, nous ajoutons \u00ab les pilotes \u00bb \u00e0 pr\u00e9sent, rallument le flambeau de celle-ci, nous crions enthousiastes : \u00ab Vive la Gr\u00e8ve des cheminots \u00bb et \u00ab vive la gr\u00e8ve des pilotes \u00bb, et faisons le v\u0153u que celle-ci dure le temps n\u00e9cessaire \u00e0 ce que le gouvernement, et la direction, plient du genou. \u00bb   Mais des salari\u00e9s, \u00ab d\u2019 Air France \u00bb, oh nous ne sommes pas dupes, nous le subodorons, nous le supputons, nous le pressentons, nous le savons, 1700 ici, 200 l\u00e0-bas sur les cent mille environ que compte la compagnie, des cadres probablement pour la plupart, en situation de d\u00e9pendance totale \u00e0 l\u2019\u00e9gard de leur direction, se conduisant comme des moutons, ont eu l\u2019ind\u00e9cence d\u2019aller \u00ab b\u00ealer \u00bb publiquement contre la gr\u00e8ve de leurs coll\u00e8gues pilotes.    C\u2019est quoi donc votre id\u00e9al \u00e0 vous camarades moutons ? L\u2019horizon o\u00f9 se portent vos regards myopes serait-il \u00e0 vos pieds, serait-ce ce que l\u2019on appelle couramment \u00ab le plancher des vaches \u00bb, ou des moutons ? Tous les salari\u00e9s au m\u00eame niveau, de pr\u00e9f\u00e9rence tout en bas de l\u2019\u00e9chelle, r\u00e9duits \u00e0 l\u2019\u00e9tat de disette morbide, ne pouvant plus compter sur leur travail pour vivre et devant faire appel aux aides publiques et \u00e0 l\u2019assistanat ? Car tel est l\u2019horizon o\u00f9 conduit la spirale \u00ab paup\u00e9riste \u00bb mal justifi\u00e9e par \u00ab la comp\u00e9titivit\u00e9 des entreprises, \u00e0 laquelle ont tellement raison de s\u2019opposer vos coll\u00e8gues pilotes.     Alors, nous voulons vous dire aujourd\u2019hui notre indignation, \u00ab salari\u00e9s \u00bb trop pusillanimes pour lutter contre leurs employeurs, pour exiger de meilleurs salaires et de meilleures conditions de travail, et qui choisissent l\u2019indignit\u00e9 de tourner leur hargne malsaine et de manifester contre une autre cat\u00e9gorie de personnel en gr\u00e8ve au pr\u00e9texte mesquins que celle-ci est mieux pay\u00e9e qu\u2019eux. Vous ne faites pas honneur, mais au contraire, par votre attitude servile vous insultez la condition salariale toute enti\u00e8re.      Dimanche 28 septembre 2014.<\/p>\n","protected":false},"excerpt":{"rendered":"<p>UNE LE\u00c7ON DE CORRECTIONHONTE A CES \u00ab SALARIES \u00bb D\u2019AIR FRANCE QUI MANIFESTENT CONTRE LA GR\u00c9VE Nous avons dit hier [&hellip;]<\/p>\n","protected":false},"author":1,"featured_media":0,"comment_status":"open","ping_status":"open","sticky":false,"template":"","format":"standard","meta":{"sfsi_plus_gutenberg_text_before_share":"","sfsi_plus_gutenberg_show_text_before_share":"","sfsi_plus_gutenberg_icon_type":"","sfsi_plus_gutenberg_icon_alignemt":"","sfsi_plus_gutenburg_max_per_row":"","site-sidebar-layout":"default","site-content-layout":"","ast-site-content-layout":"default","site-content-style":"default","site-sidebar-style":"default","ast-global-header-display":"","ast-banner-title-visibility":"","ast-main-header-display":"","ast-hfb-above-header-display":"","ast-hfb-below-header-display":"","ast-hfb-mobile-header-display":"","site-post-title":"","ast-breadcrumbs-content":"","ast-featured-img":"","footer-sml-layout":"","ast-disable-related-posts":"","theme-transparent-header-meta":"","adv-header-id-meta":"","stick-header-meta":"","header-above-stick-meta":"","header-main-stick-meta":"","header-below-stick-meta":"","astra-migrate-meta-layouts":"default","ast-page-background-enabled":"default","ast-page-background-meta":{"desktop":{"background-color":"var(--ast-global-color-4)","background-image":"","background-repeat":"repeat","background-position":"center center","background-size":"auto","background-attachment":"scroll","background-type":"","background-media":"","overlay-type":"","overlay-color":"","overlay-opacity":"","overlay-gradient":""},"tablet":{"background-color":"","background-image":"","background-repeat":"repeat","background-position":"center center","background-size":"auto","background-attachment":"scroll","background-type":"","background-media":"","overlay-type":"","overlay-color":"","overlay-opacity":"","overlay-gradient":""},"mobile":{"background-color":"","background-image":"","background-repeat":"repeat","background-position":"center center","background-size":"auto","background-attachment":"scroll","background-type":"","background-media":"","overlay-type":"","overlay-color":"","overlay-opacity":"","overlay-gradient":""}},"ast-content-background-meta":{"desktop":{"background-color":"var(--ast-global-color-5)","background-image":"","background-repeat":"repeat","background-position":"center center","background-size":"auto","background-attachment":"scroll","background-type":"","background-media":"","overlay-type":"","overlay-color":"","overlay-opacity":"","overlay-gradient":""},"tablet":{"background-color":"var(--ast-global-color-5)","background-image":"","background-repeat":"repeat","background-position":"center center","background-size":"auto","background-attachment":"scroll","background-type":"","background-media":"","overlay-type":"","overlay-color":"","overlay-opacity":"","overlay-gradient":""},"mobile":{"background-color":"var(--ast-global-color-5)","background-image":"","background-repeat":"repeat","background-position":"center center","background-size":"auto","background-attachment":"scroll","background-type":"","background-media":"","overlay-type":"","overlay-color":"","overlay-opacity":"","overlay-gradient":""}},"footnotes":""},"categories":[16],"tags":[],"class_list":["post-1217","post","type-post","status-publish","format-standard","hentry","category-archives-cms"],"_links":{"self":[{"href":"https:\/\/lavoiedessansvoix.fr\/lavoie\/wp-json\/wp\/v2\/posts\/1217","targetHints":{"allow":["GET"]}}],"collection":[{"href":"https:\/\/lavoiedessansvoix.fr\/lavoie\/wp-json\/wp\/v2\/posts"}],"about":[{"href":"https:\/\/lavoiedessansvoix.fr\/lavoie\/wp-json\/wp\/v2\/types\/post"}],"author":[{"embeddable":true,"href":"https:\/\/lavoiedessansvoix.fr\/lavoie\/wp-json\/wp\/v2\/users\/1"}],"replies":[{"embeddable":true,"href":"https:\/\/lavoiedessansvoix.fr\/lavoie\/wp-json\/wp\/v2\/comments?post=1217"}],"version-history":[{"count":0,"href":"https:\/\/lavoiedessansvoix.fr\/lavoie\/wp-json\/wp\/v2\/posts\/1217\/revisions"}],"wp:attachment":[{"href":"https:\/\/lavoiedessansvoix.fr\/lavoie\/wp-json\/wp\/v2\/media?parent=1217"}],"wp:term":[{"taxonomy":"category","embeddable":true,"href":"https:\/\/lavoiedessansvoix.fr\/lavoie\/wp-json\/wp\/v2\/categories?post=1217"},{"taxonomy":"post_tag","embeddable":true,"href":"https:\/\/lavoiedessansvoix.fr\/lavoie\/wp-json\/wp\/v2\/tags?post=1217"}],"curies":[{"name":"wp","href":"https:\/\/api.w.org\/{rel}","templated":true}]}}