{"id":1216,"date":"2014-09-28T06:09:00","date_gmt":"2014-09-28T04:09:00","guid":{"rendered":"https:\/\/lavoiedessansvoix.fr\/lavoie\/2014\/09\/28\/archive-alerte-appel-a-la-vigilence-des-peuples\/"},"modified":"2014-09-28T06:09:00","modified_gmt":"2014-09-28T04:09:00","slug":"archive-alerte-appel-a-la-vigilence-des-peuples","status":"publish","type":"post","link":"https:\/\/lavoiedessansvoix.fr\/lavoie\/2014\/09\/28\/archive-alerte-appel-a-la-vigilence-des-peuples\/","title":{"rendered":"ALERTE !  APPEL A LA VIGILENCE DES PEUPLES."},"content":{"rendered":"<p>ALERTE !APPEL A LA VIGILANCE DES PEUPLES.  Au d\u00e9but des ann\u00e9es 2000, sous la conduite de l\u2019administration am\u00e9ricaine de Bush junior en \u00e9troite collaboration avec \u00ab Tony Blair \u00bb son alter-ego britannique, une vaste menterie d\u2019\u00c9tats d\u2019envergure internationale, fut \u00e9labor\u00e9e et \u00ab vendue \u00bb aux peuples, pour justifier la calamiteuse intervention baptis\u00e9e \u00ab Op\u00e9ration de lib\u00e9ration de l\u2019Irak \u00bb.  Les peuples am\u00e9ricains et britanniques tromp\u00e9s et bafou\u00e9s n\u2019ont pas pardonn\u00e9s leur criminelle perfidie aux dirigeants de l\u2019\u00e9poque. C\u2019est une des raisons qui explique le vote de la chambre des communes \u00e0 l\u2019\u00e9t\u00e9 2013, qui dissuada David Cameron d\u2019engager plus loin le Royaume-Uni dans l\u2019aventure des frappes contre la Syrie auxquelles tenaient tant Barak Obama et Fran\u00e7ois Hollande.\u00c9chaud\u00e9s par l\u2019abominable fable des \u00ab armes de destruction massive de Saddam Hussein \u00bb, les peuples avaient de la peine \u00e0 prendre au s\u00e9rieux, et ils avaient raison car s\u2019\u00e9tait des mensonges aussi et des provocations, la fable des attaques chimiques de Bachar Al Assad. C\u2019est pourquoi ils \u00e9taient majoritairement oppos\u00e9s aux frappes avec lesquelles Barak Obama et Fran\u00e7ois Hollande eurent voulu foudroyer le r\u00e9gime l\u00e9gal syrien, et auxquelles ils durent en d\u00e9finitive renoncer.  Mais ne fallait-il pas s\u2019y attendre ? Ce n\u2019\u00e9tait que partie remise. Ces gens ne sont pas que fous et menteurs, ils sont de plus, affreusement obstin\u00e9s.  Pr\u00e9textant \u00e0 pr\u00e9sent  la n\u00e9cessit\u00e9 de d\u00e9truire le monstre qu\u2019ils ont eux-m\u00eames engendr\u00e9,  les USA et la France se sont cette fois totalement affranchis de toutes consid\u00e9ration de l\u00e9galit\u00e9 internationale et des \u00bb tracasseries administratives de l\u2019ONU \u00bb.  Ce n\u2019est rien moins que l\u2019agression militaire directe contre la Syrie, dont les opinions publiques ne voulaient pas et que Barak Obama avait d\u00fb diff\u00e9rer \u00e0 l\u2019\u00e9t\u00e9 2013, au grand dam de Fran\u00e7ois Hollande, qu\u2019ils nous revendent \u00e0 pr\u00e9sent au pr\u00e9texte de la lutte contre l\u2019EI. \u00ab De la chasse aux gazeurs \u00bb  \u00e0 la chasse \u00ab aux coupeurs de t\u00eates \u00bb, Ils n\u2019ont fait que changer de \u00ab provocation \u00bb, de sc\u00e9nario et d\u2019argumentaire.  Il ne fait gu\u00e8re de doute que La zone tampon actuellement occup\u00e9e par l\u2019EI, enfin mise sous contr\u00f4le US, les hostilit\u00e9s directes contre la Syrie ne seront plus qu\u2019une question de jours et de pr\u00e9texte. Ils ont d\u2019ailleurs d\u00e9j\u00e0 commenc\u00e9 \u00e0 en \u00e9laborer leur abominable argumentaire justificatif : \u00ab Tout cela serait la faute \u00e0 Bachar \u00bb.  Ils auraient pu, tout simplement, ils les avaient identifi\u00e9s, ont-ils dit, appr\u00e9hender ou punir les coupables des d\u00e9capitations.  Mais la responsabilit\u00e9 en la mati\u00e8re n\u2019est pas individuelle, elle est politique c\u2019est-\u00e0-dire collective. Punir le monstre, d\u00e9truire l\u2019EI, pourquoi pas, cela se con\u00e7oit et peut se justifier. Dans ce cas la logique et l\u2019honneur eurent voulu qu\u2019ils fassent une alliance au moins circonstancielle avec Bachar Al Assad, qui lui combat le monstre depuis trois ans d\u00e9j\u00e0.  Mais ils ne le veulent pas. Et savez-vous peuples am\u00e9ricains et britanniques, mais fran\u00e7ais aussi et tous ceux, occidentaux, que leurs dirigeants pr\u00e9cipitent dans cette aventure, savez-vous pourquoi ils ne veulent pas s\u2019allier avec Bachar Al Assad dans cette lutte f\u00e9roce ? Parce que ce serait reconna\u00eetre \u00e0 la face du monde leur grande perfidie et leur criminelle conduite, eux qui ont en quelque sorte sorti le monstre de leur cuisse, qui l\u2019ont allait\u00e9 et sustent\u00e9, expr\u00e8s pour d\u00e9truire la Syrie la\u00efque multiconfessionnelle du parti Baas Syrien.  Ce serait reconnaitre leur crime immense et admettre qu\u2019il est la cause originelle des cons\u00e9quences d\u00e9sastreuses auxquelles nous voil\u00e0 confront\u00e9s. Mais ce serait de plus les mettre en situation de devoir renoncer illico \u00e0 poursuivre leurs entreprises criminelles contre la Syrie et l\u2019Iran. Or, ils y tiennent absolument, \u00e0 d\u00e9truire tuer, semer la d\u00e9solation dans tout le Proche et Moyen-Orient, afin de dicter leur loi et de contr\u00f4ler \u00e0 leur guise les richesses p\u00e9troli\u00e8res et \u00ab gaz\u00e9\u00eff\u00e8res \u00bb de cette r\u00e9gion du monde.  Peuples vos dirigeants veulent une fois encore vous tromper et vous abuser. Accepterez-vous \u00e0 l\u2019automne 2014 ce que vous refusiez \u00e0 l\u2019\u00e9t\u00e9 2013 ? Accepterez-vous que la coalition sous \u00e9gide des USA frappe la Syrie La\u00efque du Pr\u00e9sident Assad, au pr\u00e9texte que les assassins qu\u2019elle avait lanc\u00e9 \u00e0 ses trousses, sont devenus fous et ont d\u00e9capit\u00e9s des citoyens Britanniques am\u00e9ricains ou Fran\u00e7ais ? Le proc\u00e9d\u00e9 est honteux. Le pr\u00e9texte est aussi ind\u00e9cent et plus grossier encore que celui des pr\u00e9tendues attaques chimiques de 2013. Nous voulons faire confiance aux opinions publiques occidentales, elles ne donneront pas leur aval aux menteurs et aux assassins qui les dirigent.  Dimanche 28 septembre 2014.       ADDITIF      (Dimanche 28 septembre 2014. 22 heures)  Invit\u00e9 ce soir du journal de 20 heures sur France 2, Laurent Fabius a r\u00e9pondu \u00e0 la question du pr\u00e9sentateur : \u00ab Pourquoi la France n\u2019intervient-elle pas en Syrie ? \u00bb \u00ab Parce que nous nous sommes r\u00e9partis les taches. Les am\u00e9ricains bombardent, nous nous soutenons surtout l\u2019opposition mod\u00e9r\u00e9e ( ?). Parce que les portions de territoires lib\u00e9r\u00e9es par \u00ab Daaaesh \u00bb (Fabius est seul \u00e0 s\u2019obstiner \u00e0 l\u2019appeler ainsi), il est hors de question que ce soit Bachar Al Assad qui les reprenne. Lui c\u2019est un dictateur. \u00bb  1)   Aucune consid\u00e9ration d\u2019\u00e9thique ni de droit international dans la position de Fabius, mais de simples consid\u00e9rations de \u00ab division des taches \u00bb. Trouvez-jamais r\u00e9ponse plus cynique.  2)   C\u2019est quoi donc une opposition mod\u00e9r\u00e9e qui recours \u00e0 la lutte arm\u00e9e et fait appel \u00e0 l\u2019intervention \u00e9trang\u00e8re ?  3)   Enfin, vous le voyez, l\u2019explication du ministre fran\u00e7ais des affaires \u00e9trang\u00e8res confirme enti\u00e8rement ce que nous avons \u00e9crit ci-dessus et publi\u00e9 ce matin, sur le statut futur des territoires d\u2019o\u00f9 l\u2019EI sera chass\u00e9e.   Laurent Fabius dit que Bachar Al Assad ne doit pas r\u00e9occuper les portions de territoires lib\u00e9r\u00e9es par l\u2019EI. Et pourquoi donc ne le devrait-il pas ? Parce que d\u2019autres voleurs entendent s\u2019installer aux lieux et places de l\u2019EI. Il faut dire que c\u2019est une r\u00e9gion de production de p\u00e9trole. Le p\u00e9trole, encore et toujours.<\/p>\n","protected":false},"excerpt":{"rendered":"<p>ALERTE !APPEL A LA VIGILANCE DES PEUPLES. Au d\u00e9but des ann\u00e9es 2000, sous la conduite de l\u2019administration am\u00e9ricaine de Bush [&hellip;]<\/p>\n","protected":false},"author":1,"featured_media":0,"comment_status":"open","ping_status":"open","sticky":false,"template":"","format":"standard","meta":{"sfsi_plus_gutenberg_text_before_share":"","sfsi_plus_gutenberg_show_text_before_share":"","sfsi_plus_gutenberg_icon_type":"","sfsi_plus_gutenberg_icon_alignemt":"","sfsi_plus_gutenburg_max_per_row":"","site-sidebar-layout":"default","site-content-layout":"","ast-site-content-layout":"default","site-content-style":"default","site-sidebar-style":"default","ast-global-header-display":"","ast-banner-title-visibility":"","ast-main-header-display":"","ast-hfb-above-header-display":"","ast-hfb-below-header-display":"","ast-hfb-mobile-header-display":"","site-post-title":"","ast-breadcrumbs-content":"","ast-featured-img":"","footer-sml-layout":"","ast-disable-related-posts":"","theme-transparent-header-meta":"","adv-header-id-meta":"","stick-header-meta":"","header-above-stick-meta":"","header-main-stick-meta":"","header-below-stick-meta":"","astra-migrate-meta-layouts":"default","ast-page-background-enabled":"default","ast-page-background-meta":{"desktop":{"background-color":"var(--ast-global-color-4)","background-image":"","background-repeat":"repeat","background-position":"center center","background-size":"auto","background-attachment":"scroll","background-type":"","background-media":"","overlay-type":"","overlay-color":"","overlay-opacity":"","overlay-gradient":""},"tablet":{"background-color":"","background-image":"","background-repeat":"repeat","background-position":"center center","background-size":"auto","background-attachment":"scroll","background-type":"","background-media":"","overlay-type":"","overlay-color":"","overlay-opacity":"","overlay-gradient":""},"mobile":{"background-color":"","background-image":"","background-repeat":"repeat","background-position":"center center","background-size":"auto","background-attachment":"scroll","background-type":"","background-media":"","overlay-type":"","overlay-color":"","overlay-opacity":"","overlay-gradient":""}},"ast-content-background-meta":{"desktop":{"background-color":"var(--ast-global-color-5)","background-image":"","background-repeat":"repeat","background-position":"center center","background-size":"auto","background-attachment":"scroll","background-type":"","background-media":"","overlay-type":"","overlay-color":"","overlay-opacity":"","overlay-gradient":""},"tablet":{"background-color":"var(--ast-global-color-5)","background-image":"","background-repeat":"repeat","background-position":"center center","background-size":"auto","background-attachment":"scroll","background-type":"","background-media":"","overlay-type":"","overlay-color":"","overlay-opacity":"","overlay-gradient":""},"mobile":{"background-color":"var(--ast-global-color-5)","background-image":"","background-repeat":"repeat","background-position":"center center","background-size":"auto","background-attachment":"scroll","background-type":"","background-media":"","overlay-type":"","overlay-color":"","overlay-opacity":"","overlay-gradient":""}},"footnotes":""},"categories":[16],"tags":[],"class_list":["post-1216","post","type-post","status-publish","format-standard","hentry","category-archives-cms"],"_links":{"self":[{"href":"https:\/\/lavoiedessansvoix.fr\/lavoie\/wp-json\/wp\/v2\/posts\/1216","targetHints":{"allow":["GET"]}}],"collection":[{"href":"https:\/\/lavoiedessansvoix.fr\/lavoie\/wp-json\/wp\/v2\/posts"}],"about":[{"href":"https:\/\/lavoiedessansvoix.fr\/lavoie\/wp-json\/wp\/v2\/types\/post"}],"author":[{"embeddable":true,"href":"https:\/\/lavoiedessansvoix.fr\/lavoie\/wp-json\/wp\/v2\/users\/1"}],"replies":[{"embeddable":true,"href":"https:\/\/lavoiedessansvoix.fr\/lavoie\/wp-json\/wp\/v2\/comments?post=1216"}],"version-history":[{"count":0,"href":"https:\/\/lavoiedessansvoix.fr\/lavoie\/wp-json\/wp\/v2\/posts\/1216\/revisions"}],"wp:attachment":[{"href":"https:\/\/lavoiedessansvoix.fr\/lavoie\/wp-json\/wp\/v2\/media?parent=1216"}],"wp:term":[{"taxonomy":"category","embeddable":true,"href":"https:\/\/lavoiedessansvoix.fr\/lavoie\/wp-json\/wp\/v2\/categories?post=1216"},{"taxonomy":"post_tag","embeddable":true,"href":"https:\/\/lavoiedessansvoix.fr\/lavoie\/wp-json\/wp\/v2\/tags?post=1216"}],"curies":[{"name":"wp","href":"https:\/\/api.w.org\/{rel}","templated":true}]}}