{"id":1215,"date":"2014-09-29T08:07:00","date_gmt":"2014-09-29T06:07:00","guid":{"rendered":"https:\/\/lavoiedessansvoix.fr\/lavoie\/2014\/09\/29\/archive-le-senat-bascule-a-droite-ou-donc-est-le-probleme\/"},"modified":"2014-09-29T08:07:00","modified_gmt":"2014-09-29T06:07:00","slug":"archive-le-senat-bascule-a-droite-ou-donc-est-le-probleme","status":"publish","type":"post","link":"https:\/\/lavoiedessansvoix.fr\/lavoie\/2014\/09\/29\/archive-le-senat-bascule-a-droite-ou-donc-est-le-probleme\/","title":{"rendered":"LE S\u00c9NAT \u00ab BASCULE \u00bb A DROITE\u2026 OU DONC EST LE PROBL\u00c8ME ?"},"content":{"rendered":"<p>LE S\u00c9NAT \u00ab BASCULE \u00bb A DROITE\u2026 OU DONC EST LE PROBL\u00c8ME ?   J\u2019allais ce matin \u00e0 la maison de la presse o\u00f9 je vis, amus\u00e9, la \u00ab une \u00bb du journal l\u2019Humanit\u00e9 qui faisait grief \u00e0 Manuel Valls et Fran\u00e7ois hollande d\u2019avoir \u00ab livr\u00e9 le S\u00e9nat \u00e0 la droite sur un plateau \u00bb.  Le S\u00e9nat \u00ab bascule \u00bb \u00e0 droite ? En voil\u00e0 donc une grande affaire ! \u00ab Basculer \u00bb le grand mot. Il n\u2019y a rien besoin de basculer du tout. Ne vous en \u00e9tiez-vous pas rendu compte camarades que tout est \u00e0 droite dans ce pays m\u00eame \u00ab la Gauche \u00bb?  Des si\u00e8ges sont pass\u00e9s d\u2019un parti \u00e0 l\u2019autre, du PS \u00e0 l\u2019UMP, le pr\u00e9sident du S\u00e9nat n\u2019aura plus le label \u00ab socialiste \u00bb. Question d\u2019\u00e9tiquettes, de coteries, d\u2019int\u00e9r\u00eats personnels ou de partis. Mais qu\u2019elle importance pour les Fran\u00e7ais, pour les \u00e9lecteurs, pour les salari\u00e9s ? Qu\u2019est-ce que cela change aux orientations politiques g\u00e9n\u00e9rales ? Rien ! Rien de rien !Le S\u00e9nat passe \u00e0 droite, mais la politique \u00e9conomique et sociale de la France est d\u00e9j\u00e0 tellement \u00e0 droite, comment pourraient-elles l\u2019\u00eatre plus ?  Patrick Seignon. \u00ab lavoiedessansvoix.fr. Lundi 29 septembre 2014.<\/p>\n","protected":false},"excerpt":{"rendered":"<p>LE S\u00c9NAT \u00ab BASCULE \u00bb A DROITE\u2026 OU DONC EST LE PROBL\u00c8ME ? J\u2019allais ce matin \u00e0 la maison de [&hellip;]<\/p>\n","protected":false},"author":1,"featured_media":0,"comment_status":"open","ping_status":"open","sticky":false,"template":"","format":"standard","meta":{"sfsi_plus_gutenberg_text_before_share":"","sfsi_plus_gutenberg_show_text_before_share":"","sfsi_plus_gutenberg_icon_type":"","sfsi_plus_gutenberg_icon_alignemt":"","sfsi_plus_gutenburg_max_per_row":"","site-sidebar-layout":"default","site-content-layout":"","ast-site-content-layout":"default","site-content-style":"default","site-sidebar-style":"default","ast-global-header-display":"","ast-banner-title-visibility":"","ast-main-header-display":"","ast-hfb-above-header-display":"","ast-hfb-below-header-display":"","ast-hfb-mobile-header-display":"","site-post-title":"","ast-breadcrumbs-content":"","ast-featured-img":"","footer-sml-layout":"","ast-disable-related-posts":"","theme-transparent-header-meta":"","adv-header-id-meta":"","stick-header-meta":"","header-above-stick-meta":"","header-main-stick-meta":"","header-below-stick-meta":"","astra-migrate-meta-layouts":"default","ast-page-background-enabled":"default","ast-page-background-meta":{"desktop":{"background-color":"var(--ast-global-color-4)","background-image":"","background-repeat":"repeat","background-position":"center center","background-size":"auto","background-attachment":"scroll","background-type":"","background-media":"","overlay-type":"","overlay-color":"","overlay-opacity":"","overlay-gradient":""},"tablet":{"background-color":"","background-image":"","background-repeat":"repeat","background-position":"center center","background-size":"auto","background-attachment":"scroll","background-type":"","background-media":"","overlay-type":"","overlay-color":"","overlay-opacity":"","overlay-gradient":""},"mobile":{"background-color":"","background-image":"","background-repeat":"repeat","background-position":"center center","background-size":"auto","background-attachment":"scroll","background-type":"","background-media":"","overlay-type":"","overlay-color":"","overlay-opacity":"","overlay-gradient":""}},"ast-content-background-meta":{"desktop":{"background-color":"var(--ast-global-color-5)","background-image":"","background-repeat":"repeat","background-position":"center center","background-size":"auto","background-attachment":"scroll","background-type":"","background-media":"","overlay-type":"","overlay-color":"","overlay-opacity":"","overlay-gradient":""},"tablet":{"background-color":"var(--ast-global-color-5)","background-image":"","background-repeat":"repeat","background-position":"center center","background-size":"auto","background-attachment":"scroll","background-type":"","background-media":"","overlay-type":"","overlay-color":"","overlay-opacity":"","overlay-gradient":""},"mobile":{"background-color":"var(--ast-global-color-5)","background-image":"","background-repeat":"repeat","background-position":"center center","background-size":"auto","background-attachment":"scroll","background-type":"","background-media":"","overlay-type":"","overlay-color":"","overlay-opacity":"","overlay-gradient":""}},"footnotes":""},"categories":[16],"tags":[],"class_list":["post-1215","post","type-post","status-publish","format-standard","hentry","category-archives-cms"],"_links":{"self":[{"href":"https:\/\/lavoiedessansvoix.fr\/lavoie\/wp-json\/wp\/v2\/posts\/1215","targetHints":{"allow":["GET"]}}],"collection":[{"href":"https:\/\/lavoiedessansvoix.fr\/lavoie\/wp-json\/wp\/v2\/posts"}],"about":[{"href":"https:\/\/lavoiedessansvoix.fr\/lavoie\/wp-json\/wp\/v2\/types\/post"}],"author":[{"embeddable":true,"href":"https:\/\/lavoiedessansvoix.fr\/lavoie\/wp-json\/wp\/v2\/users\/1"}],"replies":[{"embeddable":true,"href":"https:\/\/lavoiedessansvoix.fr\/lavoie\/wp-json\/wp\/v2\/comments?post=1215"}],"version-history":[{"count":0,"href":"https:\/\/lavoiedessansvoix.fr\/lavoie\/wp-json\/wp\/v2\/posts\/1215\/revisions"}],"wp:attachment":[{"href":"https:\/\/lavoiedessansvoix.fr\/lavoie\/wp-json\/wp\/v2\/media?parent=1215"}],"wp:term":[{"taxonomy":"category","embeddable":true,"href":"https:\/\/lavoiedessansvoix.fr\/lavoie\/wp-json\/wp\/v2\/categories?post=1215"},{"taxonomy":"post_tag","embeddable":true,"href":"https:\/\/lavoiedessansvoix.fr\/lavoie\/wp-json\/wp\/v2\/tags?post=1215"}],"curies":[{"name":"wp","href":"https:\/\/api.w.org\/{rel}","templated":true}]}}