{"id":1211,"date":"2014-10-02T07:55:00","date_gmt":"2014-10-02T05:55:00","guid":{"rendered":"https:\/\/lavoiedessansvoix.fr\/lavoie\/2014\/10\/02\/archive-professions-reglementees-le-subterfuge\/"},"modified":"2014-10-02T07:55:00","modified_gmt":"2014-10-02T05:55:00","slug":"archive-professions-reglementees-le-subterfuge","status":"publish","type":"post","link":"https:\/\/lavoiedessansvoix.fr\/lavoie\/2014\/10\/02\/archive-professions-reglementees-le-subterfuge\/","title":{"rendered":"PROFESSIONS R\u00c9GLEMENT\u00c9ES, LE SUBTERFUGE"},"content":{"rendered":"<p>PROFESSIONS R\u00c9GLEMENT\u00c9ES : LE SUBTERFUGE     Salari\u00e9s mal pay\u00e9s et de plus en plus r\u00e9duits aux petits boulots, aux CDD,, agriculteurs aux abois, familles inqui\u00e8tes, ch\u00f4mage end\u00e9mique, croissance z\u00e9ro, record de la dette publique, pression fiscale intol\u00e9rable, poursuite de la d\u00e9sindustrialisation, politique ext\u00e9rieure agressive qui accroit le danger de la France. Les sujets d\u2019angoisses et de m\u00e9contentements sont multiples et nombreuses les professions et couches de la population touch\u00e9es. Cela ne suffisait-il pas, fallait-il vraiment  que  L\u2019ex\u00e9cutif fran\u00e7ais s\u2019attire maintenant les foudres des professions lib\u00e9rales \u00ab dites r\u00e9glement\u00e9es \u00bb ?   La comp\u00e9titivit\u00e9 des entreprises qui est la priorit\u00e9 du gouvernement, ce n\u2019est rien autre que la baisses de tous les \u00e9l\u00e9ments qui constituent le revenus salarial : salaires, prestations sociales et familiales, etc.  Or, il y a deux types d\u2019instruments pour faire baisser les salaires.  1)   La r\u00e9duction directe des salaires et des charges (par la pression du ch\u00f4mage, les d\u00e9localisations, le chantage patronal \u00e0 la cessation d\u2019activit\u00e9, la r\u00e9glementation coercitive du ch\u00f4mage, les lois et d\u00e9crets, anti sociaux etc\u2026  2)   La baisse de la \u00ab valeur \u00bb du salaire. C\u2019est-\u00e0-dire celle de la valeur des marchandises et services qui constituent l\u2019essentiel de la \u00ab consommation des m\u00e9nages \u00bb comme ils disent.  L\u2019attaque contre les revenus des professions lib\u00e9rales est de cet ordre. Ne l\u2019ont-ils pas d\u2019ailleurs clairement exprim\u00e9 : \u00ab rendre du pouvoir d\u2019achat aux fran\u00e7ais \u00bb. Non, bien s\u00fbr, en faisant croitre le pouvoir d\u2019achat des salaires, incompatible avec les objectifs de comp\u00e9titivit\u00e9, mais en faisant baisser les prix de certains services et prestations  De plus ce stratag\u00e8me a un autre avantage, en mati\u00e8re de \u00ab Communication \u00bb. Les gens modestes se disent que se sont toujours eux \u00ab les payeurs \u00bb, que les riches sont \u00e9pargn\u00e9s. Or, les notaires les avocats, les dentistes les pharmaciens et les Taxis, aux yeux des gens modestes, ne sont-ce pas d\u00e9j\u00e0 des riches ?   Les autres, les vrais riches, ceux qui ne tirent leurs revenus d\u2019aucun travail, mais seulement de leurs capitaux, titres et actions, le sont tellement et sont si inaccessibles qu\u2019ils \u00e9chappent \u00e0 l\u2019entendement et \u00e0 la vigilance des \u00ab pauvres \u00bb.   Fran\u00e7ois Hollande, c\u2019\u00e9tait un lendemain de f\u00eate, avait dit que la finance \u00e9tait son adversaire. Qui lui reprochera de s\u2019\u00eatre d\u00e9dit ? Voyez, il s\u2019attaque \u00ab aux riches \u00bb. Cette \u00ab bourrade \u00bb du pouvoir politique contre les professions r\u00e9glement\u00e9es a des allures de subterfuge.  L\u2019objectif c\u2019est de r\u00e9duire la part des revenus salariaux dans le partage de la richesse produite afin de faire croitre le revenu du capital. C\u2019est ce que l\u2019on appelle \u00ab am\u00e9lioration de la comp\u00e9titivit\u00e9, alors tout est bon, pour \u00e9luder le seul vrai probl\u00e8me qui vaille, celui du partage de la richesse entre travail et capital.  eudi 2 octobre 2014<\/p>\n","protected":false},"excerpt":{"rendered":"<p>PROFESSIONS R\u00c9GLEMENT\u00c9ES : LE SUBTERFUGE Salari\u00e9s mal pay\u00e9s et de plus en plus r\u00e9duits aux petits boulots, aux CDD,, agriculteurs [&hellip;]<\/p>\n","protected":false},"author":1,"featured_media":0,"comment_status":"open","ping_status":"open","sticky":false,"template":"","format":"standard","meta":{"sfsi_plus_gutenberg_text_before_share":"","sfsi_plus_gutenberg_show_text_before_share":"","sfsi_plus_gutenberg_icon_type":"","sfsi_plus_gutenberg_icon_alignemt":"","sfsi_plus_gutenburg_max_per_row":"","site-sidebar-layout":"default","site-content-layout":"","ast-site-content-layout":"default","site-content-style":"default","site-sidebar-style":"default","ast-global-header-display":"","ast-banner-title-visibility":"","ast-main-header-display":"","ast-hfb-above-header-display":"","ast-hfb-below-header-display":"","ast-hfb-mobile-header-display":"","site-post-title":"","ast-breadcrumbs-content":"","ast-featured-img":"","footer-sml-layout":"","ast-disable-related-posts":"","theme-transparent-header-meta":"","adv-header-id-meta":"","stick-header-meta":"","header-above-stick-meta":"","header-main-stick-meta":"","header-below-stick-meta":"","astra-migrate-meta-layouts":"default","ast-page-background-enabled":"default","ast-page-background-meta":{"desktop":{"background-color":"var(--ast-global-color-4)","background-image":"","background-repeat":"repeat","background-position":"center center","background-size":"auto","background-attachment":"scroll","background-type":"","background-media":"","overlay-type":"","overlay-color":"","overlay-opacity":"","overlay-gradient":""},"tablet":{"background-color":"","background-image":"","background-repeat":"repeat","background-position":"center center","background-size":"auto","background-attachment":"scroll","background-type":"","background-media":"","overlay-type":"","overlay-color":"","overlay-opacity":"","overlay-gradient":""},"mobile":{"background-color":"","background-image":"","background-repeat":"repeat","background-position":"center center","background-size":"auto","background-attachment":"scroll","background-type":"","background-media":"","overlay-type":"","overlay-color":"","overlay-opacity":"","overlay-gradient":""}},"ast-content-background-meta":{"desktop":{"background-color":"var(--ast-global-color-5)","background-image":"","background-repeat":"repeat","background-position":"center center","background-size":"auto","background-attachment":"scroll","background-type":"","background-media":"","overlay-type":"","overlay-color":"","overlay-opacity":"","overlay-gradient":""},"tablet":{"background-color":"var(--ast-global-color-5)","background-image":"","background-repeat":"repeat","background-position":"center center","background-size":"auto","background-attachment":"scroll","background-type":"","background-media":"","overlay-type":"","overlay-color":"","overlay-opacity":"","overlay-gradient":""},"mobile":{"background-color":"var(--ast-global-color-5)","background-image":"","background-repeat":"repeat","background-position":"center center","background-size":"auto","background-attachment":"scroll","background-type":"","background-media":"","overlay-type":"","overlay-color":"","overlay-opacity":"","overlay-gradient":""}},"footnotes":""},"categories":[16],"tags":[],"class_list":["post-1211","post","type-post","status-publish","format-standard","hentry","category-archives-cms"],"_links":{"self":[{"href":"https:\/\/lavoiedessansvoix.fr\/lavoie\/wp-json\/wp\/v2\/posts\/1211","targetHints":{"allow":["GET"]}}],"collection":[{"href":"https:\/\/lavoiedessansvoix.fr\/lavoie\/wp-json\/wp\/v2\/posts"}],"about":[{"href":"https:\/\/lavoiedessansvoix.fr\/lavoie\/wp-json\/wp\/v2\/types\/post"}],"author":[{"embeddable":true,"href":"https:\/\/lavoiedessansvoix.fr\/lavoie\/wp-json\/wp\/v2\/users\/1"}],"replies":[{"embeddable":true,"href":"https:\/\/lavoiedessansvoix.fr\/lavoie\/wp-json\/wp\/v2\/comments?post=1211"}],"version-history":[{"count":0,"href":"https:\/\/lavoiedessansvoix.fr\/lavoie\/wp-json\/wp\/v2\/posts\/1211\/revisions"}],"wp:attachment":[{"href":"https:\/\/lavoiedessansvoix.fr\/lavoie\/wp-json\/wp\/v2\/media?parent=1211"}],"wp:term":[{"taxonomy":"category","embeddable":true,"href":"https:\/\/lavoiedessansvoix.fr\/lavoie\/wp-json\/wp\/v2\/categories?post=1211"},{"taxonomy":"post_tag","embeddable":true,"href":"https:\/\/lavoiedessansvoix.fr\/lavoie\/wp-json\/wp\/v2\/tags?post=1211"}],"curies":[{"name":"wp","href":"https:\/\/api.w.org\/{rel}","templated":true}]}}