{"id":1210,"date":"2014-10-06T08:05:00","date_gmt":"2014-10-06T06:05:00","guid":{"rendered":"https:\/\/lavoiedessansvoix.fr\/lavoie\/2014\/10\/06\/archive-les-mousquetaires-de-la-droite-inventent-la-gauche-malgre-elle\/"},"modified":"2014-10-06T08:05:00","modified_gmt":"2014-10-06T06:05:00","slug":"archive-les-mousquetaires-de-la-droite-inventent-la-gauche-malgre-elle","status":"publish","type":"post","link":"https:\/\/lavoiedessansvoix.fr\/lavoie\/2014\/10\/06\/archive-les-mousquetaires-de-la-droite-inventent-la-gauche-malgre-elle\/","title":{"rendered":"LES MOUSQUETAIRES DE LA DROITE INVENTENT :  \u00ab LA GAUCHE MALGR\u00c9 ELLE \u00bb"},"content":{"rendered":"<p>LES MOUSQUETAIRES DE LA DROITE INVENTENT :  \u00ab LA GAUCHE MALGR\u00c9 ELLE \u00bb  Le m\u00e9contentement grandit dans le pays et la c\u00f4te de popularit\u00e9 de Fran\u00e7ois Hollande est au plancher. A d\u00e9faut d\u2019une v\u00e9ritable opposition \u00e0 la gauche du gouvernement, c\u2019est le \u00ab Front National qui engrange les b\u00e9n\u00e9fices \u00e9lectoraux de la grogne populaire. La situation devient dangereuse, alors on assiste \u00e0 des grandes man\u0153uvres politiciennes dont la finalit\u00e9, au-del\u00e0 de leurs affirmations propres, est de canaliser la col\u00e8re qui monte dans les voies institutionnelles et de prot\u00e9ger la fonction pr\u00e9sidentielle et les institutions de la 5\u00e8me R\u00e9publique ? Le front de gauche englu\u00e9 dans ses contradictions internes peine \u00e0 s\u2019imposer comme une v\u00e9ritable opposition au gouvernement, cela ouvre une fen\u00eatre au tandem Hamon\/Montebourg qui tente d\u00e9s lors d\u2019incarner cette gauche de la gauche. Cela explique aussi le tonitruant retour des trois leaders de \u00ab la droite institutionnelle qui s\u2019efforcent de restaurer, coute que coute, la \u00ab confrontation \u00bb \u00ab droite gauche \u00bb n\u00e9cessaire au bon fonctionnement de l\u2019Alternance.  Fran\u00e7ois Hollande a fix\u00e9 l\u2019objectif de 50 milliards d\u2019\u00e9conomies ce qui  implique une politique d\u2019aust\u00e9rit\u00e9 sans pr\u00e9c\u00e9dent, et comme priorit\u00e9 celle de la comp\u00e9titivit\u00e9 des entreprises. A ceux dans les couches populaires et \u00e0 gauche qui seraient tent\u00e9s de dire que cela est trop, les mousquetaires de la droite, arrogants et provocateurs, r\u00e9pondent \u00ab que nenni ! Ce n\u2019est pas assez \u00bb. Fran\u00e7ois Fillon veut 110 milliards d\u2019\u00e9conomies en cinq ans, et la suppression de 600 000 fonctionnaires, la remise en cause \u00ab du droit du sol \u00bb et la mise en liquidation de la \u00ab loi des 35 heures \u00bb. Recul de l\u2019\u00e2ge de la retraite \u00e0 65 ans, d\u00e9gressivit\u00e9 des allocations ch\u00f4mage, mais : augmentation de 3, 75 % des taux sup\u00e9rieurs de la TVA pour financer une nouvelle baisse de 50 milliards des charges des entreprises, augmentation de l\u2019imp\u00f4t sur les m\u00e9nages et baisse de l\u2019imp\u00f4t sur les soci\u00e9t\u00e9s, la suppression de la taxe \u00e0 75 % et celle de \u00ab l&rsquo;imp\u00f4t sur la fortune \u00bb.  Alors Sarkozy rentre en sc\u00e8ne, et que propose-t-il le bougre ? \u00ab Le recul de l\u2019\u00e2ge de d\u00e9part \u00e0 la retraites, 63 ans rapidement \u00bb,  Ce qui signifie que ce n\u2019est qu\u2019une \u00e9tape vers les 65 ans ou plus comme Fillon. Il \u00ab souhaite revenir au non-remplacement d&rsquo;un fonctionnaire sur deux partants \u00e0 la retraite\u00bb dans toute la fonction publique, nationale, territoriale et hospitali\u00e8re \u00bb, ce qui \u00e9quivaut \u00e0 l\u2019objectif des 600 000 postes \u00e0 supprimer selon le m\u00eame Fillon. Il propose que \u00ab d&rsquo;ici \u00e0 cinq ans, il ne soit plus possible de consacrer plus de 50% du PIB \u00e0 la d\u00e9pense publique. Ce qui est une mani\u00e8re \u00ab faux-cul \u00bb de fixer sans le chiffrer le m\u00eame niveau \u00ab\u00a0d\u2019\u00e9conomies drastiques\u00a0\u00bb. Et bien entendu la m\u00eame m\u00e9thode de liquidation de la loi des 35 heures par de pr\u00e9tendues n\u00e9gociations d\u2019entreprises.  Et voil\u00e0 Zorro, l\u2019homme providentiel que \u00ab le syst\u00e8me est en train de nous fabriquer \u00bb, Alain Jupp\u00e9 pour ne pas le nommer, qui va sauver \u00ab la droite \u00bb de la d\u00e9route, et la France de la banqueroute. Et que propose-t-il tant le troisi\u00e8me comp\u00e8re ? La m\u00eame bouillie que les deux pr\u00e9c\u00e9dents bien s\u00fbr.\u00a0\u00bbSortir du carcan\u00a0\u00bb des 35 heures \u00bb, \u00ab r\u00e9ductions des d\u00e9penses publiques : arriver \u00e0 50% du PIB annuel en 5 ans, contre 55% aujourd&rsquo;hui \u00bb Pour atteindre cet objectif  il veut bien s\u00fbr agir \u00ab sur les d\u00e9penses sociales\u00a0\u00bb et annonce qu&rsquo;il veut r\u00e9duire les allocations ch\u00f4mage \u00bb. Affirme qu\u2019il ne remplacera pas un fonctionnaire sur deux. \u00bb (Source \u00ab Nouvel Observateur \u00bb). Cela ne ressemble-t-il pas, jusque dans la forme, aux \u00ab propositions \u00bb de Sarkozy  elles-m\u00eames s\u0153urs jumelles des \u00ab propositions \u00bb de Fran\u00e7ois Fillon ?    En fait chacun hausse le ton  \u00e0 sa mani\u00e8re. Ne se doivent-ils pas de prouver qu\u2019ils sont, les uns et les autres, vraiment \u00ab \u00e0 droite \u00bb quand \u00ab la gauche \u00bb fait de mani\u00e8re cynique, une brutale politique de droite lib\u00e9rale d\u00e9complex\u00e9e ? Comme \u00ab la cohabitation politique \u00bb autrefois, la d\u00e9rive ultra-lib\u00e9rale \u00ab de la gauche \u00bb d\u2019aujourd\u2019hui confine \u00e0 \u00ab la confusion des genres \u00bb (comme disaitt Raymond Barre.). Il faut clarifier, diff\u00e9rencier \u00ab le sexe des choses \u00bb. 50 milliards d\u2019\u00e9conomies c\u2019est sans le moindre doute l\u2019aust\u00e9rit\u00e9 brutale, une vrai politique de droite agressive, une calamit\u00e9 sociale. Mais compar\u00e9 aux 110 milliards qu\u2019annonce Fillon, ne n\u2019apparait-elle pas  comme  \u00ab une douce politique \u00ab de gauche ? N\u2019est-ce pas leur intention cach\u00e9e de rendre service au pr\u00e9sident de la R\u00e9publique de leurrer la critique \u00e0 sa gauche en la fixant sur les leaders de la droite ? N\u2019est-ce pas rendre service \u00e0 l\u2019alternance politique et aux institutions, que de d\u00e9montrer par la fuite en avant et la surench\u00e8re antisociale \u00e0 quel point la politique de Hollande est encore \u00ab de gauche \u00bb malgr\u00e9  tout ?   Lundi 6 octobre 2014.<\/p>\n","protected":false},"excerpt":{"rendered":"<p>LES MOUSQUETAIRES DE LA DROITE INVENTENT : \u00ab LA GAUCHE MALGR\u00c9 ELLE \u00bb Le m\u00e9contentement grandit dans le pays et [&hellip;]<\/p>\n","protected":false},"author":1,"featured_media":0,"comment_status":"open","ping_status":"open","sticky":false,"template":"","format":"standard","meta":{"sfsi_plus_gutenberg_text_before_share":"","sfsi_plus_gutenberg_show_text_before_share":"","sfsi_plus_gutenberg_icon_type":"","sfsi_plus_gutenberg_icon_alignemt":"","sfsi_plus_gutenburg_max_per_row":"","site-sidebar-layout":"default","site-content-layout":"","ast-site-content-layout":"default","site-content-style":"default","site-sidebar-style":"default","ast-global-header-display":"","ast-banner-title-visibility":"","ast-main-header-display":"","ast-hfb-above-header-display":"","ast-hfb-below-header-display":"","ast-hfb-mobile-header-display":"","site-post-title":"","ast-breadcrumbs-content":"","ast-featured-img":"","footer-sml-layout":"","ast-disable-related-posts":"","theme-transparent-header-meta":"","adv-header-id-meta":"","stick-header-meta":"","header-above-stick-meta":"","header-main-stick-meta":"","header-below-stick-meta":"","astra-migrate-meta-layouts":"default","ast-page-background-enabled":"default","ast-page-background-meta":{"desktop":{"background-color":"var(--ast-global-color-4)","background-image":"","background-repeat":"repeat","background-position":"center center","background-size":"auto","background-attachment":"scroll","background-type":"","background-media":"","overlay-type":"","overlay-color":"","overlay-opacity":"","overlay-gradient":""},"tablet":{"background-color":"","background-image":"","background-repeat":"repeat","background-position":"center center","background-size":"auto","background-attachment":"scroll","background-type":"","background-media":"","overlay-type":"","overlay-color":"","overlay-opacity":"","overlay-gradient":""},"mobile":{"background-color":"","background-image":"","background-repeat":"repeat","background-position":"center center","background-size":"auto","background-attachment":"scroll","background-type":"","background-media":"","overlay-type":"","overlay-color":"","overlay-opacity":"","overlay-gradient":""}},"ast-content-background-meta":{"desktop":{"background-color":"var(--ast-global-color-5)","background-image":"","background-repeat":"repeat","background-position":"center center","background-size":"auto","background-attachment":"scroll","background-type":"","background-media":"","overlay-type":"","overlay-color":"","overlay-opacity":"","overlay-gradient":""},"tablet":{"background-color":"var(--ast-global-color-5)","background-image":"","background-repeat":"repeat","background-position":"center center","background-size":"auto","background-attachment":"scroll","background-type":"","background-media":"","overlay-type":"","overlay-color":"","overlay-opacity":"","overlay-gradient":""},"mobile":{"background-color":"var(--ast-global-color-5)","background-image":"","background-repeat":"repeat","background-position":"center center","background-size":"auto","background-attachment":"scroll","background-type":"","background-media":"","overlay-type":"","overlay-color":"","overlay-opacity":"","overlay-gradient":""}},"footnotes":""},"categories":[16],"tags":[],"class_list":["post-1210","post","type-post","status-publish","format-standard","hentry","category-archives-cms"],"_links":{"self":[{"href":"https:\/\/lavoiedessansvoix.fr\/lavoie\/wp-json\/wp\/v2\/posts\/1210","targetHints":{"allow":["GET"]}}],"collection":[{"href":"https:\/\/lavoiedessansvoix.fr\/lavoie\/wp-json\/wp\/v2\/posts"}],"about":[{"href":"https:\/\/lavoiedessansvoix.fr\/lavoie\/wp-json\/wp\/v2\/types\/post"}],"author":[{"embeddable":true,"href":"https:\/\/lavoiedessansvoix.fr\/lavoie\/wp-json\/wp\/v2\/users\/1"}],"replies":[{"embeddable":true,"href":"https:\/\/lavoiedessansvoix.fr\/lavoie\/wp-json\/wp\/v2\/comments?post=1210"}],"version-history":[{"count":0,"href":"https:\/\/lavoiedessansvoix.fr\/lavoie\/wp-json\/wp\/v2\/posts\/1210\/revisions"}],"wp:attachment":[{"href":"https:\/\/lavoiedessansvoix.fr\/lavoie\/wp-json\/wp\/v2\/media?parent=1210"}],"wp:term":[{"taxonomy":"category","embeddable":true,"href":"https:\/\/lavoiedessansvoix.fr\/lavoie\/wp-json\/wp\/v2\/categories?post=1210"},{"taxonomy":"post_tag","embeddable":true,"href":"https:\/\/lavoiedessansvoix.fr\/lavoie\/wp-json\/wp\/v2\/tags?post=1210"}],"curies":[{"name":"wp","href":"https:\/\/api.w.org\/{rel}","templated":true}]}}