{"id":1207,"date":"2014-10-19T16:36:00","date_gmt":"2014-10-19T14:36:00","guid":{"rendered":"https:\/\/lavoiedessansvoix.fr\/lavoie\/2014\/10\/19\/archive-le-mepris\/"},"modified":"2014-10-19T16:36:00","modified_gmt":"2014-10-19T14:36:00","slug":"archive-le-mepris","status":"publish","type":"post","link":"https:\/\/lavoiedessansvoix.fr\/lavoie\/2014\/10\/19\/archive-le-mepris\/","title":{"rendered":"LE M\u00c9PRIS"},"content":{"rendered":"<p>LE M\u00c9PRIS *   Nous n\u2019avons pas lu, vous vous en doutez le livre de Val\u00e9rie Trierweiler, et nous ne le lirons pas. Il est de la m\u00eame veine orduri\u00e8re que celui, ant\u00e9rieur de Marcella Iacub. Pas plus que les pi\u00e8ges sexuels pour extorquer des confidences, les sales petites vengeances de l\u2019\u00e9go bless\u00e9 et des affaires sentimentales n\u2019ont \u00e0 faire dans la vie publique. Les uns et les unes insultent plus leurs auteurs que leur cible d\u00e9sign\u00e9e.  Toutefois, comme tout un chacun, nous n\u2019avons pu \u00e9chapper au tapage m\u00e9diatique qui a accompagn\u00e9 la sortie de ce \u00ab livre \u00bb et avons retenu quelques assertions souvent cit\u00e9es que l\u2019auteur pr\u00eate \u00e0 son ancien concubin. Nous pensons \u00e0 ce fameux \u00ab bon mot \u00bb, \u00ab les sans dents \u00bb, par lequel Fran\u00e7ois hollande est suppos\u00e9 d\u00e9signer les pauvres. Cette \u00ab plaisanterie \u00bb priv\u00e9e, devenue publique, cens\u00e9e illustrer le m\u00e9pris de l\u2019homme d\u2019\u00c9tat pour le peuple qu\u2019il gouverne rel\u00e8ve-t-elle de la r\u00e9alit\u00e9 ou du fantasme ? Sachant l\u2019humour parfois sarcastique que d\u2019aucun pr\u00eate au pr\u00e9sident, il n\u2019y a apr\u00e8s tout rien d\u2019impossible. Vrai ou faux, nous ne nous prononcerons pas, cela est de peu de cons\u00e9quence. Mais cela nous rappelle que nous avons-nous m\u00eame \u00e0 plusieurs reprises, dans un registre politique plus \u00e9lev\u00e9, signal\u00e9 ce que nous interpr\u00e9tions comme des marques de m\u00e9pris du Pr\u00e9sident de la r\u00e9publique \u00e0 l\u2019endroit \u00ab du populaire \u00bb. Ainsi avons-nous \u00e9crit par exemple \u00e0 propos du bilan des derni\u00e8res \u00e9lections municipales : \u00ab L\u2019intervention t\u00e9l\u00e9vis\u00e9e de Fran\u00e7ois Hollande, \u00e0 20 heures ce soir est un v\u00e9ritable crachat \u00e0 la face des \u00e9lecteurs m\u00e9contents. \u00bb (\u00ab 20 heures, le crachat \u00bb 31 mars 2014.) Ou plus r\u00e9cemment encore, c\u2019\u00e9tait \u00e0 la suite des d\u00e9clarations du ministre du travail qui d\u00e9j\u00e0 ciblaient les ch\u00f4meurs  -Ils ont de la suite dans les id\u00e9es &#8211; \u00ab Le proc\u00e9d\u00e9 est terrible, honteux. Ignominieusement insultant, profond\u00e9ment d\u00e9go\u00fbtant. Ouvriers, techniciens, cadres, agriculteurs, commer\u00e7ants, employ\u00e9s, salari\u00e9s, et ch\u00f4meurs bien entendu, vous tous, mes fr\u00e8res, mes camarades, qui aspiraient simplement \u00e0 gagner honn\u00eatement et d\u00e9cemment vos vies par le salaire de votre travail, souvenez-vous \u00e0 jamais de l\u2019innommable m\u00e9pris pour le monde du travail, de ces gens qui se disent \u00ab sociaux-d\u00e9mocrates \u00bb ou plus fr\u00e9quemment de \u00ab Gauche \u00bb (\u00ab Toutes hontes bues \u00bb. Mercredi 3 septembre 2014.)  Le petit tango catalan improvis\u00e9 par le trio Hollande Valls, Macron, \u00e0 propos des allocations ch\u00f4mage nous apparait comme une nouvelle marque de ce m\u00e9pris qui caract\u00e9rise ces hommes \u00e0 l\u2019endroit du peuple. Est-ce vraiment avec un tel stratag\u00e8me \u00e9cul\u00e9, et au moindre co\u00fbt que Fran\u00e7ois Hollande veut \u00ab gauchir \u00bb son image ? Mais pour qui donc nous prennent-ils ?  Valls et son comp\u00e8re Macron veulent remettre en cause, au d\u00e9triment des victimes que sont les ch\u00f4meurs,  les r\u00e8gles qui r\u00e9gissent l\u2019assurance ch\u00f4mage. Et Hollande \u00ab faux-cul \u00bb dit : \u00ab Non ! (\u00e7a fait chef) il n\u2019y aura pas de r\u00e9forme de l\u2019assurance ch\u00f4mage\u2026. Avant 2015.   Mais pourquoi \u00ab non \u00bb en ce cas ? Il aurait pu tout aussi bien dire oui, il y aura une r\u00e9forme de l\u2019assurance ch\u00f4mage mais en 2015 seulement. Voil\u00e0 le tour de passe-passe langagier par lequel Hollande a l\u2019outrecuidance de pr\u00e9tendre tromper l\u2019opinion.   N\u2019est-ce pas afficher beaucoup de m\u00e9pris \u00e0 leur endroit que de croire ses contemporains et concitoyens \u00ab pauvres \u00bb assez b\u00eates pour se laisser abuser par de telles illusions grossi\u00e8res avec leurs ficelles grosses comme des aussi\u00e8res ? \u00ab Sans dents \u00bb peut-\u00eatre mais non pas sans jugement.  Bien entendu tout le monde n\u2019est pas dupe, ni \u00ab \u00e0 gauche \u00bb ni \u00ab \u00e0 droite \u00bb, pour preuve l\u2019article de C\u00e9cile Cornudet paru dans \u00ab Les \u00c9chos \u00bb le 12 octobre, et que nous publions ci-dessous.  Lundi 13 octobre 2014. * Des ennuis techniques ont perturb\u00e9 nos publications   Assurance ch\u00f4mage : le couac qui sert Fran\u00e7ois Hollande    Cecile Cornudet \/ Editorialiste | Le 12\/10 \u00e0 19:07, mis \u00e0 jour \u00e0 19:35     Apr\u00e8s Manuel Valls, Emmanuel Macron, le ministre de l\u2019\u00c9conomie, s\u2019oppose au chef de l\u2019Etat sur l\u2019assurance ch\u00f4mage \u2026. tout en lui permettant d\u2019\u00eatre, pour la premi\u00e8re fois depuis deux ans, sur la ligne de sa gauche.  Le Premier ministre qui lance une id\u00e9e et ouvre un d\u00e9bat -la r\u00e9forme de l\u2019assurance ch\u00f4mage-, avant que le chef de l\u2019Etat ne le ferme aussit\u00f4t, cela s\u2019appelle une p\u00e9rip\u00e9tie gouvernementale. Un ministre de l\u2019\u00c9conomie qui fait rebondir l\u2019id\u00e9e deux jours plus tard, malgr\u00e9 le veto pr\u00e9sidentiel, cela ressemble \u00e0 une divergence de fond au sein du gouvernement. Alors que Bruxelles pousse Paris \u00e0 r\u00e9former, Emmanuel Macron a repris \u00e0 son compte ce dimanche l\u2019antienne vallsienne. \u00ab&#8201;L\u2019assurance ch\u00f4mage est en d\u00e9ficit de quatre milliards d\u2019euros ; quel responsable politique peut s\u2019en satisfaire ? Il y a eu une r\u00e9forme, elle est insuffisante&#8201;\u00bb, a-t-il indiqu\u00e9 au JDD en souhaitant un nouveau \u00ab&#8201;New Deal&#8201;\u00bb: la France \u00ab&#8201;intensifie&#8201;\u00bb les r\u00e9formes, l\u2019Europe relance l\u2019investissement.   Ces mots ont provoqu\u00e9 exactement la m\u00eame hostilit\u00e9 que ceux prononc\u00e9s par Manuel Valls peu avant. A l\u2019extr\u00eame gauche, chez les frondeurs, et plus largement dans l\u2019ensemble du parti socialiste. \u00ab&#8201;La gauche n\u2019a pas de tabous mais elle a quelques totems. Quand un pr\u00e9sident de la R\u00e9publique s\u2019exprime, les ministres appliquent&#8201;\u00bb, a d\u00e9clar\u00e9 Jean-Christophe Cambad\u00e9lis, le premier secr\u00e9taire, lors d\u2019un conseil national du PS. Ce sont des \u00ab&#8201;annonces fantasmes&#8201;\u00bb, a poursuivi Claude Bartolone, pr\u00e9sident de l\u2019Assembl\u00e9e nationale. \u00ab&#8201;Il faut savoir prendre le temps de la r\u00e9flexion&#8201;\u00bb, a jug\u00e9 Marisol Touraine, ministre des Affaires sociales.      \u00ab&#8201;Entrer dans la vall\u00e9e de la mort&#8201;\u00bb  Quelques poids lourds du gouvernement -Valls, Macron, mais aussi Le Guen- d\u00e9fendent, contre tous les autres et avec des mots chocs, l\u2019id\u00e9e que le pays doit se r\u00e9former ou mourir. R\u00e9former, &#8201;\u00abc\u2019est comme entrer dans la vall\u00e9e de la mort&#8201;\u00bb, a lanc\u00e9 Emmanuel Macron.   Des mots qui frappent, des micros qui s\u2019affolent, une gauche qui se d\u00e9sesp\u00e8re : rien n\u2019a donc chang\u00e9 depuis la \u00ab&#8201;clarification&#8201;\u00bb gouvernementale du mois d\u2019ao\u00fbt ? Si ! Un \u00e9l\u00e9ment majeur fait de l\u2019assurance ch\u00f4mage un \u00ab&#8201;couac&#8201;\u00bb d\u2019un nouveau type. Les ministres qui se d\u00e9marquent ne sont plus ceux qui veulent un virage \u00ab&#8201;\u00e0 gauche&#8201;\u00bb (Montebourg, Hamon), mais ceux qui en demandent un \u00ab&#8201;\u00e0 droite&#8201;\u00bb. Et pour Fran\u00e7ois Hollande, cela change tout. Pour la premi\u00e8re fois depuis son \u00e9lection, il se retrouve du c\u00f4t\u00e9 de sa gauche et des frondeurs, garant des tabous et des totems. Enfin recentr\u00e9.   A la veille de sa mi-mandat, Fran\u00e7ois Hollande aurait il trouv\u00e9 la recette du \u00ab&#8201;couac&#8201;\u00bb qui le sert (politiquement) ?  @Ccornudet<\/p>\n","protected":false},"excerpt":{"rendered":"<p>LE M\u00c9PRIS * Nous n\u2019avons pas lu, vous vous en doutez le livre de Val\u00e9rie Trierweiler, et nous ne le [&hellip;]<\/p>\n","protected":false},"author":1,"featured_media":0,"comment_status":"open","ping_status":"open","sticky":false,"template":"","format":"standard","meta":{"sfsi_plus_gutenberg_text_before_share":"","sfsi_plus_gutenberg_show_text_before_share":"","sfsi_plus_gutenberg_icon_type":"","sfsi_plus_gutenberg_icon_alignemt":"","sfsi_plus_gutenburg_max_per_row":"","site-sidebar-layout":"default","site-content-layout":"","ast-site-content-layout":"default","site-content-style":"default","site-sidebar-style":"default","ast-global-header-display":"","ast-banner-title-visibility":"","ast-main-header-display":"","ast-hfb-above-header-display":"","ast-hfb-below-header-display":"","ast-hfb-mobile-header-display":"","site-post-title":"","ast-breadcrumbs-content":"","ast-featured-img":"","footer-sml-layout":"","ast-disable-related-posts":"","theme-transparent-header-meta":"","adv-header-id-meta":"","stick-header-meta":"","header-above-stick-meta":"","header-main-stick-meta":"","header-below-stick-meta":"","astra-migrate-meta-layouts":"default","ast-page-background-enabled":"default","ast-page-background-meta":{"desktop":{"background-color":"var(--ast-global-color-4)","background-image":"","background-repeat":"repeat","background-position":"center center","background-size":"auto","background-attachment":"scroll","background-type":"","background-media":"","overlay-type":"","overlay-color":"","overlay-opacity":"","overlay-gradient":""},"tablet":{"background-color":"","background-image":"","background-repeat":"repeat","background-position":"center center","background-size":"auto","background-attachment":"scroll","background-type":"","background-media":"","overlay-type":"","overlay-color":"","overlay-opacity":"","overlay-gradient":""},"mobile":{"background-color":"","background-image":"","background-repeat":"repeat","background-position":"center center","background-size":"auto","background-attachment":"scroll","background-type":"","background-media":"","overlay-type":"","overlay-color":"","overlay-opacity":"","overlay-gradient":""}},"ast-content-background-meta":{"desktop":{"background-color":"var(--ast-global-color-5)","background-image":"","background-repeat":"repeat","background-position":"center center","background-size":"auto","background-attachment":"scroll","background-type":"","background-media":"","overlay-type":"","overlay-color":"","overlay-opacity":"","overlay-gradient":""},"tablet":{"background-color":"var(--ast-global-color-5)","background-image":"","background-repeat":"repeat","background-position":"center center","background-size":"auto","background-attachment":"scroll","background-type":"","background-media":"","overlay-type":"","overlay-color":"","overlay-opacity":"","overlay-gradient":""},"mobile":{"background-color":"var(--ast-global-color-5)","background-image":"","background-repeat":"repeat","background-position":"center center","background-size":"auto","background-attachment":"scroll","background-type":"","background-media":"","overlay-type":"","overlay-color":"","overlay-opacity":"","overlay-gradient":""}},"footnotes":""},"categories":[16],"tags":[],"class_list":["post-1207","post","type-post","status-publish","format-standard","hentry","category-archives-cms"],"_links":{"self":[{"href":"https:\/\/lavoiedessansvoix.fr\/lavoie\/wp-json\/wp\/v2\/posts\/1207","targetHints":{"allow":["GET"]}}],"collection":[{"href":"https:\/\/lavoiedessansvoix.fr\/lavoie\/wp-json\/wp\/v2\/posts"}],"about":[{"href":"https:\/\/lavoiedessansvoix.fr\/lavoie\/wp-json\/wp\/v2\/types\/post"}],"author":[{"embeddable":true,"href":"https:\/\/lavoiedessansvoix.fr\/lavoie\/wp-json\/wp\/v2\/users\/1"}],"replies":[{"embeddable":true,"href":"https:\/\/lavoiedessansvoix.fr\/lavoie\/wp-json\/wp\/v2\/comments?post=1207"}],"version-history":[{"count":0,"href":"https:\/\/lavoiedessansvoix.fr\/lavoie\/wp-json\/wp\/v2\/posts\/1207\/revisions"}],"wp:attachment":[{"href":"https:\/\/lavoiedessansvoix.fr\/lavoie\/wp-json\/wp\/v2\/media?parent=1207"}],"wp:term":[{"taxonomy":"category","embeddable":true,"href":"https:\/\/lavoiedessansvoix.fr\/lavoie\/wp-json\/wp\/v2\/categories?post=1207"},{"taxonomy":"post_tag","embeddable":true,"href":"https:\/\/lavoiedessansvoix.fr\/lavoie\/wp-json\/wp\/v2\/tags?post=1207"}],"curies":[{"name":"wp","href":"https:\/\/api.w.org\/{rel}","templated":true}]}}