{"id":1204,"date":"2014-10-24T02:45:00","date_gmt":"2014-10-24T00:45:00","guid":{"rendered":"https:\/\/lavoiedessansvoix.fr\/lavoie\/2014\/10\/24\/archive-s-etait-un-secret-de-polichinelle-manuel-valls-n-est-pas-socialiste\/"},"modified":"2014-10-24T02:45:00","modified_gmt":"2014-10-24T00:45:00","slug":"archive-s-etait-un-secret-de-polichinelle-manuel-valls-n-est-pas-socialiste","status":"publish","type":"post","link":"https:\/\/lavoiedessansvoix.fr\/lavoie\/2014\/10\/24\/archive-s-etait-un-secret-de-polichinelle-manuel-valls-n-est-pas-socialiste\/","title":{"rendered":"S\u2019\u00c9TAIT UN SECRET DE POLICHINELLE :  MANUEL VALLS N\u2019EST PAS SOCIALISTE."},"content":{"rendered":"<p>C\u2019\u00c9TAIT UN SECRET DE POLICHINELLE :  MANUEL VALLS N\u2019EST PAS SOCIALISTE !  Manuel Valls qui il y a deux jours, au nom de la \u00ab dignit\u00e9 \u00bb voulait excommunier G\u00e9rard filoche du Parti Socialiste qu\u2019il nommait \u00ab  sien \u00bb (voir article pr\u00e9c\u00e9dent), nous apprend le lendemain qu\u2019il n\u2019est pas socialiste.  Mais c\u2019est bien s\u00fbr ! G\u00e9rard Filoche lui est un socialiste, un vrai, au sens le plus assum\u00e9 du terme. Manuel Valls ne l\u2019est pas. Il a donc raison le premier ministre, ces deux hommes n\u2019ont pas de place commune dans le m\u00eame parti. S\u2019agissant du Parti socialiste, qui n\u2019est pas \u00e0 sa place : le socialiste G\u00e9rard Filoche ou le non socialiste Manuel Valls ? Bon, Manuel c\u2019est son nom a r\u00e9solu le probl\u00e8me en un tourne main. Il faut changer le nom du PS. \u00ab Il faut en finir avec la gauche pass\u00e9iste hant\u00e9e par le surmoi marxiste et le souvenir des trente glorieuses. \u00bb  Dans le contexte pr\u00e9sent, c\u2019est s\u00fbr que ces d\u00e9clarations fracassantes peuvent surprendre, de moins avis\u00e9s que nous, et exacerber les tensions au sein de ce parti. Mais en toute honn\u00eatet\u00e9, il faut bien dire qu\u2019il a encore raison Manuel Valls. Lui n\u2019est pas socialiste, entre nous s\u2019\u00e9tait un secret de polichinelle, \u00ab m\u00eame monsieur Brun le savait \u00bb que Manuel Valls \u00e9tait un \u00ab Social lib\u00e9ral \u00bb qui avan\u00e7ait masqu\u00e9 sous l\u2019\u00e9tiquette \u00ab socialiste. \u00bb \u00ab Il est &#8211; c\u2019est lui qui le dit &#8211; pragmatique, r\u00e9formiste et r\u00e9publicain \u00bb. Mais combien y en-a-t-il en v\u00e9rit\u00e9 des \u00ab socialistes \u00bb au parti du m\u00eame nom ? Une infime minorit\u00e9. Il y a belle lurette que le parti Socialiste n\u2019a de socialiste que le nom. Le tournant programmatique date du congr\u00e8s d\u2019Epinay (1971) la transformation effective des ann\u00e9es 80, quand sous la direction de Fran\u00e7ois Mitterrand et Pierre Mauroy, ce parti rompit avec ses amarres historiques avec la culture marxisante pour en acqu\u00e9rir une nouvelle, \u00ab la culture de gouvernement \u00bb. Les seuls vrais socialistes qui subsistent au PS sont une poign\u00e9e. Ce sont les transfuges de l\u2019extr\u00eame gauche qui ont cru \u00e0 \u00ab la magie de la gauche \u00bb et voulurent voir dans celle-ci, ce qu\u2019ils avaient dans la t\u00eate et non la r\u00e9alit\u00e9,  une forme actualis\u00e9 du dogme du \u00ab front unique ouvrier \u00bb. L\u2019\u00e9crasante majorit\u00e9 des membres du Parti socialiste n\u2019est donc  pas socialiste mais \u00ab social-lib\u00e9rale \u00bb, et c\u2019est pourquoi il a raison Manuel Valls, il convient de changer le nom de ce parti qui ne recouvre aucune r\u00e9alit\u00e9 tangible.  La \u00ab r\u00e9orientation \u00bb d\u00e9fendue ici par Manuel Valls, n\u2019est pas \u00e0 proprement parler \u00ab une r\u00e9orientation \u00bb ce n\u2019est que le souhait d\u2019un aboutissement, celui d\u2019assumer pleinement et ouvertement les transformations op\u00e9r\u00e9es de longues date par le PS.  Ce destin in\u00e9luctable du PS que pour notre part nous avons anticip\u00e9 et pr\u00e9dit depuis bien longtemps dans nos deux petits livres \u00ab Social Bonapartisme et classe ouvri\u00e8re \u00bb et \u00ab la social-d\u00e9mocratie est morte \u00bb,  et que nous avons d\u00e9clin\u00e9 \u00e0 maintes reprises dans de nombreux articles.   Le PS est devenu autre chose, un parti de gouvernement \u00bb C\u2019est \u00e0 dire un parti institutionnel d\u2019alternance en charge de la p\u00e9rennit\u00e9 du syst\u00e8me et de la stabilit\u00e9 des institutions. Il a trahit et foul\u00e9s aux pieds les int\u00e9r\u00eats et les id\u00e9aux de la classe ouvri\u00e8re dont il \u00e9tait historiquement issu. Il ne pouvait de ce fait que perdre \u00ab le vote ouvrier \u00bb, mais cela \u00e9tait de peu de cons\u00e9quence pour lui. C\u2019\u00e9tait m\u00eame un passage oblig\u00e9 qu\u2019il assumait pleinement et consciemment. Mais pour garder sa place \u00e9lectorale et son statut de parti d\u2019alternance, il lui fallait red\u00e9finir les fronti\u00e8res \u00e9lectorales en poussant vers la droite la ligne de d\u00e9marcation entre \u00ab droite et gauche \u00bb d\u2019o\u00f9 les tentatives avort\u00e9es du milieu des ann\u00e9es 80 d\u2019animer un centre \u00e9lectoral qui permettrait au PS de recomposer ses alliances. D\u2019o\u00f9 les chamailleries actuelles autour de la possession \u00ab du centre \u00bb ou au moins d\u2019une partie de celui-ci. La mise en \u0153uvre du projet que d\u00e9fends \u00e0 pr\u00e9sent ouvertement Manuel Valls, qui suppose de s\u2019assoir d\u00e9finitivement sur le vote ouvrier et de gauche, marginalis\u00e9s, passe effectivement, comme il le dit si clairement par \u00ab la conqu\u00eate de Fran\u00e7ois Bayrou \u00bb qui doit \u00eatre partie prenante de cette nouvelle formation (de gauche moderniste) \u00ab pragmatique r\u00e9formiste et r\u00e9publicaine \u00bb. Les voix du centre doivent remplacer les voix de gauche.  Que la destin\u00e9e politique s\u2019accomplisse. Elle proc\u00e8de de la clarification souhaitable. Que Manuel Valls et la majorit\u00e9 des cadres et adh\u00e9rents actuels du PS finalisent donc la \u00ab formation politique \u00bb \u00ab pragmatique, r\u00e9formiste et r\u00e9publicaine de leurs r\u00eaves. Qu\u2019ils cessent, par leur emprunt, d\u2019insulter le socialisme et la tradition ouvri\u00e8re. Nous ne pourrons que nous en r\u00e9jouir.  Que cette \u00e9volution soit l\u2019occasion pour tous les \u00e9gar\u00e9s de la tradition ouvri\u00e8re, dont fait partie notre camarade G\u00e9rard filoche, de retrouver leur vraie famille politique et d\u2019\u0153uvrer sans plus attendre \u00e0 la recomposition d\u2019un v\u00e9ritable parti marxiste ouvrier.  Vendredi .. octobre 2014.<\/p>\n","protected":false},"excerpt":{"rendered":"<p>C\u2019\u00c9TAIT UN SECRET DE POLICHINELLE : MANUEL VALLS N\u2019EST PAS SOCIALISTE ! Manuel Valls qui il y a deux jours, [&hellip;]<\/p>\n","protected":false},"author":1,"featured_media":0,"comment_status":"open","ping_status":"open","sticky":false,"template":"","format":"standard","meta":{"sfsi_plus_gutenberg_text_before_share":"","sfsi_plus_gutenberg_show_text_before_share":"","sfsi_plus_gutenberg_icon_type":"","sfsi_plus_gutenberg_icon_alignemt":"","sfsi_plus_gutenburg_max_per_row":"","site-sidebar-layout":"default","site-content-layout":"","ast-site-content-layout":"default","site-content-style":"default","site-sidebar-style":"default","ast-global-header-display":"","ast-banner-title-visibility":"","ast-main-header-display":"","ast-hfb-above-header-display":"","ast-hfb-below-header-display":"","ast-hfb-mobile-header-display":"","site-post-title":"","ast-breadcrumbs-content":"","ast-featured-img":"","footer-sml-layout":"","ast-disable-related-posts":"","theme-transparent-header-meta":"","adv-header-id-meta":"","stick-header-meta":"","header-above-stick-meta":"","header-main-stick-meta":"","header-below-stick-meta":"","astra-migrate-meta-layouts":"default","ast-page-background-enabled":"default","ast-page-background-meta":{"desktop":{"background-color":"var(--ast-global-color-4)","background-image":"","background-repeat":"repeat","background-position":"center center","background-size":"auto","background-attachment":"scroll","background-type":"","background-media":"","overlay-type":"","overlay-color":"","overlay-opacity":"","overlay-gradient":""},"tablet":{"background-color":"","background-image":"","background-repeat":"repeat","background-position":"center center","background-size":"auto","background-attachment":"scroll","background-type":"","background-media":"","overlay-type":"","overlay-color":"","overlay-opacity":"","overlay-gradient":""},"mobile":{"background-color":"","background-image":"","background-repeat":"repeat","background-position":"center center","background-size":"auto","background-attachment":"scroll","background-type":"","background-media":"","overlay-type":"","overlay-color":"","overlay-opacity":"","overlay-gradient":""}},"ast-content-background-meta":{"desktop":{"background-color":"var(--ast-global-color-5)","background-image":"","background-repeat":"repeat","background-position":"center center","background-size":"auto","background-attachment":"scroll","background-type":"","background-media":"","overlay-type":"","overlay-color":"","overlay-opacity":"","overlay-gradient":""},"tablet":{"background-color":"var(--ast-global-color-5)","background-image":"","background-repeat":"repeat","background-position":"center center","background-size":"auto","background-attachment":"scroll","background-type":"","background-media":"","overlay-type":"","overlay-color":"","overlay-opacity":"","overlay-gradient":""},"mobile":{"background-color":"var(--ast-global-color-5)","background-image":"","background-repeat":"repeat","background-position":"center center","background-size":"auto","background-attachment":"scroll","background-type":"","background-media":"","overlay-type":"","overlay-color":"","overlay-opacity":"","overlay-gradient":""}},"footnotes":""},"categories":[16],"tags":[],"class_list":["post-1204","post","type-post","status-publish","format-standard","hentry","category-archives-cms"],"_links":{"self":[{"href":"https:\/\/lavoiedessansvoix.fr\/lavoie\/wp-json\/wp\/v2\/posts\/1204","targetHints":{"allow":["GET"]}}],"collection":[{"href":"https:\/\/lavoiedessansvoix.fr\/lavoie\/wp-json\/wp\/v2\/posts"}],"about":[{"href":"https:\/\/lavoiedessansvoix.fr\/lavoie\/wp-json\/wp\/v2\/types\/post"}],"author":[{"embeddable":true,"href":"https:\/\/lavoiedessansvoix.fr\/lavoie\/wp-json\/wp\/v2\/users\/1"}],"replies":[{"embeddable":true,"href":"https:\/\/lavoiedessansvoix.fr\/lavoie\/wp-json\/wp\/v2\/comments?post=1204"}],"version-history":[{"count":0,"href":"https:\/\/lavoiedessansvoix.fr\/lavoie\/wp-json\/wp\/v2\/posts\/1204\/revisions"}],"wp:attachment":[{"href":"https:\/\/lavoiedessansvoix.fr\/lavoie\/wp-json\/wp\/v2\/media?parent=1204"}],"wp:term":[{"taxonomy":"category","embeddable":true,"href":"https:\/\/lavoiedessansvoix.fr\/lavoie\/wp-json\/wp\/v2\/categories?post=1204"},{"taxonomy":"post_tag","embeddable":true,"href":"https:\/\/lavoiedessansvoix.fr\/lavoie\/wp-json\/wp\/v2\/tags?post=1204"}],"curies":[{"name":"wp","href":"https:\/\/api.w.org\/{rel}","templated":true}]}}