{"id":1199,"date":"2014-11-09T06:09:00","date_gmt":"2014-11-09T05:09:00","guid":{"rendered":"https:\/\/lavoiedessansvoix.fr\/lavoie\/2014\/11\/09\/archive-la-supercherie-de-l-echec\/"},"modified":"2026-04-26T20:20:02","modified_gmt":"2026-04-26T18:20:02","slug":"archive-la-supercherie-de-l-echec","status":"publish","type":"post","link":"https:\/\/lavoiedessansvoix.fr\/lavoie\/2014\/11\/09\/archive-la-supercherie-de-l-echec\/","title":{"rendered":"LA SUPERCHERIE DE \u00ab L\u2019\u00c9CHEC \u00bb"},"content":{"rendered":"<p>LA SUPERCHERIE DE \u00ab L\u2019\u00c9CHEC \u00bb   Nous avons entendu ces jours-ci, la jolie petite musique du \u00ab mea-culpa \u00bb.  Ce fut d\u2019abord par l\u2019organe du ministre du travail Fran\u00e7ois Rebsamen : \u00ab\u00a0Soyons honn\u00eates: nous sommes en \u00e9chec\u00a0\u00bb, avait-il d\u00e9clar\u00e9 vendredi dernier lors d\u2019un un entretien au Parisien. Il r\u00e9agissait ainsi \u00e0 l&rsquo;annonce d&rsquo;un nouveau record du ch\u00f4mage, 3,43 millions de demandeurs d\u2019emploi, en septembre, en m\u00e9tropole. (Source Lib\u00e9ration.fr)  Ce fut ensuite par le relais du premier Ministre :  \u00ab\u00a0Il faut toujours dire la v\u00e9rit\u00e9 aux Fran\u00e7ais \u00bb. \u00ab\u00a0Quand on a plusieurs millions de ch\u00f4meurs depuis des ann\u00e9es, on constate malheureusement qu&rsquo;on n&rsquo;a pas r\u00e9ussi \u00e0 changer cette donne\u00a0\u00bb, reconnaissait encore Manuel Vallsa ce mercredi 29 octobre sur RTL\u00a0\u00bb. (Source HufigtonPost)  Et voil\u00e0 que mercredi, sur \u00ab France 2 \u00bb le \u00ab valet de pied syndicaliste \u00bb du pouvoir, pour le nommer, Laurent Berger, secr\u00e9taire G\u00e9n\u00e9ral de la CFDT, y est all\u00e9 lui aussi de son petit couplet, comme ses maitres l\u2019y ont autoris\u00e9 : \u00abOn peut parler d&rsquo;\u00e9chec quand il y a 5 millions de ch\u00f4meurs\u00bb,  \u00ab L&rsquo;\u00e9chec est d&rsquo;autant plus incontestable que Fran\u00e7ois Hollande avait lui-m\u00eame promis, \u00e0 de multiples reprises en 2012 et 2013, qu&rsquo;il r\u00e9ussirait \u00e0 \u00abinverser la courbe du ch\u00f4mage\u00bb avant la fin de l&rsquo;ann\u00e9e derni\u00e8re. Le chef de l&rsquo;\u00c9tat avait m\u00eame \u00e9rig\u00e9 cet engagement en totem et gage de la r\u00e9ussite de sa politique \u00e9conomique. Rat\u00e9. L&rsquo;inversion tant r\u00e9p\u00e9t\u00e9e ne s&rsquo;est pas produite. \u00bb Telle est la conclusion en forme de sentence, dont nous laissons l\u2019enti\u00e8re responsabilit\u00e9 \u00e0 Marc Landr\u00e9 qui s\u2019exprime  dans \u00ab Le Figaro \u00bb.  Serait-ils devenus humbles ? L\u2019ex\u00e9cutif fran\u00e7ais reconnaitrait-il vraiment son \u00e9chec en mati\u00e8re de \u00ab lutte contre le ch\u00f4mage \u00bb ? L\u2019\u00e9chec, c\u2019est l\u2019\u00e9chec, cela peut arriver aux plus malins d\u2019entre tous. Admettre son \u00e9chec est dons une posture d\u2019humilit\u00e9 qui vaut \u00e0 ceux qui y sacrifie la bienveillance de leurs contemporains et disposent ces derniers \u00e0 les absoudre de leurs fautes.                                                                                                                                                                                                                                                                                                                                                                                                                                                           Mais en la circonstance, cette nouvelle posture adopt\u00e9e par l\u2019ex\u00e9cutif \u00e0 la mi-mandat du pr\u00e9sident de la r\u00e9publique, pourrait bien \u00eatre autre chose que ce qu\u2019elle pr\u00e9tend \u00eatre.  Quand on m\u00e8ne une politique et que l\u2019on reconnait v\u00e9ritablement son \u00e9chec, c\u2019est que l\u2019on admet l\u2019\u00e9chec de sa politique. Or, dans le m\u00eame temps, o\u00f9 pour s\u2019attirer l\u2019indulgence des Fran\u00e7ais, l\u2019ex\u00e9cutif \u00ab reconnait son \u00e9chec \u00bb il affirme pourtant, par la voix de son ministre du travail, que la m\u00eame politique sera maintenue et poursuivit : Fran\u00e7ois Rebsamen, qui  a reconnu samedi \u00abun \u00e9chec\u00bb en mati\u00e8re de ch\u00f4mage depuis le d\u00e9but du quinquennat de Fran\u00e7ois Hollande, \u00ab reste convaincu que la politique choisie est \u00abadapt\u00e9e \u00e0 la situation \u00e9conomique\u00bb et \u00abportera ses fruits\u00bb (HufintonPost)  D\u2019o\u00f9 il convient de conclure que \u00abl\u2019explication \u00bb de la hausse persistante du ch\u00f4mage par \u00abl\u2019\u00e9chec suppos\u00e9 de la politique du gouvernement, \u00e0 quoi Marc Landr\u00e9 apporte la caution du Figaro, n\u2019est en v\u00e9rit\u00e9 qu\u2019une \u00ab posture \u00bb, une supercherie, une \u2018feinte \u00bb pour mettre la politique du gouvernement \u00e0 couvert d\u2019une critique plus radicale qui s\u2019impose.  Il n\u2019y a pas la moindre ombre d\u2019\u00e9chec dans la politique de ce gouvernement. Au contraire. Cette politique produit au-del\u00e0 de toute esp\u00e9rance, exactement les effets escompt\u00e9s, ceux que l\u2019on devait et pouvait en attendre, comme en a maintes fois pr\u00e9venu \u00ab Le Front de Gauche \u00bb, nous-m\u00eames et quelques autres.  La politique de \u00ab comp\u00e9titivit\u00e9 \u00bb qui implique la contraction de la part salariale dans le revenu national, est une politique \u00ab r\u00e9cessioniste \u00bb qui en provoquant la r\u00e9traction de la demande int\u00e9rieure ne pouvait qu\u2019induire la chute d\u2019activit\u00e9 et la destruction massive des emplois. Ce n\u2019est donc pas d\u2019\u00e9chec, mais bien de victoire que devrait se pr\u00e9valoir le gouvernement, ou le Pr\u00e9sident.  Mais ils devraient en ce cas reconnaitre ouvertement que \u00ab la lutte contre le ch\u00f4mage \u00bb est bien le cadet de leurs soucis. Qu\u2019en pr\u00e9tendant mener pareille lutte, en d\u00e9clarant \u00e0 maintes reprises, contre l\u2019\u00e9vidence que la courbe du ch\u00f4mage allait s\u2019inverser, ils ont d\u00e9lib\u00e9r\u00e9ment voulu tromper les fran\u00e7ais, qu\u2019il ont menti effront\u00e9ment, qu\u2019ils se fichent de nous.  D&rsquo;ailleurs, dans le temps m\u00eame o\u00f9 il dit qu&rsquo;il ne faut jamais mentir aux Fran\u00e7ais, ce que fait Manuel Valls n&rsquo;est-ce pas r\u00e9cidiver et signer, qui \u00e9nonce un nouveau mensonge en parlant \u00ab\u00a0d&rsquo;\u00e9chec\u00a0\u00bb de la \u00ab\u00a0lutte contre le ch\u00f4mage\u00a0\u00bb quand il sait pertinemment qu&rsquo;il ne s&rsquo;agit que des cons\u00e9quences induites d&rsquo;une politique pleinement assum\u00e9e. ? Il est en effet plus ais\u00e9e, et d\u2019une certaine mani\u00e8re, plus valorisant, d\u2019affecter de reconnaitre un \u00e9chec, sans changer de cap par ailleurs, que de d\u00e9clarer que l\u2019on s\u2019est comport\u00e9s comme des goujats.  Samedi 8 novembre 2014.<\/p>\n","protected":false},"excerpt":{"rendered":"<p>LA SUPERCHERIE DE \u00ab L\u2019\u00c9CHEC \u00bb Nous avons entendu ces jours-ci, la jolie petite musique du \u00ab mea-culpa \u00bb. Ce [&hellip;]<\/p>\n","protected":false},"author":1,"featured_media":3944,"comment_status":"open","ping_status":"open","sticky":false,"template":"","format":"standard","meta":{"sfsi_plus_gutenberg_text_before_share":"","sfsi_plus_gutenberg_show_text_before_share":"","sfsi_plus_gutenberg_icon_type":"","sfsi_plus_gutenberg_icon_alignemt":"","sfsi_plus_gutenburg_max_per_row":"","site-sidebar-layout":"default","site-content-layout":"","ast-site-content-layout":"default","site-content-style":"default","site-sidebar-style":"default","ast-global-header-display":"","ast-banner-title-visibility":"","ast-main-header-display":"","ast-hfb-above-header-display":"","ast-hfb-below-header-display":"","ast-hfb-mobile-header-display":"","site-post-title":"","ast-breadcrumbs-content":"","ast-featured-img":"","footer-sml-layout":"","ast-disable-related-posts":"","theme-transparent-header-meta":"","adv-header-id-meta":"","stick-header-meta":"","header-above-stick-meta":"","header-main-stick-meta":"","header-below-stick-meta":"","astra-migrate-meta-layouts":"default","ast-page-background-enabled":"default","ast-page-background-meta":{"desktop":{"background-color":"var(--ast-global-color-4)","background-image":"","background-repeat":"repeat","background-position":"center center","background-size":"auto","background-attachment":"scroll","background-type":"","background-media":"","overlay-type":"","overlay-color":"","overlay-opacity":"","overlay-gradient":""},"tablet":{"background-color":"","background-image":"","background-repeat":"repeat","background-position":"center center","background-size":"auto","background-attachment":"scroll","background-type":"","background-media":"","overlay-type":"","overlay-color":"","overlay-opacity":"","overlay-gradient":""},"mobile":{"background-color":"","background-image":"","background-repeat":"repeat","background-position":"center center","background-size":"auto","background-attachment":"scroll","background-type":"","background-media":"","overlay-type":"","overlay-color":"","overlay-opacity":"","overlay-gradient":""}},"ast-content-background-meta":{"desktop":{"background-color":"var(--ast-global-color-5)","background-image":"","background-repeat":"repeat","background-position":"center center","background-size":"auto","background-attachment":"scroll","background-type":"","background-media":"","overlay-type":"","overlay-color":"","overlay-opacity":"","overlay-gradient":""},"tablet":{"background-color":"var(--ast-global-color-5)","background-image":"","background-repeat":"repeat","background-position":"center center","background-size":"auto","background-attachment":"scroll","background-type":"","background-media":"","overlay-type":"","overlay-color":"","overlay-opacity":"","overlay-gradient":""},"mobile":{"background-color":"var(--ast-global-color-5)","background-image":"","background-repeat":"repeat","background-position":"center center","background-size":"auto","background-attachment":"scroll","background-type":"","background-media":"","overlay-type":"","overlay-color":"","overlay-opacity":"","overlay-gradient":""}},"footnotes":""},"categories":[16],"tags":[],"class_list":["post-1199","post","type-post","status-publish","format-standard","has-post-thumbnail","hentry","category-archives-cms"],"_links":{"self":[{"href":"https:\/\/lavoiedessansvoix.fr\/lavoie\/wp-json\/wp\/v2\/posts\/1199","targetHints":{"allow":["GET"]}}],"collection":[{"href":"https:\/\/lavoiedessansvoix.fr\/lavoie\/wp-json\/wp\/v2\/posts"}],"about":[{"href":"https:\/\/lavoiedessansvoix.fr\/lavoie\/wp-json\/wp\/v2\/types\/post"}],"author":[{"embeddable":true,"href":"https:\/\/lavoiedessansvoix.fr\/lavoie\/wp-json\/wp\/v2\/users\/1"}],"replies":[{"embeddable":true,"href":"https:\/\/lavoiedessansvoix.fr\/lavoie\/wp-json\/wp\/v2\/comments?post=1199"}],"version-history":[{"count":1,"href":"https:\/\/lavoiedessansvoix.fr\/lavoie\/wp-json\/wp\/v2\/posts\/1199\/revisions"}],"predecessor-version":[{"id":3945,"href":"https:\/\/lavoiedessansvoix.fr\/lavoie\/wp-json\/wp\/v2\/posts\/1199\/revisions\/3945"}],"wp:featuredmedia":[{"embeddable":true,"href":"https:\/\/lavoiedessansvoix.fr\/lavoie\/wp-json\/wp\/v2\/media\/3944"}],"wp:attachment":[{"href":"https:\/\/lavoiedessansvoix.fr\/lavoie\/wp-json\/wp\/v2\/media?parent=1199"}],"wp:term":[{"taxonomy":"category","embeddable":true,"href":"https:\/\/lavoiedessansvoix.fr\/lavoie\/wp-json\/wp\/v2\/categories?post=1199"},{"taxonomy":"post_tag","embeddable":true,"href":"https:\/\/lavoiedessansvoix.fr\/lavoie\/wp-json\/wp\/v2\/tags?post=1199"}],"curies":[{"name":"wp","href":"https:\/\/api.w.org\/{rel}","templated":true}]}}