{"id":1197,"date":"2014-11-13T16:50:00","date_gmt":"2014-11-13T15:50:00","guid":{"rendered":"https:\/\/lavoiedessansvoix.fr\/lavoie\/2014\/11\/13\/archive-affaire-jouyet-fillon-d-ou-vient-le-coup\/"},"modified":"2014-11-13T16:50:00","modified_gmt":"2014-11-13T15:50:00","slug":"archive-affaire-jouyet-fillon-d-ou-vient-le-coup","status":"publish","type":"post","link":"https:\/\/lavoiedessansvoix.fr\/lavoie\/2014\/11\/13\/archive-affaire-jouyet-fillon-d-ou-vient-le-coup\/","title":{"rendered":"AFFAIRE JOUYET FILLON,     D\u2019O\u00d9 VIENT LE COUP ?"},"content":{"rendered":"<p>AFFAIRE JOUYET\/FILLON,  D\u2019O\u00d9 VIENT LE COUP ?   Il est possible que Fran\u00e7ois Fillon est tenu les propos dont fait \u00e9tat Jean-Pierre Jouyet. Il est tout aussi possible qu\u2019il ne les ait pas tenus. \u00ab L\u2019affaire \u00bb, dans le cas pr\u00e9sent, ne commence pas tant avec les intentions malveillantes suppos\u00e9es et tout \u00e0 fait possibles de Fran\u00e7ois Fillon \u00e0 l\u2019endroit de Nicolas Sarkozy, elle commence avec les confidences de Jean-Pierre Jouyet aux deux journalistes du Monde.   A supposer que Fran\u00e7ois Fillon est v\u00e9ritablement \u00e9mises les dol\u00e9ances que lui pr\u00eate son ancien collaborateur, il va de soi que celles-ci n\u2019avaient pas vocation \u00e0 \u00eatre divulgu\u00e9es. Les divulguer, s\u2019\u00e9tait en parfaite conscience vouloir porter un coup fatal \u00e0 l\u2019entreprise pr\u00e9sidentielle de l\u2019ancien premier ministre. En s\u2019\u00e9panchant, tel qu\u2019il l\u2019a apparemment fait, dans les oreilles des journalistes Jean-Pierre Jouyet endossait, sauf \u00e0 souffrir d\u2019un handicap mental, en parfaite conscience, le costume du \u00ab tueur \u00bb. A-t-il lui-m\u00eame des raisons qui lui sont propres de vouloir perde Fran\u00e7ois Fillon, gardait-il des ranc\u0153urs enfouies,  a-t-il une revanche \u00e0 prendre ? Tueur oui, mais tueur \u00e0 gages en ce cas. Car il est fort douteux que ce \u00ab Ravaillac de salon \u00bb est port\u00e9 le coup de poignard de son propre fait et pour ses propres int\u00e9r\u00eats. Il est bien plus probable qu\u2019il ait agi pour le service d\u2019un tiers, qu\u2019il est \u00e9t\u00e9 anim\u00e9 par d\u2019autres qui ont des raisons s\u00e9rieuses, que l\u2019on devine, de vouloir neutraliser \u00ab le Sartois \u00bb.   Mais d\u00e8s lors admet-on que \u00ab Jouyet\/Ravaillac \u00bb a voulu \u00ab tu\u00e9 \u00bb Fillon, l\u2019authenticit\u00e9 des propos et la r\u00e9alit\u00e9 des dol\u00e9ances qu\u2019il pr\u00eate \u00e0 celui-ci, n\u2019ont plus la moindre importance. Instrumentalisant une rencontre certes \u00ab surprenante \u00bb dans le contexte, il peut, s\u2019\u00eatre limit\u00e9 \u00e0 d\u00e9voiler le contenu d\u2019une conversation qui ne devait pas l\u2019\u00eatre, ou, tout aussi bien, si cela lui paraissait n\u00e9cessaire, avoir \u00e9chafaud\u00e9e lui-m\u00eame \u00ab la cabale \u00bb.  Un \u00ab contrat \u00bb a \u00e9t\u00e9 mis sur la t\u00eate de Fran\u00e7ois Fillon dont Jean-Pierre Jouyet est l\u2019ex\u00e9cuteur. Mais qui en est le commanditaire ?  Dans la guerre ouverte \u00e0 l\u2019UMP pour l\u2019investiture aux \u00e9lections pr\u00e9sidentielles de 2017, deux pr\u00e9tendants d\u00e9clar\u00e9s peuvent vouloir \u00e9liminer cet adversaire : Sarkozy ou Jupp\u00e9. Alors, qui des deux ?  Bien s\u00fbr nous ne le savons gu\u00e8re. Mais quelques similitudes que nous relevons avec l\u2019affaire Clearstream \u00bb nous inclinerait \u00e0 tourner nos regards vers qui vous imaginez. Cet embrouillamini lui ressemble. Dans l\u2019affaire \u00ab Clearstream \u00bb des acteurs de l\u2019ombre mettaient en cause l\u2019int\u00e9grit\u00e9 de plusieurs personnalit\u00e9s dont Nicolas Sarkozy en r\u00e9v\u00e9lant la pr\u00e9sence de leurs noms dans une liste de \u00ab tripatouilleurs \u00bb financiers. Il va de soi, s\u2019agissant de personnalit\u00e9s politiques en vue, dont un membre imminent du gouvernement, que les plus hautes instances politiques du pays se devaient d\u2019enqu\u00eater, de tirer l\u2019affaire au clair. Or, ce que l\u2019on croyait \u00ab l\u2019affaire \u00bb, la mise en cause de Nicolas Sarkozy, et quelques autres, n\u2019\u00e9tait pas \u00ab l\u2019affaire\u2019 v\u00e9ritable. Il s\u2019agissait d\u2019une cabale pour pi\u00e9ger Dominique de Villepin. L\u2019affaire v\u00e9ritable devint vite l\u2019enqu\u00eate diligent\u00e9e par celui-ci. Sarkozy s\u2019appliqua alors \u00e0 mettre en sc\u00e8ne sa propre \u00ab victimisation \u00bb. La liste se r\u00e9v\u00e9lait fausse, d\u00e8s lors De Villepin fut soup\u00e7onn\u00e9 d\u2019avoir lui-m\u00eame mont\u00e9 toute l\u2019op\u00e9ration pour faire tomber Sarkozy. Un coup \u00e0 trois bandes. \u00ab Victime \u00bb Sarkozy s\u2019attirait les sympathies alors que l\u2019opprobre retombait droit sur la personne de Dominique de Villepin mettant fin \u00e0 ses ambitions pr\u00e9sidentielles.   L\u2019actuelle affaire Jouyet\/Fillon, pr\u00e9sente des similitudes troublantes avec la pr\u00e9c\u00e9dente. Il s\u2019agit l\u00e0 aussi d\u2019un coup \u00e0 trois bandes. L\u2019homme de l\u2019ombre c\u2019est \u00abJean-Pierre Jouyet, la r\u00e9v\u00e9lation ne tient pas dans une liste trafiqu\u00e9e mais dans un entretien bidouill\u00e9. La cible officiellement vis\u00e9e est encore une fois, pauvre et sempiternelle victime, Nicolas Sarkozy, mais c\u2019est Fran\u00e7ois Fillon qui se retrouve en position d\u2019accus\u00e9.  Oui je sais, des proches de Sarko sont intervenus pour \u00ab d\u00e9fendre Fillon \u00bb et accabler Jouyet. Cela ne leur co\u00fbte gu\u00e8re, le mal est fait et leurs mani\u00e8res de \u00ab d\u00e9fense \u00bb n\u2019y peuvent rien changer. Ce n\u2019est que tactique, comme pour dire tr\u00e8s fort : \u00ab ce n\u2019est pas nous \u00bb, tant ils pressentent qu\u2019ils ne pourront \u00e9viter que l\u2019opinion publique pense le contraire.  Jeudi 13 novembre 2014<\/p>\n","protected":false},"excerpt":{"rendered":"<p>AFFAIRE JOUYET\/FILLON, D\u2019O\u00d9 VIENT LE COUP ? Il est possible que Fran\u00e7ois Fillon est tenu les propos dont fait \u00e9tat [&hellip;]<\/p>\n","protected":false},"author":1,"featured_media":0,"comment_status":"open","ping_status":"open","sticky":false,"template":"","format":"standard","meta":{"sfsi_plus_gutenberg_text_before_share":"","sfsi_plus_gutenberg_show_text_before_share":"","sfsi_plus_gutenberg_icon_type":"","sfsi_plus_gutenberg_icon_alignemt":"","sfsi_plus_gutenburg_max_per_row":"","site-sidebar-layout":"default","site-content-layout":"","ast-site-content-layout":"default","site-content-style":"default","site-sidebar-style":"default","ast-global-header-display":"","ast-banner-title-visibility":"","ast-main-header-display":"","ast-hfb-above-header-display":"","ast-hfb-below-header-display":"","ast-hfb-mobile-header-display":"","site-post-title":"","ast-breadcrumbs-content":"","ast-featured-img":"","footer-sml-layout":"","ast-disable-related-posts":"","theme-transparent-header-meta":"","adv-header-id-meta":"","stick-header-meta":"","header-above-stick-meta":"","header-main-stick-meta":"","header-below-stick-meta":"","astra-migrate-meta-layouts":"default","ast-page-background-enabled":"default","ast-page-background-meta":{"desktop":{"background-color":"var(--ast-global-color-4)","background-image":"","background-repeat":"repeat","background-position":"center center","background-size":"auto","background-attachment":"scroll","background-type":"","background-media":"","overlay-type":"","overlay-color":"","overlay-opacity":"","overlay-gradient":""},"tablet":{"background-color":"","background-image":"","background-repeat":"repeat","background-position":"center center","background-size":"auto","background-attachment":"scroll","background-type":"","background-media":"","overlay-type":"","overlay-color":"","overlay-opacity":"","overlay-gradient":""},"mobile":{"background-color":"","background-image":"","background-repeat":"repeat","background-position":"center center","background-size":"auto","background-attachment":"scroll","background-type":"","background-media":"","overlay-type":"","overlay-color":"","overlay-opacity":"","overlay-gradient":""}},"ast-content-background-meta":{"desktop":{"background-color":"var(--ast-global-color-5)","background-image":"","background-repeat":"repeat","background-position":"center center","background-size":"auto","background-attachment":"scroll","background-type":"","background-media":"","overlay-type":"","overlay-color":"","overlay-opacity":"","overlay-gradient":""},"tablet":{"background-color":"var(--ast-global-color-5)","background-image":"","background-repeat":"repeat","background-position":"center center","background-size":"auto","background-attachment":"scroll","background-type":"","background-media":"","overlay-type":"","overlay-color":"","overlay-opacity":"","overlay-gradient":""},"mobile":{"background-color":"var(--ast-global-color-5)","background-image":"","background-repeat":"repeat","background-position":"center center","background-size":"auto","background-attachment":"scroll","background-type":"","background-media":"","overlay-type":"","overlay-color":"","overlay-opacity":"","overlay-gradient":""}},"footnotes":""},"categories":[16],"tags":[],"class_list":["post-1197","post","type-post","status-publish","format-standard","hentry","category-archives-cms"],"_links":{"self":[{"href":"https:\/\/lavoiedessansvoix.fr\/lavoie\/wp-json\/wp\/v2\/posts\/1197","targetHints":{"allow":["GET"]}}],"collection":[{"href":"https:\/\/lavoiedessansvoix.fr\/lavoie\/wp-json\/wp\/v2\/posts"}],"about":[{"href":"https:\/\/lavoiedessansvoix.fr\/lavoie\/wp-json\/wp\/v2\/types\/post"}],"author":[{"embeddable":true,"href":"https:\/\/lavoiedessansvoix.fr\/lavoie\/wp-json\/wp\/v2\/users\/1"}],"replies":[{"embeddable":true,"href":"https:\/\/lavoiedessansvoix.fr\/lavoie\/wp-json\/wp\/v2\/comments?post=1197"}],"version-history":[{"count":0,"href":"https:\/\/lavoiedessansvoix.fr\/lavoie\/wp-json\/wp\/v2\/posts\/1197\/revisions"}],"wp:attachment":[{"href":"https:\/\/lavoiedessansvoix.fr\/lavoie\/wp-json\/wp\/v2\/media?parent=1197"}],"wp:term":[{"taxonomy":"category","embeddable":true,"href":"https:\/\/lavoiedessansvoix.fr\/lavoie\/wp-json\/wp\/v2\/categories?post=1197"},{"taxonomy":"post_tag","embeddable":true,"href":"https:\/\/lavoiedessansvoix.fr\/lavoie\/wp-json\/wp\/v2\/tags?post=1197"}],"curies":[{"name":"wp","href":"https:\/\/api.w.org\/{rel}","templated":true}]}}