{"id":1194,"date":"2014-12-01T17:48:00","date_gmt":"2014-12-01T16:48:00","guid":{"rendered":"https:\/\/lavoiedessansvoix.fr\/lavoie\/2014\/12\/01\/archive-que-va-t-il-faire-dans-cette-galere\/"},"modified":"2014-12-01T17:48:00","modified_gmt":"2014-12-01T16:48:00","slug":"archive-que-va-t-il-faire-dans-cette-galere","status":"publish","type":"post","link":"https:\/\/lavoiedessansvoix.fr\/lavoie\/2014\/12\/01\/archive-que-va-t-il-faire-dans-cette-galere\/","title":{"rendered":"QUE VA-T-IL FAIRE DANS CETTE GAL\u00c8RE ?"},"content":{"rendered":"<p>QUE VA-T-IL FAIRE DANS CETTE GAL\u00c8RE ?   Une panne technique d\u2019ordinateur nous a mis dans l\u2019impossibilit\u00e9 de publier durant plus d\u2019une semaine. Nous en sommes infiniment d\u00e9sol\u00e9s. D\u2019autant plus que de nombreux sujets de l\u2019actualit\u00e9 nous inspiraient. Nous vous prions chers amis visiteurs de bien vouloir excuser cette longue absence. D\u2019ailleurs, ne nous avez-vous pas d\u00e9j\u00e0 excus\u00e9s vous qui avez continu\u00e9 \u00e0 nous rendre visite et certains m\u00eame \u00e0 s\u2019inscrire, comme membres de notre domaine. Nous vous remercions de votre fid\u00e9lit\u00e9.  Ca y-est ! Il est revenu en politique. N\u2019avez-vous pas remarqu\u00e9 que cet homme qui pr\u00e9tend avoir chang\u00e9, qui jure ses grands Dieux de dire toujours la v\u00e9rit\u00e9, rien que la v\u00e9rit\u00e9 aux Fran\u00e7ais, vient de faire son retour sous le signe m\u00eame du reniement ? N\u2019avait-il pas dit un certain soir de d\u00e9faite \u00e9lectorale qu\u2019il quittait la politique d\u00e9finitivement ?  Bon, soit, il est revenu en politique, et j\u2019en sais que cela d\u00e9sole et affole. On ne va tout de m\u00eame pas le subir \u00e0 nouveau cinq ans encore ? Soyez rassur\u00e9s braves gens. Revenir \u00e0 la t\u00eate d\u2019un parti de \u00ab neuneu \u00bb et r\u00e9unir une majorit\u00e9 au suffrage universel, sont des exercices bien diff\u00e9rents. Sarko est revenu en politique. Il ne reviendra pas \u00e0 l\u2019\u00c9lys\u00e9e. Sa route est pav\u00e9e d\u2019emb\u00fbches et truff\u00e9e de mines.  Et puis vous avez vu un peu, le Sarko nouveau ? Il ressemble comme deux gouttes d\u2019eau \u00e0 l\u2019ancien : arrogant et condescendent. Il propose imm\u00e9diatement de constituer, sous son \u00e9gide, \u00ab un comit\u00e9 des anciens premiers ministres \u00bb \u00e0 la t\u00eate du parti sans nom qu\u2019il va inventer. Il prend vraiment ses pairs pour des billes, qui s\u2019annuleraient eux-m\u00eames en lui faisant ainsi all\u00e9geance. Un \u00ab comit\u00e9 de chapeaux \u00e0 plumes \u00bb a r\u00e9agit sarcastiquement Alain Jupp\u00e9, et Fran\u00e7ois Fillon n\u2019en pense pas moins.    Mais, pourquoi diantre : c\u2019est myst\u00e8re et boule de gomme, r\u00e9cemment revenu de son croc de boucher Dominique de Villepin, se serait-il, si l\u2019on en croit certaines informations, embarqu\u00e9 dans cette gal\u00e8re ?  Lundi 1er d\u00e9cembre 2014.<\/p>\n","protected":false},"excerpt":{"rendered":"<p>QUE VA-T-IL FAIRE DANS CETTE GAL\u00c8RE ? Une panne technique d\u2019ordinateur nous a mis dans l\u2019impossibilit\u00e9 de publier durant plus [&hellip;]<\/p>\n","protected":false},"author":1,"featured_media":0,"comment_status":"open","ping_status":"open","sticky":false,"template":"","format":"standard","meta":{"sfsi_plus_gutenberg_text_before_share":"","sfsi_plus_gutenberg_show_text_before_share":"","sfsi_plus_gutenberg_icon_type":"","sfsi_plus_gutenberg_icon_alignemt":"","sfsi_plus_gutenburg_max_per_row":"","site-sidebar-layout":"default","site-content-layout":"","ast-site-content-layout":"default","site-content-style":"default","site-sidebar-style":"default","ast-global-header-display":"","ast-banner-title-visibility":"","ast-main-header-display":"","ast-hfb-above-header-display":"","ast-hfb-below-header-display":"","ast-hfb-mobile-header-display":"","site-post-title":"","ast-breadcrumbs-content":"","ast-featured-img":"","footer-sml-layout":"","ast-disable-related-posts":"","theme-transparent-header-meta":"","adv-header-id-meta":"","stick-header-meta":"","header-above-stick-meta":"","header-main-stick-meta":"","header-below-stick-meta":"","astra-migrate-meta-layouts":"default","ast-page-background-enabled":"default","ast-page-background-meta":{"desktop":{"background-color":"var(--ast-global-color-4)","background-image":"","background-repeat":"repeat","background-position":"center center","background-size":"auto","background-attachment":"scroll","background-type":"","background-media":"","overlay-type":"","overlay-color":"","overlay-opacity":"","overlay-gradient":""},"tablet":{"background-color":"","background-image":"","background-repeat":"repeat","background-position":"center center","background-size":"auto","background-attachment":"scroll","background-type":"","background-media":"","overlay-type":"","overlay-color":"","overlay-opacity":"","overlay-gradient":""},"mobile":{"background-color":"","background-image":"","background-repeat":"repeat","background-position":"center center","background-size":"auto","background-attachment":"scroll","background-type":"","background-media":"","overlay-type":"","overlay-color":"","overlay-opacity":"","overlay-gradient":""}},"ast-content-background-meta":{"desktop":{"background-color":"var(--ast-global-color-5)","background-image":"","background-repeat":"repeat","background-position":"center center","background-size":"auto","background-attachment":"scroll","background-type":"","background-media":"","overlay-type":"","overlay-color":"","overlay-opacity":"","overlay-gradient":""},"tablet":{"background-color":"var(--ast-global-color-5)","background-image":"","background-repeat":"repeat","background-position":"center center","background-size":"auto","background-attachment":"scroll","background-type":"","background-media":"","overlay-type":"","overlay-color":"","overlay-opacity":"","overlay-gradient":""},"mobile":{"background-color":"var(--ast-global-color-5)","background-image":"","background-repeat":"repeat","background-position":"center center","background-size":"auto","background-attachment":"scroll","background-type":"","background-media":"","overlay-type":"","overlay-color":"","overlay-opacity":"","overlay-gradient":""}},"footnotes":""},"categories":[16],"tags":[],"class_list":["post-1194","post","type-post","status-publish","format-standard","hentry","category-archives-cms"],"_links":{"self":[{"href":"https:\/\/lavoiedessansvoix.fr\/lavoie\/wp-json\/wp\/v2\/posts\/1194","targetHints":{"allow":["GET"]}}],"collection":[{"href":"https:\/\/lavoiedessansvoix.fr\/lavoie\/wp-json\/wp\/v2\/posts"}],"about":[{"href":"https:\/\/lavoiedessansvoix.fr\/lavoie\/wp-json\/wp\/v2\/types\/post"}],"author":[{"embeddable":true,"href":"https:\/\/lavoiedessansvoix.fr\/lavoie\/wp-json\/wp\/v2\/users\/1"}],"replies":[{"embeddable":true,"href":"https:\/\/lavoiedessansvoix.fr\/lavoie\/wp-json\/wp\/v2\/comments?post=1194"}],"version-history":[{"count":0,"href":"https:\/\/lavoiedessansvoix.fr\/lavoie\/wp-json\/wp\/v2\/posts\/1194\/revisions"}],"wp:attachment":[{"href":"https:\/\/lavoiedessansvoix.fr\/lavoie\/wp-json\/wp\/v2\/media?parent=1194"}],"wp:term":[{"taxonomy":"category","embeddable":true,"href":"https:\/\/lavoiedessansvoix.fr\/lavoie\/wp-json\/wp\/v2\/categories?post=1194"},{"taxonomy":"post_tag","embeddable":true,"href":"https:\/\/lavoiedessansvoix.fr\/lavoie\/wp-json\/wp\/v2\/tags?post=1194"}],"curies":[{"name":"wp","href":"https:\/\/api.w.org\/{rel}","templated":true}]}}