{"id":1191,"date":"2014-12-05T15:33:00","date_gmt":"2014-12-05T14:33:00","guid":{"rendered":"https:\/\/lavoiedessansvoix.fr\/lavoie\/2014\/12\/05\/archive-l-abominable-obama\/"},"modified":"2014-12-05T15:33:00","modified_gmt":"2014-12-05T14:33:00","slug":"archive-l-abominable-obama","status":"publish","type":"post","link":"https:\/\/lavoiedessansvoix.fr\/lavoie\/2014\/12\/05\/archive-l-abominable-obama\/","title":{"rendered":"L\u2019ABOMINABLE OBAMA"},"content":{"rendered":"<p>L\u2019ABOMINABLE OBAMAAlors que les manifestations se multiplient aux \u00c9tats-Unis pour protester contre l\u2019indulgence des juges \u00e0 l\u2019\u00e9gard des policiers tueurs de \u00ab noirs \u00bb, alors que de nouveaux cas de meurtres racistes commis par des policiers viennent de se produire, le Pr\u00e9sident Obama s\u2019est fendu d\u2019une r\u00e9action, \u00ab en termes g\u00e9n\u00e9raux \u00bb \u00e9crit \u00ab\u00a0Le Point\u00a0\u00bb, en v\u00e9rit\u00e9 indigne et inappropri\u00e9e, qui fait honte \u00e0 sa fonction et \u00e0 sa part de \u00ab n\u00e9gritude \u00bb. \u00ab\u00a0trop souvent, les personnes ne pensent pas que les gens sont trait\u00e9s de mani\u00e8re \u00e9quitable. Dans certains cas, cela peut-\u00eatre une incompr\u00e9hension, mais c&rsquo;est parfois la r\u00e9alit\u00e9\u00a0\u00bb. Les \u00ab gens \u00bb, les \u00ab personnes \u00bb Comme si cela devait lui bruler la bouche de dire la r\u00e9alit\u00e9 \u00ab les noirs \u00bb, les \u00ab afro-am\u00e9ricains \u00bb, comme si cela lui coutait de dire la v\u00e9rit\u00e9 du caract\u00e8re racial de ces crimes. \u00ab Pensent que \u00bb \u00ab\u00a0incompr\u00e9hension\u00a0\u00bbcomme si les faits n\u2019\u00e9taient pas av\u00e9r\u00e9s et tellement \u00e9loquents, au-del\u00e0 m\u00eame des opinions. Il ne s\u2019agit pas de \u00ab penser \u00bb, mais de voir et constater. Le premier Pr\u00e9sident noir des \u00c9tats-Unis n\u2019ose m\u00eame pas la dignit\u00e9 de se positionner clairement contre ces agressions racistes qui touchent la communaut\u00e9 noire am\u00e9ricaine.Barak serait-il, devenu grand, l\u2019enfant noir de \u00ab la rue casse n\u00e8gre \u00bb auquel sa m\u00e8re, dont il aurait h\u00e9rit\u00e9 la tournure d\u2019esprit, interdisait de \u00ab jouer avec ces n\u00e8gres \u00bb ? \u00c7a y est !cette fois Obama a touch\u00e9 le fond du puits de l\u2019ignominie dont il ne remontera plus. Vendredi 5 d\u00e9cembre 2916<\/p>\n","protected":false},"excerpt":{"rendered":"<p>L\u2019ABOMINABLE OBAMAAlors que les manifestations se multiplient aux \u00c9tats-Unis pour protester contre l\u2019indulgence des juges \u00e0 l\u2019\u00e9gard des policiers tueurs [&hellip;]<\/p>\n","protected":false},"author":1,"featured_media":0,"comment_status":"open","ping_status":"open","sticky":false,"template":"","format":"standard","meta":{"sfsi_plus_gutenberg_text_before_share":"","sfsi_plus_gutenberg_show_text_before_share":"","sfsi_plus_gutenberg_icon_type":"","sfsi_plus_gutenberg_icon_alignemt":"","sfsi_plus_gutenburg_max_per_row":"","site-sidebar-layout":"default","site-content-layout":"","ast-site-content-layout":"default","site-content-style":"default","site-sidebar-style":"default","ast-global-header-display":"","ast-banner-title-visibility":"","ast-main-header-display":"","ast-hfb-above-header-display":"","ast-hfb-below-header-display":"","ast-hfb-mobile-header-display":"","site-post-title":"","ast-breadcrumbs-content":"","ast-featured-img":"","footer-sml-layout":"","ast-disable-related-posts":"","theme-transparent-header-meta":"","adv-header-id-meta":"","stick-header-meta":"","header-above-stick-meta":"","header-main-stick-meta":"","header-below-stick-meta":"","astra-migrate-meta-layouts":"default","ast-page-background-enabled":"default","ast-page-background-meta":{"desktop":{"background-color":"var(--ast-global-color-4)","background-image":"","background-repeat":"repeat","background-position":"center center","background-size":"auto","background-attachment":"scroll","background-type":"","background-media":"","overlay-type":"","overlay-color":"","overlay-opacity":"","overlay-gradient":""},"tablet":{"background-color":"","background-image":"","background-repeat":"repeat","background-position":"center center","background-size":"auto","background-attachment":"scroll","background-type":"","background-media":"","overlay-type":"","overlay-color":"","overlay-opacity":"","overlay-gradient":""},"mobile":{"background-color":"","background-image":"","background-repeat":"repeat","background-position":"center center","background-size":"auto","background-attachment":"scroll","background-type":"","background-media":"","overlay-type":"","overlay-color":"","overlay-opacity":"","overlay-gradient":""}},"ast-content-background-meta":{"desktop":{"background-color":"var(--ast-global-color-5)","background-image":"","background-repeat":"repeat","background-position":"center center","background-size":"auto","background-attachment":"scroll","background-type":"","background-media":"","overlay-type":"","overlay-color":"","overlay-opacity":"","overlay-gradient":""},"tablet":{"background-color":"var(--ast-global-color-5)","background-image":"","background-repeat":"repeat","background-position":"center center","background-size":"auto","background-attachment":"scroll","background-type":"","background-media":"","overlay-type":"","overlay-color":"","overlay-opacity":"","overlay-gradient":""},"mobile":{"background-color":"var(--ast-global-color-5)","background-image":"","background-repeat":"repeat","background-position":"center center","background-size":"auto","background-attachment":"scroll","background-type":"","background-media":"","overlay-type":"","overlay-color":"","overlay-opacity":"","overlay-gradient":""}},"footnotes":""},"categories":[16],"tags":[],"class_list":["post-1191","post","type-post","status-publish","format-standard","hentry","category-archives-cms"],"_links":{"self":[{"href":"https:\/\/lavoiedessansvoix.fr\/lavoie\/wp-json\/wp\/v2\/posts\/1191","targetHints":{"allow":["GET"]}}],"collection":[{"href":"https:\/\/lavoiedessansvoix.fr\/lavoie\/wp-json\/wp\/v2\/posts"}],"about":[{"href":"https:\/\/lavoiedessansvoix.fr\/lavoie\/wp-json\/wp\/v2\/types\/post"}],"author":[{"embeddable":true,"href":"https:\/\/lavoiedessansvoix.fr\/lavoie\/wp-json\/wp\/v2\/users\/1"}],"replies":[{"embeddable":true,"href":"https:\/\/lavoiedessansvoix.fr\/lavoie\/wp-json\/wp\/v2\/comments?post=1191"}],"version-history":[{"count":0,"href":"https:\/\/lavoiedessansvoix.fr\/lavoie\/wp-json\/wp\/v2\/posts\/1191\/revisions"}],"wp:attachment":[{"href":"https:\/\/lavoiedessansvoix.fr\/lavoie\/wp-json\/wp\/v2\/media?parent=1191"}],"wp:term":[{"taxonomy":"category","embeddable":true,"href":"https:\/\/lavoiedessansvoix.fr\/lavoie\/wp-json\/wp\/v2\/categories?post=1191"},{"taxonomy":"post_tag","embeddable":true,"href":"https:\/\/lavoiedessansvoix.fr\/lavoie\/wp-json\/wp\/v2\/tags?post=1191"}],"curies":[{"name":"wp","href":"https:\/\/api.w.org\/{rel}","templated":true}]}}