{"id":1190,"date":"2014-12-09T07:37:00","date_gmt":"2014-12-09T06:37:00","guid":{"rendered":"https:\/\/lavoiedessansvoix.fr\/lavoie\/2014\/12\/09\/archive-les-trois-mousquetaires-de-la-relance\/"},"modified":"2014-12-09T07:37:00","modified_gmt":"2014-12-09T06:37:00","slug":"archive-les-trois-mousquetaires-de-la-relance","status":"publish","type":"post","link":"https:\/\/lavoiedessansvoix.fr\/lavoie\/2014\/12\/09\/archive-les-trois-mousquetaires-de-la-relance\/","title":{"rendered":"LES TROIS MOUSQUETAIRES DE \u00ab LA RELANCE \u00bb"},"content":{"rendered":"<p>LES TROIS MOUSQUETAIRES DE \u00ab LA RELANCE \u00bb    Jean-Luc M\u00e9lenchon, C\u00e9cile Duflot et Benoit Hamon \u00e9taient jeudi 4 d\u00e9cembre au soir les invit\u00e9s de l\u2019\u00e9mission \u00ab Des paroles et des actes \u00bb anim\u00e9e par David Pujadas.  Haro sur le quidam qui critique tout sans rien proposer. En politique, c\u2019est une figure impos\u00e9e, il faut \u00eatre \u00ab constructif. C\u2019est \u00e0 cet exercice oblig\u00e9 que ce sont donc astreints les trois mousquetaires de \u00ab la nouvelle gauche \u00bb que Pujadas br\u00fblait semble-t-il de fiancer officiellement \u00e0 l\u2019antenne.  C\u2019est un exercice oblig\u00e9 et dangereux car il a t\u00f4t fait d\u2019acculer ses praticiens au ridicule.  Il faut avoir la bonne recette, celle qui fait s\u2019exclamer les auditeurs ; \u00ab mais oui, mais c\u2019est bien s\u00fbr ! \u00bb et de surcroit chacun la sienne pour administrer la preuve de sa l\u00e9gitimit\u00e9 politique relativement aux autres.  Ainsi, Benoit Hamon veut il relancer l\u2019\u00e9conomie par la consommation des m\u00e9nages.  C\u00e9cile Duflot, dans la veine \u00e9cologique, propose d\u2019induire la relance de l\u2019activit\u00e9 \u00e9conomique par la conversion \u00e9nerg\u00e9tique en boostant le secteur des \u00e9nergies renouvelables prometteur, selon elle, de milliers d\u2019emplois.  Quand \u00e0 Jean-Luc M\u00e9lenchon il a lui aussi sa propre recette : des investissements dans un \u00ab secteur nouveau de l\u2019\u00e9conomie de la mer \u00bb qui servirait de moteur \u00e0 la relance g\u00e9n\u00e9rale de l\u2019activit\u00e9.  Chacun y allait donc de sa tambouille. O\u00f9 \u00e9tait-on ? Dans une \u00e9mission politique, ou dans une des nombreuses \u00e9missions culinaires qui occupent actuellement l\u2019espace audiovisuel ? \u00abDans \u00ab des paroles et des actes \u00bb ou \u00ab dans \u00ab le repas de cons \u00bb ?  La relance, une vieille recette de pilotage \u00e9conomique \u00e0 la disposition des pouvoirs politiques. De Pompidou \u00e0 Lionel Jospin en passant par Jacques Chirac et Raymond Barre, presque tous les gouvernements de la cinqui\u00e8me r\u00e9publique se sont fendus de \u00ab leur plan de relance \u00bb. Mais le plus c\u00e9l\u00e8bre de tous, celui qui m\u00e9rite de rester dans les annales de la m\u00e9moire politique, est celui de Pierre Mauroy en 1981, sous la pr\u00e9sidence de Fran\u00e7ois Mitterrand. Il ne se signale pas par son ampleur, 1%, quand celui de Jacques Chirac en 1975 portait sur 2,5 % du produit national, mais par sa signification politique. Il s\u2019\u00e9tait agi alors de faire de la p\u00e9dagogie de masse en sacrifiant \u00e0 ce vieux serpent de mer, et \u00e0 l\u2019esprit du programme commun de la gauche \u00bb qui bien que n\u2019ayant plus cours continuait de structurer le pens\u00e9e politique d\u2019alors.  En d\u00e9cidant la mise en \u0153uvre de ce plan de relance Fran\u00e7ois Mitterrand  faisait mine de tenir ses promesses et d\u2019acc\u00e9der aux revendications populaires.  \u00ab J\u2019ai fait disait-il, la politique pour laquelle les fran\u00e7ais m\u2019avaient \u00e9lu en 1981. Ils voulaient la relance. Ils l\u2019ont eue. On ne force pas les fran\u00e7ais c\u2019est \u00e0 eux de comprendre. Maintenant ils ont compris eux-m\u00eames que ce n\u2019\u00e9tait plus possible \u00bb. (Selon Pierre July \u00ab les ann\u00e9es Mitterrand \u00bb). En d\u00e9cidant d\u2019y mettre fin et de passer \u00e0 autre chose, il d\u00e9montrait l\u2019inanit\u00e9 \u2018du dogme \u00bb qu\u2019il remisait ainsi  dans les poubelles de l&rsquo;Histoire.  Ce n\u2019est donc pas bien \u00e9tonnant si Benoit Hamon, C\u00e9cile Duflot et Jean-Luc M\u00e9lenchon, qui tous trois \u00e0 leur mani\u00e8re r\u00eavent de ressusciter une gauche fantasm\u00e9e \u00bb, qui n\u2019a en v\u00e9rit\u00e9 jamais vraiment exist\u00e9, se proposent, chacun \u00e0 sa mani\u00e8re, d\u2019exhumer \u00ab ce vieux dogme \u00e9cul\u00e9 de la relance \u00bb symptomatique de \u00ab la pens\u00e9e de gauche \u00bb  Qu\u2019est-ce la relance ? C\u2019est l\u2019id\u00e9e que les maux sociaux du ch\u00f4mage, de la pr\u00e9carit\u00e9, de la r\u00e9cession des salaires sont les cons\u00e9quences induites de \u00ab la crise \u00e9conomique \u00bb et des politiques \u00ab r\u00e9cessionistes \u00bb d\u2019aust\u00e9rit\u00e9 mises en \u0153uvre,  et qu\u2019il faut relancer la machine \u00e9conomique pour voir reculer ceux-ci, pour que les offres d\u2019emplois repartent \u00e0 la hausse, etc.    \u00ab Les travailleurs, les salari\u00e9s, ne seraient fond\u00e9s, \u00e0 cette aune, \u00e0 r\u00e9clamer de meilleurs salaires, une meilleure protections sociale, des cr\u00e9ations d\u2019emplois, qu\u2019\u00e0 la condition expresse qu\u2019ils fassent tourner plus et plus fort, l\u2019\u00e9conomie capitaliste. Sans croissance pas d\u2019adoucissement \u00e0 escompter de la condition salariale. A l\u2019\u00e9chelle sociale tout enti\u00e8re, (\u00e0 l\u2019\u00e9chelle macro\u00e9conomique) cela n\u2019est rien moins que la transcription de l\u2019orduri\u00e8re formule individualiste de Sarkozy, \u00ab travailler plus pour gagner plus \u00bb. Ai-je \u00e9crit le 20 novembre 2013.   C\u2019est la fuite en avant productiviste, le contraire pr\u00e9cis\u00e9ment des pr\u00e9occupations \u00e9cologiques de fond et des exigences du moment. Que ce productivisme \u00ab oblig\u00e9 \u00bb pour am\u00e9liorer soi-disant  le niveau de l\u2019emploi et pour que les salari\u00e9s soient fond\u00e9s \u00e0 revendiquer \u00ab leurs part de l\u2019essor \u00bb, soit le r\u00e9sultat d\u2019un plan de relance traditionnel, ou par l\u2019effet d\u2019entrainement de \u00ab l\u2019\u00e9conomie de la mer \u00bb ou \u00ab des \u00e9nergies renouvelables \u00bb, ne change rien au fond de la question, il s\u2019agit toujours de la m\u00eame chose, rendre raison \u00e0 la logique productiviste du capitalisme.    Or, cette logique est un leurre. Nous l\u2019avons \u00e9crit et longuement expliqu\u00e9 d\u00e9j\u00e0 dans l\u2019article du 20 novembre 2013, cit\u00e9 plus haut, dont s\u2019\u00e9tait l\u2019intitul\u00e9 et auquel nous ne saurions mieux faire que de nous r\u00e9f\u00e9rer.  \u00ab\u00a0Je vous interpelle, \u00e9crivais-je alors, chers amis visiteurs. N\u2019avez-vous jamais song\u00e9 \u00e0 l\u2019enflure du verbe qui s\u2019exprime dans ce postulat de la \u00ab croissance \u00bb, comme objectif permanent de l\u2019\u00e9conomie, et aux calamit\u00e9s qui en d\u00e9coulent ? La population Fran\u00e7aise, et m\u00eame mondiale cro\u00eet. Il convient d\u2019assurer les ressources de tous les nouveaux individus qui peuplent les nations, mais un grand nombre d\u2019entre eux vit \u00ab chichement \u00bb voire m\u00eame en dessous du seuil de pauvret\u00e9. C\u2019est avec raison qu\u2019ils ont le droit de r\u00e9clamer l\u2019accroissement de leurs revenus. Et on leur r\u00e9pond, cela n\u2019est possible que si l\u2019\u00e9conomie croit. C\u2019est une fuite en avant sans fin. Comment l\u2019\u00e9conomie mondiale pourrait-elle croitre toujours, sans mettre en p\u00e9ril les ressources naturelles, l\u2019environnement, les grands \u00e9quilibres plan\u00e9taires ? En v\u00e9rit\u00e9, il y a une autre r\u00e9ponse aux dol\u00e9ances populaires. L\u2019\u00e9conomie mondiale telle qu\u2019elle est, produit d\u00e9j\u00e0 beaucoup de biens et de richesses qui suffiraient largement \u00e0 assurer le bien-\u00eatre de tous, \u00e0 la condition qu\u2019ils soient mieux r\u00e9partis, (que l\u2019on arr\u00eate la gabegie \u00bb) que le partage de la richesse produite, entre travail et capital soit r\u00e9\u00e9quilibr\u00e9 au profit du travail. Or c\u2019est pr\u00e9cis\u00e9ment de cela que les classes dirigeantes de la soci\u00e9t\u00e9, et leur personnel politique ne veulent surtout pas entendre parler.Le th\u00e8me de \u00ab la croissance \u00bb a pour fonction de d\u00e9tourner les regards de cette option en les fixant ailleurs, sur la \u00ab sant\u00e9 de l\u2019\u00e9conomie \u00bb (capitaliste) sur ses \u00e9lucubrations prom\u00e9th\u00e9ennes de \u00ab croissance infinie \u00bb. C\u2019est en ce sens que \u00ab la croissance \u00bb est un leurre. Contr\u00f4ler le partage de la richesse n\u2019est pas qu\u2019une question d\u2019\u00e9quit\u00e9. C\u2019est le passage oblig\u00e9 pour rendre \u00e0 \u00ab l\u2019homme \u00bb la maitrise d\u2019une machine folle dont il est l\u2019objet. L\u2019\u00e9conomie capitaliste est source d\u2019ali\u00e9nation. L\u2019\u00e9conomie raisonn\u00e9e est promesse de lib\u00e9ration La course effr\u00e9n\u00e9e au profit, pour le profit, sans aucuns rapports avec les besoins r\u00e9els de l\u2019humanit\u00e9, est g\u00e9n\u00e9ratrice de gaspillages cyclop\u00e9ens. Maitriser, raisonner l\u2019\u00e9conomie pour mettre fin \u00e0 cette gabegie d\u00e9gagerait des richesses colossales actuellement utilis\u00e9es en pures pertes ou futilit\u00e9s que l\u2019on pourrait mettre au service du bien commun \u00bbLa question fondamentale de nos soci\u00e9t\u00e9s, ce n\u2019est pas la croissance c\u2019est le partage des richesses.Est-ce \u00e0 dire qu\u2019il ne faut pas et jamais de \u00ab croissance \u00bb ? Non bien s\u00fbr ! Mais alors une croissance raisonn\u00e9e. Quoiqu\u2019il en soit, en l\u2019\u00e9tat actuel des choses, la \u00ab croissance \u00bb \u00e0 elle seule ne peut rien r\u00e9gler des mis\u00e8res du monde aussi longtemps que les accapareurs capitaliste s\u2019arrogent la part du lion et ne laisse que des miettes aux classes populaires.\u00a0\u00bb   Ce sera notre conclusion. C\u2019est la question du partage qu\u2019il convient de replacer au centre des pr\u00e9occupations. Ceux qui se retranchent derri\u00e8re \u00ab la croissance \u00bb, en appellent \u00e0 \u00ab la relance \u00bb, sciemment ou inconsciemment contribuent par ce leurre \u00e0 d\u00e9tourner l\u2019attention et la revendication populaire de ce qui doit-\u00eatre sa priorit\u00e9 et sa premi\u00e8re exigence. Ceux-l\u00e0 se posent objectivement en d\u00e9fenseurs et en rempart du syst\u00e8me. \u00bb. C\u2019est \u00e0 notre grande d\u00e9ception le pi\u00e8ge dans lequel, jeudi pass\u00e9, s\u2019est laiss\u00e9 enfermer Jean-Luc Collenchyme.  Mardi 9 d\u00e9cembre 2014.<\/p>\n","protected":false},"excerpt":{"rendered":"<p>LES TROIS MOUSQUETAIRES DE \u00ab LA RELANCE \u00bb Jean-Luc M\u00e9lenchon, C\u00e9cile Duflot et Benoit Hamon \u00e9taient jeudi 4 d\u00e9cembre au [&hellip;]<\/p>\n","protected":false},"author":1,"featured_media":0,"comment_status":"open","ping_status":"open","sticky":false,"template":"","format":"standard","meta":{"sfsi_plus_gutenberg_text_before_share":"","sfsi_plus_gutenberg_show_text_before_share":"","sfsi_plus_gutenberg_icon_type":"","sfsi_plus_gutenberg_icon_alignemt":"","sfsi_plus_gutenburg_max_per_row":"","site-sidebar-layout":"default","site-content-layout":"","ast-site-content-layout":"default","site-content-style":"default","site-sidebar-style":"default","ast-global-header-display":"","ast-banner-title-visibility":"","ast-main-header-display":"","ast-hfb-above-header-display":"","ast-hfb-below-header-display":"","ast-hfb-mobile-header-display":"","site-post-title":"","ast-breadcrumbs-content":"","ast-featured-img":"","footer-sml-layout":"","ast-disable-related-posts":"","theme-transparent-header-meta":"","adv-header-id-meta":"","stick-header-meta":"","header-above-stick-meta":"","header-main-stick-meta":"","header-below-stick-meta":"","astra-migrate-meta-layouts":"default","ast-page-background-enabled":"default","ast-page-background-meta":{"desktop":{"background-color":"var(--ast-global-color-4)","background-image":"","background-repeat":"repeat","background-position":"center center","background-size":"auto","background-attachment":"scroll","background-type":"","background-media":"","overlay-type":"","overlay-color":"","overlay-opacity":"","overlay-gradient":""},"tablet":{"background-color":"","background-image":"","background-repeat":"repeat","background-position":"center center","background-size":"auto","background-attachment":"scroll","background-type":"","background-media":"","overlay-type":"","overlay-color":"","overlay-opacity":"","overlay-gradient":""},"mobile":{"background-color":"","background-image":"","background-repeat":"repeat","background-position":"center center","background-size":"auto","background-attachment":"scroll","background-type":"","background-media":"","overlay-type":"","overlay-color":"","overlay-opacity":"","overlay-gradient":""}},"ast-content-background-meta":{"desktop":{"background-color":"var(--ast-global-color-5)","background-image":"","background-repeat":"repeat","background-position":"center center","background-size":"auto","background-attachment":"scroll","background-type":"","background-media":"","overlay-type":"","overlay-color":"","overlay-opacity":"","overlay-gradient":""},"tablet":{"background-color":"var(--ast-global-color-5)","background-image":"","background-repeat":"repeat","background-position":"center center","background-size":"auto","background-attachment":"scroll","background-type":"","background-media":"","overlay-type":"","overlay-color":"","overlay-opacity":"","overlay-gradient":""},"mobile":{"background-color":"var(--ast-global-color-5)","background-image":"","background-repeat":"repeat","background-position":"center center","background-size":"auto","background-attachment":"scroll","background-type":"","background-media":"","overlay-type":"","overlay-color":"","overlay-opacity":"","overlay-gradient":""}},"footnotes":""},"categories":[16],"tags":[],"class_list":["post-1190","post","type-post","status-publish","format-standard","hentry","category-archives-cms"],"_links":{"self":[{"href":"https:\/\/lavoiedessansvoix.fr\/lavoie\/wp-json\/wp\/v2\/posts\/1190","targetHints":{"allow":["GET"]}}],"collection":[{"href":"https:\/\/lavoiedessansvoix.fr\/lavoie\/wp-json\/wp\/v2\/posts"}],"about":[{"href":"https:\/\/lavoiedessansvoix.fr\/lavoie\/wp-json\/wp\/v2\/types\/post"}],"author":[{"embeddable":true,"href":"https:\/\/lavoiedessansvoix.fr\/lavoie\/wp-json\/wp\/v2\/users\/1"}],"replies":[{"embeddable":true,"href":"https:\/\/lavoiedessansvoix.fr\/lavoie\/wp-json\/wp\/v2\/comments?post=1190"}],"version-history":[{"count":0,"href":"https:\/\/lavoiedessansvoix.fr\/lavoie\/wp-json\/wp\/v2\/posts\/1190\/revisions"}],"wp:attachment":[{"href":"https:\/\/lavoiedessansvoix.fr\/lavoie\/wp-json\/wp\/v2\/media?parent=1190"}],"wp:term":[{"taxonomy":"category","embeddable":true,"href":"https:\/\/lavoiedessansvoix.fr\/lavoie\/wp-json\/wp\/v2\/categories?post=1190"},{"taxonomy":"post_tag","embeddable":true,"href":"https:\/\/lavoiedessansvoix.fr\/lavoie\/wp-json\/wp\/v2\/tags?post=1190"}],"curies":[{"name":"wp","href":"https:\/\/api.w.org\/{rel}","templated":true}]}}