{"id":1187,"date":"2014-12-13T03:50:00","date_gmt":"2014-12-13T02:50:00","guid":{"rendered":"https:\/\/lavoiedessansvoix.fr\/lavoie\/2014\/12\/13\/archive-le-desastre-de-barak-obama\/"},"modified":"2014-12-13T03:50:00","modified_gmt":"2014-12-13T02:50:00","slug":"archive-le-desastre-de-barak-obama","status":"publish","type":"post","link":"https:\/\/lavoiedessansvoix.fr\/lavoie\/2014\/12\/13\/archive-le-desastre-de-barak-obama\/","title":{"rendered":"LE D\u00c9SASTRE DE BARAK OBAMA"},"content":{"rendered":"<p>LE D\u00c9SASTRE DE BARAK OBAMA.   Sa r\u00e9forme du syst\u00e8me d\u2019assurance maladie s\u2019est r\u00e9v\u00e9l\u00e9e \u00eatre un leurre pour les moins favoris\u00e9s des am\u00e9ricains. Le red\u00e9marrage conjoncturel de l\u2019\u00e9conomie s\u2019accompagne de l\u2019explosion des petits boulots et de la pr\u00e9carit\u00e9 sociale. Le prix Nobel de la paix avait fait un coup m\u00e9diatique pour redorer son blason en commanditant le meurtre de Ben Laden.  Instrumentalisant une r\u00e9volution par ci, fomentant un coup d\u2019\u00c9tat par-l\u00e0, envoyant ses chiens de guerre Fran\u00e7ais et Britanniques faire la sale besogne \u00e0 sa place, tirant les ficelles dans l\u2019ombre, il jouait \u00e0 l\u2019homme qui n\u2019y \u00e9tait pour rien \u00bb. Le masque commen\u00e7a \u00e0 tomber quand pr\u00e9textant de soi-disant attaques chimiques du r\u00e9gime du Pr\u00e9sident Assad, il se retrouva, en premi\u00e8re ligne, avec la seule France, en situation de frapper massivement la Syrie. Or, le voil\u00e0 \u00e0 pr\u00e9sent oblig\u00e9, celui qui se voulait le pr\u00e9sident du d\u00e9sengagement am\u00e9ricain en Irak et en Afghanistan. d\u2019envoyer des troupes au sol pour combattre l\u2019 E.I., sa cr\u00e9ature diabolique. Le voil\u00e0 qui joue les \u00ab gros-bras \u00bb au Y\u00e9men et se fait ratatiner. La concordance de ces deux \u00e9v\u00e8nements est forte d\u2019une signification : celle du lamentable \u00e9chec d\u2019une politique et d\u2019un homme \u00e0 qui tout tourne mal. Voil\u00e0 pour compl\u00e9ter le tableau  que sous sa pr\u00e9sidence \u00e0 lui, le premier pr\u00e9sident noir de l\u2019Histoire des \u00c9tats-Unis les \u00ab afro-am\u00e9ricains \u00bb se font tirer comme des lapins. , l\u2019Am\u00e9rique qui pr\u00e9tendait en 2007 ( ?) avoir rallum\u00e9 son \u00ab r\u00eave \u00bb constitutif, renoue en 2014 avec ses vieux d\u00e9mons des tensions raciales. Et le Pr\u00e9sident noir des USA n&rsquo;est pas m\u00eame capable en de telles circonstances d&rsquo;adopter l&rsquo;attitude digne et ferme qui conviendrait \u00e0 pareille situation.  Comme la France, c\u2019est bien connu, Les USA ne paie pas de ran\u00e7on pour la lib\u00e9ration de leurs otages. Ils pr\u00e9f\u00e8rent les mettre en p\u00e9ril avec des actions commandos meurtri\u00e8res. Ils se sont m\u00eame trouver une justification morale \u00ab de toute fa\u00e7on ils seraient morts \u00bb, digne de Caligula. Les USA ne veulent pas payer de ran\u00e7on car ce serait \u00ab financer le terrorisme \u00bb. Alors l\u00e0 on est dans la com\u00e9die cynique de la pire esp\u00e8ce. Ceux-l\u00e0 qu\u2019ils ne veulent pas financer avec l\u2019argent des ran\u00e7ons qui sauveraient leurs concitoyens, ne les ont-ils pas recrut\u00e9s arm\u00e9s, entrain\u00e9s et financ\u00e9s directement ou indirectement avec l\u2019argent du Qatar et de l\u2019Arabie Saoudite, la contribution de la Jordanie et de la Turquie, leurs alli\u00e9s qu\u2019ils soutiennent et sustentent et fournissent en armements ouvertement,   Autrement dit et pour parler clair, ils n\u2019ont pas d\u2019objection morale \u00e0 financer  et \u00e0 instrumentaliser, dans leur sale guerre contre la Syrie la\u00efque, les hordes terroristes d\u2019un Islam d\u00e9voy\u00e9, qui mettent la r\u00e9gion \u00e0 feu et \u00e0 sang, mais, afin d\u2019abuser l\u2018opinion, de se faire passer tout de m\u00eame pour les agneaux du seigneur, ils ne rechignent pas, terriblement impudent et inhumains \u00e0 refuser de l\u00e2cher un cents pour sauver leurs concitoyens.  Ah, le bel et bon esprit d\u00e9mocratique de l\u2019Am\u00e9rique. Ah, le terrible d\u00e9sastre d\u2019Obama.  Patrick Seignon. \u00ab lavoiedessansvoix.fr \u00bb. Samedi 13 d\u00e9cembre 2014.<\/p>\n","protected":false},"excerpt":{"rendered":"<p>LE D\u00c9SASTRE DE BARAK OBAMA. Sa r\u00e9forme du syst\u00e8me d\u2019assurance maladie s\u2019est r\u00e9v\u00e9l\u00e9e \u00eatre un leurre pour les moins favoris\u00e9s [&hellip;]<\/p>\n","protected":false},"author":1,"featured_media":0,"comment_status":"open","ping_status":"open","sticky":false,"template":"","format":"standard","meta":{"sfsi_plus_gutenberg_text_before_share":"","sfsi_plus_gutenberg_show_text_before_share":"","sfsi_plus_gutenberg_icon_type":"","sfsi_plus_gutenberg_icon_alignemt":"","sfsi_plus_gutenburg_max_per_row":"","site-sidebar-layout":"default","site-content-layout":"","ast-site-content-layout":"default","site-content-style":"default","site-sidebar-style":"default","ast-global-header-display":"","ast-banner-title-visibility":"","ast-main-header-display":"","ast-hfb-above-header-display":"","ast-hfb-below-header-display":"","ast-hfb-mobile-header-display":"","site-post-title":"","ast-breadcrumbs-content":"","ast-featured-img":"","footer-sml-layout":"","ast-disable-related-posts":"","theme-transparent-header-meta":"","adv-header-id-meta":"","stick-header-meta":"","header-above-stick-meta":"","header-main-stick-meta":"","header-below-stick-meta":"","astra-migrate-meta-layouts":"default","ast-page-background-enabled":"default","ast-page-background-meta":{"desktop":{"background-color":"var(--ast-global-color-4)","background-image":"","background-repeat":"repeat","background-position":"center center","background-size":"auto","background-attachment":"scroll","background-type":"","background-media":"","overlay-type":"","overlay-color":"","overlay-opacity":"","overlay-gradient":""},"tablet":{"background-color":"","background-image":"","background-repeat":"repeat","background-position":"center center","background-size":"auto","background-attachment":"scroll","background-type":"","background-media":"","overlay-type":"","overlay-color":"","overlay-opacity":"","overlay-gradient":""},"mobile":{"background-color":"","background-image":"","background-repeat":"repeat","background-position":"center center","background-size":"auto","background-attachment":"scroll","background-type":"","background-media":"","overlay-type":"","overlay-color":"","overlay-opacity":"","overlay-gradient":""}},"ast-content-background-meta":{"desktop":{"background-color":"var(--ast-global-color-5)","background-image":"","background-repeat":"repeat","background-position":"center center","background-size":"auto","background-attachment":"scroll","background-type":"","background-media":"","overlay-type":"","overlay-color":"","overlay-opacity":"","overlay-gradient":""},"tablet":{"background-color":"var(--ast-global-color-5)","background-image":"","background-repeat":"repeat","background-position":"center center","background-size":"auto","background-attachment":"scroll","background-type":"","background-media":"","overlay-type":"","overlay-color":"","overlay-opacity":"","overlay-gradient":""},"mobile":{"background-color":"var(--ast-global-color-5)","background-image":"","background-repeat":"repeat","background-position":"center center","background-size":"auto","background-attachment":"scroll","background-type":"","background-media":"","overlay-type":"","overlay-color":"","overlay-opacity":"","overlay-gradient":""}},"footnotes":""},"categories":[16],"tags":[],"class_list":["post-1187","post","type-post","status-publish","format-standard","hentry","category-archives-cms"],"_links":{"self":[{"href":"https:\/\/lavoiedessansvoix.fr\/lavoie\/wp-json\/wp\/v2\/posts\/1187","targetHints":{"allow":["GET"]}}],"collection":[{"href":"https:\/\/lavoiedessansvoix.fr\/lavoie\/wp-json\/wp\/v2\/posts"}],"about":[{"href":"https:\/\/lavoiedessansvoix.fr\/lavoie\/wp-json\/wp\/v2\/types\/post"}],"author":[{"embeddable":true,"href":"https:\/\/lavoiedessansvoix.fr\/lavoie\/wp-json\/wp\/v2\/users\/1"}],"replies":[{"embeddable":true,"href":"https:\/\/lavoiedessansvoix.fr\/lavoie\/wp-json\/wp\/v2\/comments?post=1187"}],"version-history":[{"count":0,"href":"https:\/\/lavoiedessansvoix.fr\/lavoie\/wp-json\/wp\/v2\/posts\/1187\/revisions"}],"wp:attachment":[{"href":"https:\/\/lavoiedessansvoix.fr\/lavoie\/wp-json\/wp\/v2\/media?parent=1187"}],"wp:term":[{"taxonomy":"category","embeddable":true,"href":"https:\/\/lavoiedessansvoix.fr\/lavoie\/wp-json\/wp\/v2\/categories?post=1187"},{"taxonomy":"post_tag","embeddable":true,"href":"https:\/\/lavoiedessansvoix.fr\/lavoie\/wp-json\/wp\/v2\/tags?post=1187"}],"curies":[{"name":"wp","href":"https:\/\/api.w.org\/{rel}","templated":true}]}}