{"id":1185,"date":"2014-12-20T16:58:00","date_gmt":"2014-12-20T15:58:00","guid":{"rendered":"https:\/\/lavoiedessansvoix.fr\/lavoie\/2014\/12\/20\/archive-l-imbroglio-de-la-havane\/"},"modified":"2014-12-20T16:58:00","modified_gmt":"2014-12-20T15:58:00","slug":"archive-l-imbroglio-de-la-havane","status":"publish","type":"post","link":"https:\/\/lavoiedessansvoix.fr\/lavoie\/2014\/12\/20\/archive-l-imbroglio-de-la-havane\/","title":{"rendered":"L\u2019IMBROGLIO DE LA HAVANE"},"content":{"rendered":"<p>L\u2019IMBROGLIO DE LA HAVANE   Apr\u00e8s 54 ans d\u2019embargo et de rupture des relations diplomatiques, le pr\u00e9sident Obama, \u00e0 la surprise g\u00e9n\u00e9rale, a d\u00e9cid\u00e9 de proc\u00e9der \u00e0 un \u00e9change d\u2019Ambassadeurs avec Cuba. La perspective est d\u00e8s-lors ouverte d\u2019une prochaine possible lev\u00e9e de l\u2019embargo.  Les USA et Cuba renouent des relations diplomatiques normales entre \u00c9tats. Quoi de plus rassurant, de plus simple et de plus limpide ?  C\u2019est ce que l\u2019on pourrait dire et s\u2019en tenir \u00e0 cette vision optimiste des choses, si Cuba et les USA ne faisaient pas partie tous deux de la plan\u00e8te Terre.  Or, ils en font partie, et si l\u2019on superpose cet \u00e9v\u00e8nements limpide \u00e0 d\u2019autres, concomitants, qui se d\u00e9roulent \u00e0 la surface du globe, alors c\u2019est \u00e0 ne plus rien comprendre. Ce qui pouvait passer pour un \u00e9v\u00e8nement simple et clair prend alors l\u2019allure d\u2019un v\u00e9ritable imbroglio.  Comment expliquer en effet la volont\u00e9 des USA de r\u00e9tablir des relations diplomatiques normales avec Cuba quand dans le m\u00eame temps ils cherchent noises \u00e0 la Syrie, \u00e0 l\u2019Iran, \u00e0 la Cor\u00e9e du nord, \u00e0 la Russie, et j\u2019en passe, et qu\u2019ils s\u2019ing\u00e9nient \u00e0 fomenter un coup d\u2019Etat au Venezuela ?  Barak Obama a dit que l\u2019embargo avait prouv\u00e9 son inefficacit\u00e9. Qu\u2019est-ce que l\u2019embargo ? C\u2019est le plus haut degr\u00e9 de sanctions \u00e9conomique que l\u2019on puisse imaginer contre un Etat. Alors si la sanction \u00e9conomique absolue qu\u2019est l\u2019embargo a prouv\u00e9, sur une p\u00e9riode de 54 ans, son inefficacit\u00e9 contre une ile de 11 millions d\u2019habitants, pourquoi s\u2019ing\u00e9nier \u00e0 prendre des sanctions \u00e9conomiques qui sont un embargo partiel contre la Russie le plus vaste pays de la plan\u00e8te comptant plus de 140 millions de citoyens ?  C\u2019est pourtant ce que fait Obama d\u00e9montrant pour le moins l\u2019incoh\u00e9rence totale de sa politique internationale.  Non, en v\u00e9rit\u00e9 la politique internationale des USA a tout de m\u00eame une certaine coh\u00e9rence que nous allons r\u00e9tablir illico.  On ne peut pas \u00eatre f\u00e2ch\u00e9 avec tout le monde, tel en est le fondement. Nous avons dit dans de pr\u00e9c\u00e9dents articles les progr\u00e8s de la politique internationale et des relations \u00e9conomiques de la Russie, un de ses atouts sont ses relations avec les \u00ab BRICS \u00bb (Br\u00e9sil, Russie, Iran, Cuba et Afrique du Sud) dont elle est partie prenante, et qui lui ouvre les c\u0153urs et de nombreuses opportunit\u00e9s en Am\u00e9rique Latine, quand l\u2019arrogance Am\u00e9ricaine et l\u2019histoire encore brulante nourrissent des antipathies \u00e0 l\u2019\u00e9gard des USA. C\u2019est donc afin de contrebalancer cet effet n\u00e9gatif et de contenir l\u2019avanc\u00e9e Russe dans le sous-continent qu\u2019Obama a d\u00e9cid\u00e9 de normaliser ses relations avec Cuba.  Faisant cela il escompte en tout premier lieu un b\u00e9n\u00e9fice rapide  en termes d\u2019image des USA, dans toute l\u2019Am\u00e9rique latine.  En second lieu il esp\u00e8re  pouvoir d\u00e8s lors tenter de peser sur la politique ext\u00e9rieure Cubaine avec un chantage \u00e0 la poursuite de la normalisation, faisant miroiter tant\u00f4t la perspective de la lev\u00e9e progressive ou totale de l\u2019embargo tant\u00f4t la menace de son maintien partiel, voire de son r\u00e9tablissement.  Dans le temps ou la politique internationale des USA devient de plus en plus agressive, multipliant les foyers de tension dans le monde, et entre autre au Venezuela, pays ami, qui entretient des relations privil\u00e9gi\u00e9es avec Cuba, Barak Obama esp\u00e8re faire baisser la garde aux dirigeants Cubains.Dimanche 21 d\u00e9cembre 2014.<\/p>\n","protected":false},"excerpt":{"rendered":"<p>L\u2019IMBROGLIO DE LA HAVANE Apr\u00e8s 54 ans d\u2019embargo et de rupture des relations diplomatiques, le pr\u00e9sident Obama, \u00e0 la surprise [&hellip;]<\/p>\n","protected":false},"author":1,"featured_media":0,"comment_status":"open","ping_status":"open","sticky":false,"template":"","format":"standard","meta":{"sfsi_plus_gutenberg_text_before_share":"","sfsi_plus_gutenberg_show_text_before_share":"","sfsi_plus_gutenberg_icon_type":"","sfsi_plus_gutenberg_icon_alignemt":"","sfsi_plus_gutenburg_max_per_row":"","site-sidebar-layout":"default","site-content-layout":"","ast-site-content-layout":"default","site-content-style":"default","site-sidebar-style":"default","ast-global-header-display":"","ast-banner-title-visibility":"","ast-main-header-display":"","ast-hfb-above-header-display":"","ast-hfb-below-header-display":"","ast-hfb-mobile-header-display":"","site-post-title":"","ast-breadcrumbs-content":"","ast-featured-img":"","footer-sml-layout":"","ast-disable-related-posts":"","theme-transparent-header-meta":"","adv-header-id-meta":"","stick-header-meta":"","header-above-stick-meta":"","header-main-stick-meta":"","header-below-stick-meta":"","astra-migrate-meta-layouts":"default","ast-page-background-enabled":"default","ast-page-background-meta":{"desktop":{"background-color":"var(--ast-global-color-4)","background-image":"","background-repeat":"repeat","background-position":"center center","background-size":"auto","background-attachment":"scroll","background-type":"","background-media":"","overlay-type":"","overlay-color":"","overlay-opacity":"","overlay-gradient":""},"tablet":{"background-color":"","background-image":"","background-repeat":"repeat","background-position":"center center","background-size":"auto","background-attachment":"scroll","background-type":"","background-media":"","overlay-type":"","overlay-color":"","overlay-opacity":"","overlay-gradient":""},"mobile":{"background-color":"","background-image":"","background-repeat":"repeat","background-position":"center center","background-size":"auto","background-attachment":"scroll","background-type":"","background-media":"","overlay-type":"","overlay-color":"","overlay-opacity":"","overlay-gradient":""}},"ast-content-background-meta":{"desktop":{"background-color":"var(--ast-global-color-5)","background-image":"","background-repeat":"repeat","background-position":"center center","background-size":"auto","background-attachment":"scroll","background-type":"","background-media":"","overlay-type":"","overlay-color":"","overlay-opacity":"","overlay-gradient":""},"tablet":{"background-color":"var(--ast-global-color-5)","background-image":"","background-repeat":"repeat","background-position":"center center","background-size":"auto","background-attachment":"scroll","background-type":"","background-media":"","overlay-type":"","overlay-color":"","overlay-opacity":"","overlay-gradient":""},"mobile":{"background-color":"var(--ast-global-color-5)","background-image":"","background-repeat":"repeat","background-position":"center center","background-size":"auto","background-attachment":"scroll","background-type":"","background-media":"","overlay-type":"","overlay-color":"","overlay-opacity":"","overlay-gradient":""}},"footnotes":""},"categories":[16],"tags":[],"class_list":["post-1185","post","type-post","status-publish","format-standard","hentry","category-archives-cms"],"_links":{"self":[{"href":"https:\/\/lavoiedessansvoix.fr\/lavoie\/wp-json\/wp\/v2\/posts\/1185","targetHints":{"allow":["GET"]}}],"collection":[{"href":"https:\/\/lavoiedessansvoix.fr\/lavoie\/wp-json\/wp\/v2\/posts"}],"about":[{"href":"https:\/\/lavoiedessansvoix.fr\/lavoie\/wp-json\/wp\/v2\/types\/post"}],"author":[{"embeddable":true,"href":"https:\/\/lavoiedessansvoix.fr\/lavoie\/wp-json\/wp\/v2\/users\/1"}],"replies":[{"embeddable":true,"href":"https:\/\/lavoiedessansvoix.fr\/lavoie\/wp-json\/wp\/v2\/comments?post=1185"}],"version-history":[{"count":0,"href":"https:\/\/lavoiedessansvoix.fr\/lavoie\/wp-json\/wp\/v2\/posts\/1185\/revisions"}],"wp:attachment":[{"href":"https:\/\/lavoiedessansvoix.fr\/lavoie\/wp-json\/wp\/v2\/media?parent=1185"}],"wp:term":[{"taxonomy":"category","embeddable":true,"href":"https:\/\/lavoiedessansvoix.fr\/lavoie\/wp-json\/wp\/v2\/categories?post=1185"},{"taxonomy":"post_tag","embeddable":true,"href":"https:\/\/lavoiedessansvoix.fr\/lavoie\/wp-json\/wp\/v2\/tags?post=1185"}],"curies":[{"name":"wp","href":"https:\/\/api.w.org\/{rel}","templated":true}]}}