{"id":1180,"date":"2015-01-07T16:05:00","date_gmt":"2015-01-07T15:05:00","guid":{"rendered":"https:\/\/lavoiedessansvoix.fr\/lavoie\/2015\/01\/07\/archive-le-peril-de-la-cgt\/"},"modified":"2015-01-07T16:05:00","modified_gmt":"2015-01-07T15:05:00","slug":"archive-le-peril-de-la-cgt","status":"publish","type":"post","link":"https:\/\/lavoiedessansvoix.fr\/lavoie\/2015\/01\/07\/archive-le-peril-de-la-cgt\/","title":{"rendered":"LE P\u00c9RIL DE LA CGT"},"content":{"rendered":"<p>LE P\u00c9RIL DE LA CGT Corruption ? Nous sugg\u00e8re-t-on.  Corruption du secr\u00e9taire G\u00e9n\u00e9ral de la CGT par la CGT elle-m\u00eame. Car pour autant que nous sachions les d\u00e9penses engag\u00e9es pour les r\u00e9novations de l\u2019appartement de fonction et du bureau, la prime m\u00eame dont il aurait \u00e9t\u00e9 gratifi\u00e9 lors de son d\u00e9part du Pas de Calais, \u00e9manent bien de la tr\u00e9sorerie de la CGT.  Train de \u00bb vie ostentatoire ? Il  ne faut peut-\u00eatre pas exag\u00e9rer Un appartement de 120 m\u00e8tres carr\u00e9s dont il n\u2019est pas propri\u00e9taire. Il conviendrait de savoir raison garder.   D\u00e9penses somptuaires ? Nous avions d\u00e9j\u00e0 r\u00e9pondu \u00e0 cette objection, de mani\u00e8re tr\u00e8s technique, dans notre article du 5 novembre 2014 \u00ab Se faire Lepaon \u00bb.   La presse, \u00ab les m\u00e9dias audiovisuels \u00bb, instruments \u00ab du syst\u00e8me \u00bb font mousser cette affaire de mani\u00e8re ind\u00e9cente. Le r\u00e9flexe populiste auquel ils font appel pour construire leur campagne est le r\u00e9flexe du chien. Celui-ci jaloux est toujours pr\u00eat \u00e0 disputer la gamelle de son cong\u00e9n\u00e8re, jamais la grasse assiette de son maitre \u00bb.  Le 5 novembre 2014, nous sommes d\u00e9j\u00e0 intervenus \u00e0 propos de \u00ab l\u2019affaire LEPAON. Si nous avions  fustig\u00e9e \u00ab l\u2019attaque venue d\u2019on ne sait o\u00f9 \u00bb, nous insistions surtout sur le caract\u00e8re surfait, en v\u00e9rit\u00e9 d\u00e9risoire, de la pr\u00e9tendue \u00ab affaire \u00bb. Et de conclure : \u00bb Alors, de gr\u00e2ce messieurs ne polluez plus nos oreilles avec votre cabale ridicule. \u00bb   Nous sommes bien petits et n\u2019avons bien s\u00fbr pas \u00e9t\u00e9 \u00e9cout\u00e9. La cabale c\u2019est poursuivie. Thierry Lepaon et le bureau ex\u00e9cutif de la CGT ont d\u00e9missionn\u00e9 hier. Le CCN de la CGT tranchera bient\u00f4t. (Nous avons appris dans la journ\u00e9e la d\u00e9mission \u00e0 pr\u00e9sent acquise de Thierry Lepaon)  Alors nous allons \u00eatre plus clairs.  \u00ab Attaque venue d\u2019on ne sait o\u00f9 \u00bb.  C\u2019\u00e9tait la mani\u00e8re \u00ab soft \u00bb de dire que cette affaire avait des tenants cach\u00e9s. En v\u00e9rit\u00e9, nous nous en doutons bien un peu, \u00ab les fuites \u00bb et informations mal intentionn\u00e9es dont \u00ab le canard enchain\u00e9 \u00bb c\u2019est fait le relais, sont venues de l\u2019int\u00e9rieur m\u00eame de \u00ab la CGT \u00bb, de certains de ces cadres et dirigeants. Il ne peut en aller autrement. Ce ne sont que les prolongements d\u2019une sourde bataille au sommet, qui s\u2019\u00e9tait engag\u00e9 d\u00e8s avant l\u2019\u00e9lection au secr\u00e9tariat g\u00e9n\u00e9ral de Thierry Lepaon soutenu par Bernard Thibault.  C\u2019est quoi cette bataille, c\u2019est qui, qu\u2019elles sont les positions respectives et orientations des uns et des autres ? Voil\u00e0 ce qu\u2019il nous int\u00e9resserait de savoir. Bon, l\u2019on devine vaguement \u00ab qu\u2019une tendance \u00bb que les m\u00e9dias menteurs qualifient de \u00ab moderniste \u00bb s\u2019oppose \u00e0 une autre plus \u00ab traditionnelle \u00bb. Voil\u00e0 sur quoi les travailleurs et salari\u00e9s aimeraient avoir des \u00e9claircissements. Sur quoi ils aimeraient pouvoir se prononcer en faveur des uns ou des autres. Nous nous prononcerions nous m\u00eame si les termes d\u2019un d\u00e9bat \u00e9taient plus ou moins clairement formul\u00e9s. Mais nous refusons cat\u00e9goriquement de prendre parti dans une bataille naus\u00e9abonde de coup tordus.  On nous parle de \u00ab Corruption \u00bb, \u00e0 250 000 euros tout compris, et bien que d\u00e9risoire cela est sans nul doute, nous en convenons, incompatible avec la mission du syndicalisme. Mais nous constatons aussi qu\u2019une tendance, laquelle ? Tente de d\u00e9stabiliser l\u2019autre pour s\u2019emparer de la direction de la CGT. La m\u00e9thode dont elle use \u00e0 cette fin est r\u00e9dhibitoire \u00e0 notre sens. Comment les syndicalistes de la base les salari\u00e9s \u00e9lecteurs de la Conf\u00e9d\u00e9ration historique du syndicalisme fran\u00e7ais, pourraient-ils remettre le destin de la CGT dans les mains de gens qui agissent avec des m\u00e9thodes de brigands ?   Corruption contre proc\u00e9d\u00e9s de bandits. Nous craignons surtout que la CGT y laisse des plumes dans un temps o\u00f9 il conviendrait de pr\u00e9parer activement une contre-offensive sociale.  Mais ne serait-ce pas l\u00e0 que r\u00e9side le sens de toute cette affaire ?  Chacun sait, voil\u00e0 deux ans au moins que cette crainte hante les esprits dans les sph\u00e8res du pouvoir, que les dirigeants de notre pays, redoutent un embrasement social. Quand pour toute r\u00e9ponse aux angoisses et \u00e0 la d\u00e9sesp\u00e9rance populaire, le Pr\u00e9sident de la r\u00e9publique et le Premier ministre r\u00e9torquent qu\u2019il faut garder le cap et m\u00eame acc\u00e9l\u00e9rer les r\u00e9formes anti sociales, ils ont tout lieu en effet de penser que l\u2019hypoth\u00e8se pourrait bien devenir r\u00e9alit\u00e9. Or, en cas d\u2019embrasement social, les tendances de \u00ab luttes \u00bb dans la CGT, seraient renforc\u00e9es, et celle-ci pourrait bien accompagner le mouvement, voire se radicaliser avec lui. L\u2019op\u00e9ration en cours ne serait-elle pas, dans cette perspective, une manigance men\u00e9e de longue main avec la complicit\u00e9 du pouvoir et le PS pour mettre la CGT sous contr\u00f4le ? A d\u00e9faut l\u2019affaiblir pour la rendre inop\u00e9rante ?  Mercredi 7janvier 2015.<\/p>\n","protected":false},"excerpt":{"rendered":"<p>LE P\u00c9RIL DE LA CGT Corruption ? Nous sugg\u00e8re-t-on. Corruption du secr\u00e9taire G\u00e9n\u00e9ral de la CGT par la CGT elle-m\u00eame. [&hellip;]<\/p>\n","protected":false},"author":1,"featured_media":0,"comment_status":"open","ping_status":"open","sticky":false,"template":"","format":"standard","meta":{"sfsi_plus_gutenberg_text_before_share":"","sfsi_plus_gutenberg_show_text_before_share":"","sfsi_plus_gutenberg_icon_type":"","sfsi_plus_gutenberg_icon_alignemt":"","sfsi_plus_gutenburg_max_per_row":"","site-sidebar-layout":"default","site-content-layout":"","ast-site-content-layout":"default","site-content-style":"default","site-sidebar-style":"default","ast-global-header-display":"","ast-banner-title-visibility":"","ast-main-header-display":"","ast-hfb-above-header-display":"","ast-hfb-below-header-display":"","ast-hfb-mobile-header-display":"","site-post-title":"","ast-breadcrumbs-content":"","ast-featured-img":"","footer-sml-layout":"","ast-disable-related-posts":"","theme-transparent-header-meta":"","adv-header-id-meta":"","stick-header-meta":"","header-above-stick-meta":"","header-main-stick-meta":"","header-below-stick-meta":"","astra-migrate-meta-layouts":"default","ast-page-background-enabled":"default","ast-page-background-meta":{"desktop":{"background-color":"var(--ast-global-color-4)","background-image":"","background-repeat":"repeat","background-position":"center center","background-size":"auto","background-attachment":"scroll","background-type":"","background-media":"","overlay-type":"","overlay-color":"","overlay-opacity":"","overlay-gradient":""},"tablet":{"background-color":"","background-image":"","background-repeat":"repeat","background-position":"center center","background-size":"auto","background-attachment":"scroll","background-type":"","background-media":"","overlay-type":"","overlay-color":"","overlay-opacity":"","overlay-gradient":""},"mobile":{"background-color":"","background-image":"","background-repeat":"repeat","background-position":"center center","background-size":"auto","background-attachment":"scroll","background-type":"","background-media":"","overlay-type":"","overlay-color":"","overlay-opacity":"","overlay-gradient":""}},"ast-content-background-meta":{"desktop":{"background-color":"var(--ast-global-color-5)","background-image":"","background-repeat":"repeat","background-position":"center center","background-size":"auto","background-attachment":"scroll","background-type":"","background-media":"","overlay-type":"","overlay-color":"","overlay-opacity":"","overlay-gradient":""},"tablet":{"background-color":"var(--ast-global-color-5)","background-image":"","background-repeat":"repeat","background-position":"center center","background-size":"auto","background-attachment":"scroll","background-type":"","background-media":"","overlay-type":"","overlay-color":"","overlay-opacity":"","overlay-gradient":""},"mobile":{"background-color":"var(--ast-global-color-5)","background-image":"","background-repeat":"repeat","background-position":"center center","background-size":"auto","background-attachment":"scroll","background-type":"","background-media":"","overlay-type":"","overlay-color":"","overlay-opacity":"","overlay-gradient":""}},"footnotes":""},"categories":[16],"tags":[],"class_list":["post-1180","post","type-post","status-publish","format-standard","hentry","category-archives-cms"],"_links":{"self":[{"href":"https:\/\/lavoiedessansvoix.fr\/lavoie\/wp-json\/wp\/v2\/posts\/1180","targetHints":{"allow":["GET"]}}],"collection":[{"href":"https:\/\/lavoiedessansvoix.fr\/lavoie\/wp-json\/wp\/v2\/posts"}],"about":[{"href":"https:\/\/lavoiedessansvoix.fr\/lavoie\/wp-json\/wp\/v2\/types\/post"}],"author":[{"embeddable":true,"href":"https:\/\/lavoiedessansvoix.fr\/lavoie\/wp-json\/wp\/v2\/users\/1"}],"replies":[{"embeddable":true,"href":"https:\/\/lavoiedessansvoix.fr\/lavoie\/wp-json\/wp\/v2\/comments?post=1180"}],"version-history":[{"count":0,"href":"https:\/\/lavoiedessansvoix.fr\/lavoie\/wp-json\/wp\/v2\/posts\/1180\/revisions"}],"wp:attachment":[{"href":"https:\/\/lavoiedessansvoix.fr\/lavoie\/wp-json\/wp\/v2\/media?parent=1180"}],"wp:term":[{"taxonomy":"category","embeddable":true,"href":"https:\/\/lavoiedessansvoix.fr\/lavoie\/wp-json\/wp\/v2\/categories?post=1180"},{"taxonomy":"post_tag","embeddable":true,"href":"https:\/\/lavoiedessansvoix.fr\/lavoie\/wp-json\/wp\/v2\/tags?post=1180"}],"curies":[{"name":"wp","href":"https:\/\/api.w.org\/{rel}","templated":true}]}}