{"id":1179,"date":"2015-01-07T17:11:00","date_gmt":"2015-01-07T16:11:00","guid":{"rendered":"https:\/\/lavoiedessansvoix.fr\/lavoie\/2015\/01\/07\/archive-union-nationale-non\/"},"modified":"2015-01-07T17:11:00","modified_gmt":"2015-01-07T16:11:00","slug":"archive-union-nationale-non","status":"publish","type":"post","link":"https:\/\/lavoiedessansvoix.fr\/lavoie\/2015\/01\/07\/archive-union-nationale-non\/","title":{"rendered":"UNION NATIONALE ? NON !"},"content":{"rendered":"<p>UNION NATIONALE ? NON !   Une attaque ignominieuse c\u2019est produite aujourd\u2019hui \u00e0 Paris, une attaque contre l\u2019humour et la libert\u00e9 d\u2019expression. Nous condamnons bien s\u00fbr cet acte barbare, comme nous condamnons tous les actes de la \u00ab barbarie \u00bb qu\u2019ils soient le fait de groupes dit \u00ab terroristes \u00bb ou celui \u00ab des \u00c9tats \u00bb.  Nous pleurons m\u00eame. La mort de gens que nous avons souvent appr\u00e9ci\u00e9s, et manifestons ici notre d\u00e9go\u00fbt pour leurs assassins.  Mais les \u00ab Pr\u00e9sidents de la r\u00e9publique \u00bb, actuels et anciens, rejoints en cela par un grand nombre de personnalit\u00e9s politiques appellent, en r\u00e9action au drame, \u00e0 l\u2019union nationale.  Non ! R\u00e9pliquons-nous s\u00e8chement. Il n\u2019en est pas question. Nous n\u2019en sommes pas.  L\u2019union nationale cela veut dire faire taire la critique et la libre expression. Exactement ce que voulait le commando des assassins de \u00ab Charlie Hebdo \u00bb. En appelant \u00e0 taire nos diff\u00e9rences, sans doute sans y avoir song\u00e9, les responsables politiques en question gratifient les assassins de leur premi\u00e8re victoire sur \u00ab la d\u00e9mocratie \u00bb.  L\u2019union nationale, sous pr\u00e9texte que la France est agress\u00e9e, c\u2019est vouloir taire que la France est aussi agresseur. Si les assassins de Charlie Hebdo sont ignominieux et m\u00e9prisables, cela ne saurait nous faire oublier que la politique agressive interventionniste de la France inf\u00e9od\u00e9e aux USA, porte une large part de responsabilit\u00e9 dans la mont\u00e9e en puissance de la menace \u00ab terroriste \u00bb. \u00ab Si la France est attaqu\u00e9e \u2013 a dit Fran\u00e7ois Hollande \u2013 c\u2019est parce que c\u2019est un pays de libert\u00e9. La formule est r\u00e9ductrice et mensong\u00e8re. La France est attaqu\u00e9e aussi parce que c\u2019est un pays imp\u00e9rialiste, dominateur, la main droite des USA, qui veut imposer sa loi au monde. L\u2019intervention Fran\u00e7aise en Libye \u00e9tait une agression odieuse contre une nation libre, le soutien politique et logistique de la France \u00e0 l\u2019offensive djihadiste en Syrie, est une autre agression odieuse et meurtri\u00e8re contre une autre nation libre.   Nous l\u2019avons dit maintes fois, la politique internationale de la France est la premi\u00e8re responsable des malheurs qui l\u2019attende. Nous avons dit \u00e9galement la responsabilit\u00e9 des dirigeants Fran\u00e7ais dans l\u2019engouement d\u2019une certaine jeunesse pour le Jihad en Syrie, pour y abattre le \u00ab tyran \u00bb d\u00e9sign\u00e9 par eux-m\u00eames, les Sarkozy, Hollande et Fabius.  Et alors, quand surviennent les \u00e9ch\u00e9ances historiques, quand les cons\u00e9quences d\u2019une folle politique se font sentir, se devrait-\u00eatre le moment o\u00f9 nous nous tairions ? Ce serait trop facile messieurs, trop injuste. Au pr\u00e9texte que la France est meurtrie nous devrions taire nos critiques d\u2019une politique que nous fustigeons depuis des ann\u00e9es ?  Ce soir les manifestants \u00e9mus, crayons en l\u2019air, disaient aux assassins du jour, \u00ab vous ne nous ferez pas taire \u00bb.   Pourquoi vous, messieurs les politiques, avec d\u2019autres m\u00e9thodes certes, voudriez-vous nous faire taire nous ?  Mercredi 7 janvier 2015.<\/p>\n","protected":false},"excerpt":{"rendered":"<p>UNION NATIONALE ? NON ! Une attaque ignominieuse c\u2019est produite aujourd\u2019hui \u00e0 Paris, une attaque contre l\u2019humour et la libert\u00e9 [&hellip;]<\/p>\n","protected":false},"author":1,"featured_media":0,"comment_status":"open","ping_status":"open","sticky":false,"template":"","format":"standard","meta":{"sfsi_plus_gutenberg_text_before_share":"","sfsi_plus_gutenberg_show_text_before_share":"","sfsi_plus_gutenberg_icon_type":"","sfsi_plus_gutenberg_icon_alignemt":"","sfsi_plus_gutenburg_max_per_row":"","site-sidebar-layout":"default","site-content-layout":"","ast-site-content-layout":"default","site-content-style":"default","site-sidebar-style":"default","ast-global-header-display":"","ast-banner-title-visibility":"","ast-main-header-display":"","ast-hfb-above-header-display":"","ast-hfb-below-header-display":"","ast-hfb-mobile-header-display":"","site-post-title":"","ast-breadcrumbs-content":"","ast-featured-img":"","footer-sml-layout":"","ast-disable-related-posts":"","theme-transparent-header-meta":"","adv-header-id-meta":"","stick-header-meta":"","header-above-stick-meta":"","header-main-stick-meta":"","header-below-stick-meta":"","astra-migrate-meta-layouts":"default","ast-page-background-enabled":"default","ast-page-background-meta":{"desktop":{"background-color":"var(--ast-global-color-4)","background-image":"","background-repeat":"repeat","background-position":"center center","background-size":"auto","background-attachment":"scroll","background-type":"","background-media":"","overlay-type":"","overlay-color":"","overlay-opacity":"","overlay-gradient":""},"tablet":{"background-color":"","background-image":"","background-repeat":"repeat","background-position":"center center","background-size":"auto","background-attachment":"scroll","background-type":"","background-media":"","overlay-type":"","overlay-color":"","overlay-opacity":"","overlay-gradient":""},"mobile":{"background-color":"","background-image":"","background-repeat":"repeat","background-position":"center center","background-size":"auto","background-attachment":"scroll","background-type":"","background-media":"","overlay-type":"","overlay-color":"","overlay-opacity":"","overlay-gradient":""}},"ast-content-background-meta":{"desktop":{"background-color":"var(--ast-global-color-5)","background-image":"","background-repeat":"repeat","background-position":"center center","background-size":"auto","background-attachment":"scroll","background-type":"","background-media":"","overlay-type":"","overlay-color":"","overlay-opacity":"","overlay-gradient":""},"tablet":{"background-color":"var(--ast-global-color-5)","background-image":"","background-repeat":"repeat","background-position":"center center","background-size":"auto","background-attachment":"scroll","background-type":"","background-media":"","overlay-type":"","overlay-color":"","overlay-opacity":"","overlay-gradient":""},"mobile":{"background-color":"var(--ast-global-color-5)","background-image":"","background-repeat":"repeat","background-position":"center center","background-size":"auto","background-attachment":"scroll","background-type":"","background-media":"","overlay-type":"","overlay-color":"","overlay-opacity":"","overlay-gradient":""}},"footnotes":""},"categories":[16],"tags":[],"class_list":["post-1179","post","type-post","status-publish","format-standard","hentry","category-archives-cms"],"_links":{"self":[{"href":"https:\/\/lavoiedessansvoix.fr\/lavoie\/wp-json\/wp\/v2\/posts\/1179","targetHints":{"allow":["GET"]}}],"collection":[{"href":"https:\/\/lavoiedessansvoix.fr\/lavoie\/wp-json\/wp\/v2\/posts"}],"about":[{"href":"https:\/\/lavoiedessansvoix.fr\/lavoie\/wp-json\/wp\/v2\/types\/post"}],"author":[{"embeddable":true,"href":"https:\/\/lavoiedessansvoix.fr\/lavoie\/wp-json\/wp\/v2\/users\/1"}],"replies":[{"embeddable":true,"href":"https:\/\/lavoiedessansvoix.fr\/lavoie\/wp-json\/wp\/v2\/comments?post=1179"}],"version-history":[{"count":0,"href":"https:\/\/lavoiedessansvoix.fr\/lavoie\/wp-json\/wp\/v2\/posts\/1179\/revisions"}],"wp:attachment":[{"href":"https:\/\/lavoiedessansvoix.fr\/lavoie\/wp-json\/wp\/v2\/media?parent=1179"}],"wp:term":[{"taxonomy":"category","embeddable":true,"href":"https:\/\/lavoiedessansvoix.fr\/lavoie\/wp-json\/wp\/v2\/categories?post=1179"},{"taxonomy":"post_tag","embeddable":true,"href":"https:\/\/lavoiedessansvoix.fr\/lavoie\/wp-json\/wp\/v2\/tags?post=1179"}],"curies":[{"name":"wp","href":"https:\/\/api.w.org\/{rel}","templated":true}]}}