{"id":1178,"date":"2015-01-08T17:05:00","date_gmt":"2015-01-08T16:05:00","guid":{"rendered":"https:\/\/lavoiedessansvoix.fr\/lavoie\/2015\/01\/08\/archive-la-liberte-d-expression-ne-se-partage-pas\/"},"modified":"2015-01-08T17:05:00","modified_gmt":"2015-01-08T16:05:00","slug":"archive-la-liberte-d-expression-ne-se-partage-pas","status":"publish","type":"post","link":"https:\/\/lavoiedessansvoix.fr\/lavoie\/2015\/01\/08\/archive-la-liberte-d-expression-ne-se-partage-pas\/","title":{"rendered":"LA LIBERTE D\u2019EXPRESSION NE SE PARTAGE PAS"},"content":{"rendered":"<p>LA LIBERT\u00c9 D\u2019EXPRESSION NE SE PARTAGE PAS  \u00ab Une attaque ignominieuse c\u2019est produite \u2026 \u00e0 Paris \u2013 \u00e9crivions-nous hier \u2013 une attaque contre l\u2019Humour et la libert\u00e9 d\u2019expression. \u00bb Eh oui, on a le droit de plaisanter de tout, du proph\u00e8te des musulmans comme du reste. C\u2019est cela m\u00eame que l\u2019on appelle la libert\u00e9 d\u2019expression \u00e0 laquelle nous sommes attach\u00e9s au moins autant que tout autre. Au moins autant ? Ou plus peut \u00eatre ? Dans le nombre consid\u00e9rable, dont nous sommes, de ceux qui fustigent l\u2019obscurantisme et les assassins de \u00ab Charlie Hebdo \u00bb, il y a pourtant, oh paradoxe, tous ceux qui, il y a peu encore, voulaient faire taire Dieudonn\u00e9.  Dieudonn\u00e9 diront-ils probablement ce n\u2019est pas de l\u2019Humour, c\u2019est de la provocation! Foutu argument ! C\u2019est exactement ce que pensent certains musulmans des \u00ab Unes \u00bb r\u00e9p\u00e9titives de \u00ab Charlie Hebdo \u00bb. Et pour \u00eatre tout \u00e0 fait \u00e9quilibr\u00e9 il convient de l\u2019admettre. A l\u2019endroit de l\u2019Islam, l\u2019\u00e9quipe de Charlie-Hebdo faisait plus que de l\u2019humour, de la provocation aussi. Ce n\u2019est pas une critique \u00e0 leur endroit, c\u2019est un constat. D\u2019ailleurs, humour et provocation sont cousins germains. C\u2019est pourquoi on a le droit de faire de l\u2019humour et de la provocation aussi, que l\u2019on s\u2019appelle Charb ou Dieudonn\u00e9. Et si l&rsquo;on est en droit de partager ou pas (nous ne partagions pas l&rsquo;acharnement de \u00ab\u00a0Charlie-Hebdo\u00a0\u00bb)  nul n\u2019est habilit\u00e9 \u00e0 vouloir faire taire ou exterminer qui que ce soit au pr\u00e9texte qu\u2019il se croit ou sent offens\u00e9.  A pr\u00e9sent que les pourfendeurs de Dieudonn\u00e9 sont devenus les plus ardents d\u00e9fenseurs de la libert\u00e9 d\u2019expressions, de l\u2019humour d\u00e9brid\u00e9 et \u00ab du droit d\u2019en rire \u00bb, peut \u00eatre auront-ils l\u2019honn\u00eatet\u00e9 de faire leur \u00ab mea-culpa \u00bb et de faire annuler certains arr\u00eates et jurisprudences liberticides dont ils furent les initiateurs.  Jeudi 8 janvier 2015<\/p>\n","protected":false},"excerpt":{"rendered":"<p>LA LIBERT\u00c9 D\u2019EXPRESSION NE SE PARTAGE PAS \u00ab Une attaque ignominieuse c\u2019est produite \u2026 \u00e0 Paris \u2013 \u00e9crivions-nous hier \u2013 [&hellip;]<\/p>\n","protected":false},"author":1,"featured_media":0,"comment_status":"open","ping_status":"open","sticky":false,"template":"","format":"standard","meta":{"sfsi_plus_gutenberg_text_before_share":"","sfsi_plus_gutenberg_show_text_before_share":"","sfsi_plus_gutenberg_icon_type":"","sfsi_plus_gutenberg_icon_alignemt":"","sfsi_plus_gutenburg_max_per_row":"","site-sidebar-layout":"default","site-content-layout":"","ast-site-content-layout":"default","site-content-style":"default","site-sidebar-style":"default","ast-global-header-display":"","ast-banner-title-visibility":"","ast-main-header-display":"","ast-hfb-above-header-display":"","ast-hfb-below-header-display":"","ast-hfb-mobile-header-display":"","site-post-title":"","ast-breadcrumbs-content":"","ast-featured-img":"","footer-sml-layout":"","ast-disable-related-posts":"","theme-transparent-header-meta":"","adv-header-id-meta":"","stick-header-meta":"","header-above-stick-meta":"","header-main-stick-meta":"","header-below-stick-meta":"","astra-migrate-meta-layouts":"default","ast-page-background-enabled":"default","ast-page-background-meta":{"desktop":{"background-color":"var(--ast-global-color-4)","background-image":"","background-repeat":"repeat","background-position":"center center","background-size":"auto","background-attachment":"scroll","background-type":"","background-media":"","overlay-type":"","overlay-color":"","overlay-opacity":"","overlay-gradient":""},"tablet":{"background-color":"","background-image":"","background-repeat":"repeat","background-position":"center center","background-size":"auto","background-attachment":"scroll","background-type":"","background-media":"","overlay-type":"","overlay-color":"","overlay-opacity":"","overlay-gradient":""},"mobile":{"background-color":"","background-image":"","background-repeat":"repeat","background-position":"center center","background-size":"auto","background-attachment":"scroll","background-type":"","background-media":"","overlay-type":"","overlay-color":"","overlay-opacity":"","overlay-gradient":""}},"ast-content-background-meta":{"desktop":{"background-color":"var(--ast-global-color-5)","background-image":"","background-repeat":"repeat","background-position":"center center","background-size":"auto","background-attachment":"scroll","background-type":"","background-media":"","overlay-type":"","overlay-color":"","overlay-opacity":"","overlay-gradient":""},"tablet":{"background-color":"var(--ast-global-color-5)","background-image":"","background-repeat":"repeat","background-position":"center center","background-size":"auto","background-attachment":"scroll","background-type":"","background-media":"","overlay-type":"","overlay-color":"","overlay-opacity":"","overlay-gradient":""},"mobile":{"background-color":"var(--ast-global-color-5)","background-image":"","background-repeat":"repeat","background-position":"center center","background-size":"auto","background-attachment":"scroll","background-type":"","background-media":"","overlay-type":"","overlay-color":"","overlay-opacity":"","overlay-gradient":""}},"footnotes":""},"categories":[16],"tags":[],"class_list":["post-1178","post","type-post","status-publish","format-standard","hentry","category-archives-cms"],"_links":{"self":[{"href":"https:\/\/lavoiedessansvoix.fr\/lavoie\/wp-json\/wp\/v2\/posts\/1178","targetHints":{"allow":["GET"]}}],"collection":[{"href":"https:\/\/lavoiedessansvoix.fr\/lavoie\/wp-json\/wp\/v2\/posts"}],"about":[{"href":"https:\/\/lavoiedessansvoix.fr\/lavoie\/wp-json\/wp\/v2\/types\/post"}],"author":[{"embeddable":true,"href":"https:\/\/lavoiedessansvoix.fr\/lavoie\/wp-json\/wp\/v2\/users\/1"}],"replies":[{"embeddable":true,"href":"https:\/\/lavoiedessansvoix.fr\/lavoie\/wp-json\/wp\/v2\/comments?post=1178"}],"version-history":[{"count":0,"href":"https:\/\/lavoiedessansvoix.fr\/lavoie\/wp-json\/wp\/v2\/posts\/1178\/revisions"}],"wp:attachment":[{"href":"https:\/\/lavoiedessansvoix.fr\/lavoie\/wp-json\/wp\/v2\/media?parent=1178"}],"wp:term":[{"taxonomy":"category","embeddable":true,"href":"https:\/\/lavoiedessansvoix.fr\/lavoie\/wp-json\/wp\/v2\/categories?post=1178"},{"taxonomy":"post_tag","embeddable":true,"href":"https:\/\/lavoiedessansvoix.fr\/lavoie\/wp-json\/wp\/v2\/tags?post=1178"}],"curies":[{"name":"wp","href":"https:\/\/api.w.org\/{rel}","templated":true}]}}