{"id":1177,"date":"2015-01-09T17:22:00","date_gmt":"2015-01-09T16:22:00","guid":{"rendered":"https:\/\/lavoiedessansvoix.fr\/lavoie\/2015\/01\/09\/archive-effroi-a-mon-ami-jean-pierre\/"},"modified":"2015-01-09T17:22:00","modified_gmt":"2015-01-09T16:22:00","slug":"archive-effroi-a-mon-ami-jean-pierre","status":"publish","type":"post","link":"https:\/\/lavoiedessansvoix.fr\/lavoie\/2015\/01\/09\/archive-effroi-a-mon-ami-jean-pierre\/","title":{"rendered":"EFFROI  A mon ami Jean-Pierre"},"content":{"rendered":"<p>EFFROIA mon ami Jean-Pierre  J\u2019ai lu sur \u00ab Facebook, hier, le partage \u00bb de mon ami Jean-Pierre, qui est un \u00ab non partage \u00bb puisqu\u2019il y exprime son d\u00e9saccord tout net avec mon article \u00ab Union Nationale : Non ! \u00bb publi\u00e9 le 7 janvier 2015. IL y dit : \u00ab je ne suis pas d&rsquo;accord ! \u00bb   C\u2019est le droit le plus strict de Jean-Pierre qui a partag\u00e9 positivement bien d\u2019autres de mes articles pr\u00e9c\u00e9dents, de n\u2019\u00eatre pas toujours au diapason avec moi. Je ne l\u2019en bl\u00e2me pas et je ne m\u2019en formalise pas non plus.  Je ne m\u2019en formalise pas. Cela ne veut pas dire que je n\u2019en suis pas affect\u00e9.  Exprimant cette position j\u2019\u00e9tais conscient, ce n\u2019est pas la premi\u00e8re, de naviguer une fois encore \u00e0 contre-courant. La r\u00e9action de Jean-Pierre m\u2019a renvoy\u00e9 \u00e0 ces temps de solitude glac\u00e9e que j\u2019ai d\u00e9j\u00e0 \u00e9prouv\u00e9 3 ou 4 fois dans le cours de mon existence militante.  La premi\u00e8re et la plus longue fut celle de 81 qui dura 5 ans au moins. Au soir de l\u2019\u00e9lection de Fran\u00e7ois Mitterrand j\u2019\u00e9tais sur les trottoirs \u00e0 regarder la foule enthousiaste qui descendait Magenta vers la R\u00e9publique, faisant le V de la victoire et scandant \u00ab on a gagn\u00e9 ! \u00bb Et moi me r\u00e9p\u00e9tait dans mon for int\u00e9rieur \u00ab IL a gagn\u00e9 \u00bb. L\u2019engouement qui mua bient\u00f4t en perplexit\u00e9 dura longtemps. Et tout ce temps je fus dans le repli et l\u2019isolement. En 86 \u00ab la Gauche \u00bb connu un revers \u00e9lectoral douloureux et mon isolement commen\u00e7a \u00e0 se desserrer un peu.  Je connu la deuxi\u00e8me en 1991. D\u00e8s le d\u00e9but j\u2019analysai l\u2019intervention de \u00ab la coalition internationale \u00bb dont faisait partie la France, comme une guerre imp\u00e9rialiste pour le P\u00e9trole, l\u2019invasion du Kowe\u00eft, ancienne province irakienne, par les arm\u00e9es de Saddam Hussein, n\u2019\u00e9tant qu\u2019un pr\u00e9texte, d\u2019ailleurs en parti provoqu\u00e9 par les puissances occidentales et le Kowe\u00eft, en acculant l\u2019Irak endett\u00e9, avec le \u00ab Dumping p\u00e9trolier \u00bb. Or, mes amis de l\u2019extr\u00eame Gauche, la LCR elle-m\u00eame, flottaient. Il leur fallut un certain temps pour exprimer une position clairement anti imp\u00e9rialiste. Elle dura deux ou trois semaines seulement.  La Troisi\u00e8me, en 2001, fut cons\u00e9cutive aux attentats de New-York. Quand les opinions partout dans le monde en \u00e9taient encore \u00e0 s\u2019\u00e9pancher, moi je voyais surtout l\u2019apr\u00e8s et les terribles perspectives qui se profilaient.  La quatri\u00e8me en 2002 quand la totalit\u00e9 de \u00ab la Gauche \u00bb extr\u00eame gauche compris, appela \u00e0 voter Jacques Chirac pour faire barrage \u00e0 Jean-Marie Le Pen. Je fus un des rares qui refusait de suivre le mouvement. La suite prouva que cette compromission honteuse avait \u00e9t\u00e9 totalement inutile, sans elle jacques Chirac l\u2019aurait largement emport\u00e9 quand m\u00eame.  De tels moments vous \u00e9branlent et vous contraignent \u00e0 de profondes interrogations sur le contexte bien s\u00fbr et sur vous-m\u00eame aussi. Et si vous aviez tort, si vous vous trompiez ? Vous balancez entre angoisses et certitudes. Vous vous sentez seul et malade. Vous faites front avec humilit\u00e9. J\u2019aurais probablement chang\u00e9 d\u2019avis si mes examens successifs m\u2019avaient convaincus que j\u2019\u00e9tais dans l\u2019erreur. Ce ne fut pas le cas.   Je ne songeai donc jamais \u00e0 capituler.  Me revoil\u00e0 en ce d\u00e9but d\u2019ann\u00e9e 2015, dans une pareille posture. Bouscul\u00e9e par l\u2019\u00e9v\u00e8nement tragique qui la percute dans sa proximit\u00e9, l\u2019opinion Fran\u00e7aise se mobilise dans l\u2019\u00e9motion. Pour ma part je suis tout aussi \u00e9motif et concern\u00e9 que la plupart des Fran\u00e7ais, mais je vois aussi ce qui se trame par en dessous et ce qui se profile pour l\u2019avenir. Et c\u2019est cette vision qui me glace d\u2019effroi.  La d\u00e9claration de Jean-Pierre attise mes craintes. A mon article du 27 septembre 2014 intitul\u00e9 \u00ab le coup tordu de l\u2019op\u00e9ration am\u00e9ricaine contre la Syrie a commenc\u00e9 \u00bb il r\u00e9agissait le 28 : \u00ab Merci Patrick !Je souscris totalement \u00e0 l&rsquo;article. La Syrie en tant qu\u2019\u00c9tat nation et souverain doit dispara\u00eetre, au profit de repr\u00e9sentants fantoches voulu par les forces du fric \u00bb. Par quoi il affirmait son opposition \u00e0 la politique interventionniste des puissances occidentales. Or que dit-il dans son \u00ab partage d\u2019hier \u00bb en opposition \u00e0 mon article ? \u00ab Oui l&rsquo;union nationale doit \u00eatre totale et elle ne remet pas en cause la libert\u00e9 d&rsquo;expression. Quant \u00e0 la politique interventionniste de la France, elle est n\u00e9cessaire.\u00bb. Jean-Pierre a donc chang\u00e9 d\u2019avis. Je ne l\u2019en bl\u00e2me pas, mais je m\u2019en alarme.  Sous le coup d\u2019\u00e9v\u00e8nements majeurs, comme l\u2019attentat contre \u00ab Charlie Hebdo \u00bb que la France vient de vivre, il arrive que les opinions connaissent d\u2019importants et brusques mouvements pas toujours rationnels, car pilot\u00e9s par l\u2019\u00e9motion, qui, comme chacun sait n\u2019est qu\u2019un pi\u00e8tre conseiller. Et c\u2019est cela que je redoute. Qu\u2019exploitant l\u2019\u00e9motion et l\u2019angoisse de l\u2019opinion publique nos gouvernants, sous couvert \u00ab d\u2019Union Nationale \u00bb, emm\u00e8nent la France et les Fran\u00e7ais o\u00f9 ils ne voulaient pas aller il y a quelques jours encore ; les am\u00e8ne \u00e0 partager majoritairement la politique internationale agressive du gouvernement de la France et son inf\u00e9odation \u00e0 la politique \u00e9trang\u00e8re am\u00e9ricaine ; voire m\u00eame dans une intervention en Syrie par exemple. A cet \u00e9gard la r\u00e9action de mon ami Jean-Pierre, qui affirme que l\u2019Union Nationale ne remet pas en cause la libert\u00e9 d\u2019opinion, dans le temps o\u00f9 il s\u2019aligne sur la politique du gouvernement,  m\u2019apparait tout \u00e0 fait symptomatique, et me confirme dans mon opposition \u00e0 l\u2019Union Nationale.  Vendredi 0 janvier 2015.<\/p>\n","protected":false},"excerpt":{"rendered":"<p>EFFROIA mon ami Jean-Pierre J\u2019ai lu sur \u00ab Facebook, hier, le partage \u00bb de mon ami Jean-Pierre, qui est un [&hellip;]<\/p>\n","protected":false},"author":1,"featured_media":0,"comment_status":"open","ping_status":"open","sticky":false,"template":"","format":"standard","meta":{"sfsi_plus_gutenberg_text_before_share":"","sfsi_plus_gutenberg_show_text_before_share":"","sfsi_plus_gutenberg_icon_type":"","sfsi_plus_gutenberg_icon_alignemt":"","sfsi_plus_gutenburg_max_per_row":"","site-sidebar-layout":"default","site-content-layout":"","ast-site-content-layout":"default","site-content-style":"default","site-sidebar-style":"default","ast-global-header-display":"","ast-banner-title-visibility":"","ast-main-header-display":"","ast-hfb-above-header-display":"","ast-hfb-below-header-display":"","ast-hfb-mobile-header-display":"","site-post-title":"","ast-breadcrumbs-content":"","ast-featured-img":"","footer-sml-layout":"","ast-disable-related-posts":"","theme-transparent-header-meta":"","adv-header-id-meta":"","stick-header-meta":"","header-above-stick-meta":"","header-main-stick-meta":"","header-below-stick-meta":"","astra-migrate-meta-layouts":"default","ast-page-background-enabled":"default","ast-page-background-meta":{"desktop":{"background-color":"var(--ast-global-color-4)","background-image":"","background-repeat":"repeat","background-position":"center center","background-size":"auto","background-attachment":"scroll","background-type":"","background-media":"","overlay-type":"","overlay-color":"","overlay-opacity":"","overlay-gradient":""},"tablet":{"background-color":"","background-image":"","background-repeat":"repeat","background-position":"center center","background-size":"auto","background-attachment":"scroll","background-type":"","background-media":"","overlay-type":"","overlay-color":"","overlay-opacity":"","overlay-gradient":""},"mobile":{"background-color":"","background-image":"","background-repeat":"repeat","background-position":"center center","background-size":"auto","background-attachment":"scroll","background-type":"","background-media":"","overlay-type":"","overlay-color":"","overlay-opacity":"","overlay-gradient":""}},"ast-content-background-meta":{"desktop":{"background-color":"var(--ast-global-color-5)","background-image":"","background-repeat":"repeat","background-position":"center center","background-size":"auto","background-attachment":"scroll","background-type":"","background-media":"","overlay-type":"","overlay-color":"","overlay-opacity":"","overlay-gradient":""},"tablet":{"background-color":"var(--ast-global-color-5)","background-image":"","background-repeat":"repeat","background-position":"center center","background-size":"auto","background-attachment":"scroll","background-type":"","background-media":"","overlay-type":"","overlay-color":"","overlay-opacity":"","overlay-gradient":""},"mobile":{"background-color":"var(--ast-global-color-5)","background-image":"","background-repeat":"repeat","background-position":"center center","background-size":"auto","background-attachment":"scroll","background-type":"","background-media":"","overlay-type":"","overlay-color":"","overlay-opacity":"","overlay-gradient":""}},"footnotes":""},"categories":[16],"tags":[],"class_list":["post-1177","post","type-post","status-publish","format-standard","hentry","category-archives-cms"],"_links":{"self":[{"href":"https:\/\/lavoiedessansvoix.fr\/lavoie\/wp-json\/wp\/v2\/posts\/1177","targetHints":{"allow":["GET"]}}],"collection":[{"href":"https:\/\/lavoiedessansvoix.fr\/lavoie\/wp-json\/wp\/v2\/posts"}],"about":[{"href":"https:\/\/lavoiedessansvoix.fr\/lavoie\/wp-json\/wp\/v2\/types\/post"}],"author":[{"embeddable":true,"href":"https:\/\/lavoiedessansvoix.fr\/lavoie\/wp-json\/wp\/v2\/users\/1"}],"replies":[{"embeddable":true,"href":"https:\/\/lavoiedessansvoix.fr\/lavoie\/wp-json\/wp\/v2\/comments?post=1177"}],"version-history":[{"count":0,"href":"https:\/\/lavoiedessansvoix.fr\/lavoie\/wp-json\/wp\/v2\/posts\/1177\/revisions"}],"wp:attachment":[{"href":"https:\/\/lavoiedessansvoix.fr\/lavoie\/wp-json\/wp\/v2\/media?parent=1177"}],"wp:term":[{"taxonomy":"category","embeddable":true,"href":"https:\/\/lavoiedessansvoix.fr\/lavoie\/wp-json\/wp\/v2\/categories?post=1177"},{"taxonomy":"post_tag","embeddable":true,"href":"https:\/\/lavoiedessansvoix.fr\/lavoie\/wp-json\/wp\/v2\/tags?post=1177"}],"curies":[{"name":"wp","href":"https:\/\/api.w.org\/{rel}","templated":true}]}}